{"id":696075,"date":"2026-01-05T22:28:24","date_gmt":"2026-01-05T22:28:24","guid":{"rendered":"https:\/\/www.europesays.com\/de\/696075\/"},"modified":"2026-01-05T22:28:24","modified_gmt":"2026-01-05T22:28:24","slug":"schleswig-holstein-aktuell-nachrichten-im-ueberblick-150","status":"publish","type":"post","link":"https:\/\/www.europesays.com\/de\/696075\/","title":{"rendered":"Schleswig-Holstein aktuell: Nachrichten im \u00dcberblick"},"content":{"rendered":"<p>        <img decoding=\"async\" src=\"https:\/\/www.europesays.com\/de\/wp-content\/uploads\/2025\/12\/1766402659_615_nachrichtenkompakt126.webp\" alt=\"Grafik: Eine Sprechblase, in der die Kontur des Landes Schleswig-Holstein abgebildet ist.\" title=\"Grafik: Eine Sprechblase, in der die Kontur des Landes Schleswig-Holstein abgebildet ist. | NDR\" class=\"responsive\"\/><\/p>\n<p>AUDIO: Nachrichten 17:00 Uhr &#8211; 05.01.2026 (6 Min)<\/p>\n<p>\n                Stand: 05.01.2026 18:03 Uhr<\/p>\n<p class=\"preface\">Nachrichten aus Schleswig-Holstein vom 5. Januar 2026 &#8211; kompakt und aktuell im Newsblog von NDR SH: Lesen Sie hier im \u00dcberblick, was im Land passiert und noch wichtig wird.<\/p>\n<p class=\"\"><strong>Das Wichtigste in K\u00fcrze:<\/strong><\/p>\n<p>\n        17:10 Uhr\n    <\/p>\n<p>    Feuerwerk in Bus gez\u00fcndet: Polizei in L\u00fcbeck ermittelt Jugendliche<\/p>\n<p class=\"\">Vergangene Woche Montag (29.12.) hatten in <a href=\"https:\/\/www.ndr.de\/nachrichten\/schleswig-holstein\/Luebeck-Aktuelle-Nachrichten-und-Videos-,luebeck2802.html\" title=\"L\u00fcbeck - Aktuelle Nachrichten und Videos\" target=\"_blank\" rel=\"noopener\">L\u00fcbeck<\/a> mehrere Jugendliche eine Silvester-Batterie in einem Linienbus gez\u00fcndet. Nun hat die Polizei nach eigenen Angaben zwei der drei Tatverd\u00e4chtigen gefasst. Demnach handelt es sich um L\u00fcbecker im Alter von 14 und 15 Jahren. Gegen sie ermitteln die Beamten wegen des Verdachts der gef\u00e4hrlichen K\u00f6rperverletzung. Nach dem dritten Verd\u00e4chtigen wird noch gesucht.\u00a0Eine 23-J\u00e4hrige war am vergangenen Montag leicht verletzt worden, als das Feuerwerk w\u00e4hrend der Fahrt von der L\u00fcbecker Holstenstra\u00dfe in Richtung Kohlmarkt gez\u00fcndet worden war. | NDR Schleswig-Holstein 05.01.2026 17:00 Uhr<\/p>\n<p>\n        16:12 Uhr\n    <\/p>\n<p>    Probleme im Bahnverkehr: Zugefrorene Weiche<\/p>\n<p class=\"\">Im Bahnverkehr sorgt das Winterwetter f\u00fcr Probleme: Zwischen Elmshorn (<a href=\"https:\/\/www.ndr.de\/nachrichten\/schleswig-holstein\/Kreis-Pinneberg-Aktuelle-Nachrichten-und-Videos,pinneberg280.html\" title=\"Kreis Pinneberg - Aktuelle Nachrichten und Videos\" target=\"_blank\" rel=\"noopener\">Kreis Pinneberg<\/a>) und Wrist (<a href=\"https:\/\/www.ndr.de\/nachrichten\/schleswig-holstein\/Steinburg-Aktuelle-Nachrichten-und-Videos,steinburg118.html\" title=\"Steinburg - Aktuelle Nachrichten und Videos\" target=\"_blank\" rel=\"noopener\">Kreis Steinburg<\/a>) beziehungsweise Itzehoe ist nach Angaben der Nordbahn Montagvormittag eine Weiche zugefroren.\u00a0Wenig sp\u00e4ter sorgte ein Defekt an einem Zug f\u00fcr einen Oberleitungsschaden. Ob das auch im Zusammenhang mit den Temperaturen steht, ist allerdings unklar. Wie lange die Reparatur dauert, ist offen. Im Moment ist der Bahnhof in Elmshorn gesperrt, als Ersatz fahren daf\u00fcr Busse.\u00a0| NDR Schleswig-Holstein 05.01.2026 16:00 Uhr<\/p>\n<p>        <img decoding=\"async\" src=\"https:\/\/www.europesays.com\/de\/wp-content\/uploads\/2025\/12\/1765986498_674_podcastlogo104.webp\" alt=\"Ein Mikrofon vor zwei Menschen.\" title=\"Ein Mikrofon vor zwei Menschen. | NDR, Janis R\u00f6hlig\" class=\"responsive\" loading=\"lazy\"\/><\/p>\n<p>Alles, was f\u00fcr Schleswig-Holstein wichtig ist: Im Nachrichten-Podcast von NDR 1 Welle Nord h\u00f6ren Sie das Neueste aus Schleswig-Holstein, Deutschland und der Welt.<\/p>\n<p>        <img decoding=\"async\" src=\"https:\/\/www.europesays.com\/de\/wp-content\/uploads\/2026\/01\/schnee-804.webp.webp\" alt=\"Erwachsene und Kinder rodeln im Schnee.\" title=\"Erwachsene und Kinder rodeln im Schnee. | NDR\" class=\"responsive\" loading=\"lazy\"\/><\/p>\n<p>Im Norden des Landes sind am Montagmorgen mehrere Zentimeter Neuschnee runtergekommen. Das freut Kinder und sorgt Auto-und Bahnfahrer.<\/p>\n<p>\n        16:11 Uhr\n    <\/p>\n<p>    Warnstreik in SH: Eingeschr\u00e4nkter Winterdienst am Dienstag<\/p>\n<p class=\"\">Dienstag (6.1.) wird es einen eingeschr\u00e4nkten Winterdienst in Schleswig-Holstein geben. Der Grund daf\u00fcr ist laut Landesbetrieb Stra\u00dfenbau und Verkehr (LBV.SH) ein Warnstreik. Denn die Gewerkschaften ver.di und VDStra haben in den 22 Stra\u00dfenmeistereien im Land\u00a0zum Streik aufgerufen. Betroffen sind Landes-, Bundes- und Kreisstra\u00dfen. Der LBV.SH \u00e4u\u00dferte volles Verst\u00e4ndnis f\u00fcr die Streikenden. Man werde am Dienstag mit allen zur Verf\u00fcgung stehenden Kr\u00e4ften versuchen, die Stra\u00dfen m\u00f6glichst schnee- und eisfrei zu halten,\u00a0indem man versuche, den Ausfall mit Fremdfirmen auszugleichen. Es sei aber nicht davon auszugehen, dass es einen regul\u00e4rer Winterdienst geben werde.\u00a0| NDR Schleswig-Holstein 05.01.2026 16:00 Uhr<\/p>\n<p>        <img decoding=\"async\" src=\"https:\/\/www.europesays.com\/de\/wp-content\/uploads\/2025\/12\/1765986498_674_podcastlogo104.webp\" alt=\"Ein Mikrofon vor zwei Menschen.\" title=\"Ein Mikrofon vor zwei Menschen. | NDR, Janis R\u00f6hlig\" class=\"responsive\" loading=\"lazy\"\/><\/p>\n<p>Alles, was f\u00fcr Schleswig-Holstein wichtig ist: Im Nachrichten-Podcast von NDR 1 Welle Nord h\u00f6ren Sie das Neueste aus Schleswig-Holstein, Deutschland und der Welt.<\/p>\n<p>        <img decoding=\"async\" src=\"https:\/\/www.europesays.com\/de\/wp-content\/uploads\/2026\/01\/winterdienst-130.webp.webp\" alt=\"Ein R\u00e4umfahrzeug ist auf den Stra\u00dfen von Schleswig-Holstein unterwegs.\" title=\"Ein R\u00e4umfahrzeug ist auf den Stra\u00dfen von Schleswig-Holstein unterwegs. | picture alliance \/ dpa-tmn | Benjamin Nolte\" class=\"responsive\" loading=\"lazy\"\/><\/p>\n<p>Am Dienstag soll es landesweit einen Warnstreik im Winterdienst geben. Der ADAC mahnt zu Vorsicht im Stra\u00dfenverkehr.<\/p>\n<p>\n        16:06 Uhr\n    <\/p>\n<p>    So viel Lotto-Gl\u00fcck hatten die Schleswig-Holsteiner 2025<\/p>\n<p class=\"\">Neun Schleswig-Holsteinerinnen und Schleswig-Holsteiner haben es 2025 geschafft durch das Lotto-Spielen zum Million\u00e4r zu werden. Das sind so viele wie noch nie in einem Jahr. Nach Angaben eines Lotto-Sprechers wurden in den Gesch\u00e4ften und \u00fcbers Internet insgesamt 38 Millionen Lottoscheine und Rubbel-Lose verkauft. Dabei gaben die Schleswig-Holsteiner etwas weniger Geld f\u00fcrs Gl\u00fccksspiel aus als noch im Vorjahr. Der Umsatz, den Lotto Schleswig-Holstein im vergangenen Jahr gemacht hat, ist leicht zur\u00fcckgegangen, von 358 auf 352 Millionen Euro. Trotzdem ziehen die Lotterie-Macher eine positive Bilanz. Die meisten Gl\u00fcckspilze im vergangenen Jahr gab es in den <a href=\"https:\/\/www.ndr.de\/nachrichten\/schleswig-holstein\/Kreis-Schleswig-Flensburg-Aktuelle-Nachrichten-und-Videos,schleswigflensburg118.html\" title=\"Kreis Schleswig-Flensburg - Aktuelle Nachrichten und Videos\" target=\"_blank\" rel=\"noopener\">Kreisen Schleswig-Flensburg<\/a> und <a href=\"https:\/\/www.ndr.de\/nachrichten\/schleswig-holstein\/Kreis-Pinneberg-Aktuelle-Nachrichten-und-Videos,pinneberg280.html\" title=\"Kreis Pinneberg - Aktuelle Nachrichten und Videos\" target=\"_blank\" rel=\"noopener\">Pinneberg<\/a>. Den h\u00f6chsten Betrag schnappte sich ein Eurojackpot-Teilnehmer aus dem <a href=\"https:\/\/www.ndr.de\/nachrichten\/schleswig-holstein\/Herzogtum-Lauenburg-Aktuelle-Nachrichten-und-Videos,herzogtumlauenburg126.html\" title=\"Herzogtum Lauenburg - Aktuelle Nachrichten und Videos\" target=\"_blank\" rel=\"noopener\">Kreis Herzogtum Lauenburg<\/a>. Er durfte sich \u00fcber sechs Millionen Euro freuen.\u00a0| NDR Schleswig-Holstein 05.01.2026 16:00 Uhr<\/p>\n<p>        <img decoding=\"async\" src=\"https:\/\/www.europesays.com\/de\/wp-content\/uploads\/2026\/01\/lotto436.webp.webp\" alt=\"Lottokugeln fliegen vor blauem Hintergrund.\" title=\"Lottokugeln fliegen vor blauem Hintergrund. | Fotolia, ag visuell\" class=\"responsive\" loading=\"lazy\"\/><\/p>\n<p>Neun Spielerinnen und Spieler sind im vergangenen Jahr Lotto-Million\u00e4r geworden. So viele wie noch nie in einem Jahr.<\/p>\n<p>        <img decoding=\"async\" src=\"https:\/\/www.europesays.com\/de\/wp-content\/uploads\/2025\/12\/1765986498_674_podcastlogo104.webp\" alt=\"Ein Mikrofon vor zwei Menschen.\" title=\"Ein Mikrofon vor zwei Menschen. | NDR, Janis R\u00f6hlig\" class=\"responsive\" loading=\"lazy\"\/><\/p>\n<p>Alles, was f\u00fcr Schleswig-Holstein wichtig ist: Im Nachrichten-Podcast von NDR 1 Welle Nord h\u00f6ren Sie das Neueste aus Schleswig-Holstein, Deutschland und der Welt.<\/p>\n<p>\n        14:08 Uhr\n    <\/p>\n<p>    Sternsinger besuchen Landtag in Kiel<\/p>\n<p class=\"\">Rund 70 Sternsinger aus ganz Schleswig-Holstein haben am Montagvormittag den Landtag in <a href=\"https:\/\/www.ndr.de\/nachrichten\/schleswig-holstein\/Kiel-Aktuelle-Nachrichten-News-und-Videos,kiel7262.html\" title=\"Kiel - Aktuelle Nachrichten und Videos\" target=\"_blank\" rel=\"noopener\">Kiel<\/a> besucht. Sie haben den Dreik\u00f6nigssegen ins Landeshaus gebracht und Spenden f\u00fcr Kinder in Not auf der ganzen Welt gesammelt. Unter dem Motto &#8222;Schule statt Fabrik&#8220; machen die Sternsinger in diesem Jahr auf Kinderarbeit aufmerksam. Weltweit m\u00fcssen rund 138 Millionen Kinder illegal arbeiten, viele unter gef\u00e4hrlichen Bedingungen. Landtagspr\u00e4sidentin Kristina Herbst (CDU) und Ministerpr\u00e4sident Daniel G\u00fcnther (CDU) haben die Sternsinger empfangen. Daniel G\u00fcnther sagt zur j\u00e4hrlichen Tradition: &#8222;Das gibt einem Kraft und Zuversicht, gerade wenn man neu ins Jahr startet.&#8220; Im vergangenen Jahr hatten die Sternsinger in ganz Deutschland \u00fcber 48 Millionen Euro gesammelt. | NDR Schleswig-Holstein 05.01.2026 14:00 Uhr<\/p>\n<p>        <img decoding=\"async\" src=\"https:\/\/www.europesays.com\/de\/wp-content\/uploads\/2026\/01\/sternsinger-142.webp.webp\" alt=\"Sternsinger stehen um Schleswig-Holsteins Ministerpr\u00e4sident Daniel G\u00fcnther vor dem Landeshaus in Kiel und singen.\" title=\"Sternsinger stehen um Schleswig-Holsteins Ministerpr\u00e4sident Daniel G\u00fcnther vor dem Landeshaus in Kiel und singen. | NDR \/ Tobias Gellert\" class=\"responsive\" loading=\"lazy\"\/><\/p>\n<p>Rund 70 Kinder aus dem ganzen Land segneten das Landeshaus. Sie setzen sich in diesem Jahr gegen weltweite Kinderarbeit ein.<\/p>\n<p>        <img decoding=\"async\" src=\"https:\/\/www.europesays.com\/de\/wp-content\/uploads\/2025\/12\/1765986498_674_podcastlogo104.webp\" alt=\"Ein Mikrofon vor zwei Menschen.\" title=\"Ein Mikrofon vor zwei Menschen. | NDR, Janis R\u00f6hlig\" class=\"responsive\" loading=\"lazy\"\/><\/p>\n<p>Alles, was f\u00fcr Schleswig-Holstein wichtig ist: Im Nachrichten-Podcast von NDR 1 Welle Nord h\u00f6ren Sie das Neueste aus Schleswig-Holstein, Deutschland und der Welt.<\/p>\n<p>\n        13:54 Uhr\n    <\/p>\n<p>    Winter in Schleswig-Holstein bleibt mit Schnee und Sturm<\/p>\n<p class=\"\">Der Winter ist erstmal nach Schleswig-Holstein gekommen, um zu bleiben. Mit Blick auf den Berufsverkehr Montagmorgen sprechen die Leitstellen insgesamt von einer relativ entspannten Lage, auch wenn es ein paar Unf\u00e4lle gab. Zur Situation in den kommenden Tagen sagt unser NDR-Wetter-Experte Sebastian Wache: &#8222;Am Dienstag sind punktuell Schauer und vielleicht sogar gefrierender Regen m\u00f6glich. Mittwoch wird es fl\u00e4chiger Schnee geben. Am Freitag droht ein Sturmtief mit viel Wind und viel Schnee.&#8220; Dann seien auch Schneeverwehungen m\u00f6glich. | NDR Schleswig-Holstein 05.01.2026 13:00 Uhr<\/p>\n<p>        <img decoding=\"async\" src=\"https:\/\/www.europesays.com\/de\/wp-content\/uploads\/2025\/12\/1765986498_674_podcastlogo104.webp\" alt=\"Ein Mikrofon vor zwei Menschen.\" title=\"Ein Mikrofon vor zwei Menschen. | NDR, Janis R\u00f6hlig\" class=\"responsive\" loading=\"lazy\"\/><\/p>\n<p>Alles, was f\u00fcr Schleswig-Holstein wichtig ist: Im Nachrichten-Podcast von NDR 1 Welle Nord h\u00f6ren Sie das Neueste aus Schleswig-Holstein, Deutschland und der Welt.<\/p>\n<p>        <img decoding=\"async\" src=\"https:\/\/www.europesays.com\/de\/wp-content\/uploads\/2026\/01\/schnee-804.webp.webp\" alt=\"Erwachsene und Kinder rodeln im Schnee.\" title=\"Erwachsene und Kinder rodeln im Schnee. | NDR\" class=\"responsive\" loading=\"lazy\"\/><\/p>\n<p>Im Norden des Landes sind am Montagmorgen mehrere Zentimeter Neuschnee runtergekommen. Das freut Kinder und sorgt Auto-und Bahnfahrer.<\/p>\n<p>\n        12:23 Uhr\n    <\/p>\n<p>    Rellingen: Mehrere zehntausend Euro Schaden nach Verw\u00fcstung in Schule<\/p>\n<p class=\"\">In Rellingen im <a href=\"https:\/\/www.ndr.de\/nachrichten\/schleswig-holstein\/Kreis-Pinneberg-Aktuelle-Nachrichten-und-Videos,pinneberg280.html\" title=\"Kreis Pinneberg - Aktuelle Nachrichten und Videos\" target=\"_blank\" rel=\"noopener\">Kreis Pinneberg<\/a> ermitteln Polizei und <a href=\"https:\/\/www.ndr.de\/nachrichten\/schleswig-holstein\/pinneberg_segeberg_stormarn\/rellingen-acht-jugendliche-verwuesten-caspar-voght-schule,regionnorderstedtnews-1576.html\" title=\"Rellingen: Acht Jugendliche verw\u00fcsten Caspar-Voght-Schule\" target=\"_blank\" rel=\"noopener\">Staatsanwaltschaft gegen acht Jugendliche im Alter von 16 und 17 Jahren<\/a>. Nach Angaben der Beamten sollen sie kurz vor dem Jahreswechsel w\u00e4hrend der Ferien mehrfach in die Casper-Voght-Schule eingestiegen sein. Dort sollen sie Alkohol, Cannabis und Lebensmittel konsumiert, das Inventar verw\u00fcstet sowie Bargeld und Elektroger\u00e4te mitgenommen haben. Der Schaden liegt laut Polizei sch\u00e4tzungsweise bei mehreren zehntausend Euro. | NDR Schleswig-Holstein 05.01.2026 12:00 Uhr<\/p>\n<p>        <img decoding=\"async\" src=\"https:\/\/www.europesays.com\/de\/wp-content\/uploads\/2025\/12\/1765986498_674_podcastlogo104.webp\" alt=\"Ein Mikrofon vor zwei Menschen.\" title=\"Ein Mikrofon vor zwei Menschen. | NDR, Janis R\u00f6hlig\" class=\"responsive\" loading=\"lazy\"\/><\/p>\n<p>Alles, was f\u00fcr Schleswig-Holstein wichtig ist: Im Nachrichten-Podcast von NDR 1 Welle Nord h\u00f6ren Sie das Neueste aus Schleswig-Holstein, Deutschland und der Welt.<\/p>\n<p>\n        09:03 Uhr\n    <\/p>\n<p>    Gl\u00e4tte in SH: Autos rutschen in Graben, Bus kippt um<\/p>\n<p class=\"\">Es ist weiter glatt auf den Stra\u00dfen in Schleswig-Holstein. Auf der A7 zwischen Tarp und Schleswig-Schuby (beide <a href=\"https:\/\/www.ndr.de\/nachrichten\/schleswig-holstein\/Kreis-Schleswig-Flensburg-Aktuelle-Nachrichten-und-Videos,schleswigflensburg118.html\" title=\"Kreis Schleswig-Flensburg - Aktuelle Nachrichten und Videos\" target=\"_blank\" rel=\"noopener\">Kreis Schleswig-Flensburg<\/a>)\u00a0rutschte <a href=\"https:\/\/www.ndr.de\/nachrichten\/schleswig-holstein\/pinneberg_segeberg_stormarn\/schnee-in-sh-winterwunderland-und-rutschige-strassen,regionnorderstedtnews-1570.html\" title=\"Schnee und Eis: Winterwunderland und rutschige Stra\u00dfen in SH\" target=\"_blank\" rel=\"noopener\">deswegen in der Nacht ein Auto in die Mittelleitplanke<\/a>, als der Fahrer \u00fcberholen wollte. Im <a href=\"https:\/\/www.ndr.de\/nachrichten\/schleswig-holstein\/Steinburg-Aktuelle-Nachrichten-und-Videos,steinburg118.html\" title=\"Steinburg - Aktuelle Nachrichten und Videos\" target=\"_blank\" rel=\"noopener\">Kreis Steinburg<\/a> rutschte ein Auto zwischen L\u00e4gerdorf und M\u00fcnsterdorf in den Stra\u00dfengraben. Auf der B199 zwischen Dorfstra\u00dfe und Schafflund (Kreis Schleswig-Flensburg) rutsche am Montagmorgen ein Linienbus auf die Seite. | NDR Schleswig-Holstein 05.01.2026 09:00 Uhr<\/p>\n<p>        <img decoding=\"async\" src=\"https:\/\/www.europesays.com\/de\/wp-content\/uploads\/2025\/12\/1765986498_674_podcastlogo104.webp\" alt=\"Ein Mikrofon vor zwei Menschen.\" title=\"Ein Mikrofon vor zwei Menschen. | NDR, Janis R\u00f6hlig\" class=\"responsive\" loading=\"lazy\"\/><\/p>\n<p>Alles, was f\u00fcr Schleswig-Holstein wichtig ist: Im Nachrichten-Podcast von NDR 1 Welle Nord h\u00f6ren Sie das Neueste aus Schleswig-Holstein, Deutschland und der Welt.<\/p>\n<p>        <img decoding=\"async\" src=\"https:\/\/www.europesays.com\/de\/wp-content\/uploads\/2026\/01\/schnee-804.webp.webp\" alt=\"Erwachsene und Kinder rodeln im Schnee.\" title=\"Erwachsene und Kinder rodeln im Schnee. | NDR\" class=\"responsive\" loading=\"lazy\"\/><\/p>\n<p>Im Norden des Landes sind am Montagmorgen mehrere Zentimeter Neuschnee runtergekommen. Das freut Kinder und sorgt Auto-und Bahnfahrer.<\/p>\n<p>\n        09:01 Uhr\n    <\/p>\n<p>    Abitur: Wegen G9 fehlen Azubis, Studenten &#8211; und Klassenzimmer<\/p>\n<p class=\"\">In Schleswig-Holstein wird es zum Schuljahresende im Sommer deutlich weniger Abiturienten geben als sonst. Denn: nach der <a href=\"https:\/\/www.ndr.de\/nachrichten\/schleswig-holstein\/abitur-wegen-g9-fehlen-azubis-studenten-und-klassenzimmer,abiturienten-100.html\" title=\"Abitur: Wegen G9 fehlen Azubis, Studenten - und Klassenzimmer\" target=\"_blank\" rel=\"noopener\">Umstellung von G8 zur\u00fcck auf G9 gibt es in diesem Jahr an mehr als 80 Gymnasien<\/a> keinen regul\u00e4ren Abiturjahrgang. Die Universit\u00e4ten in Kiel und Flensburg gehen davon aus, dass sich das nicht abrupt, aber die kommenden Jahre auf die Bewerberzahlen auswirkt. Fehlen wird der Jahrgang aber bei Ausbildungsbetrieben, sagen die Handwerkskammer <a href=\"https:\/\/www.ndr.de\/nachrichten\/schleswig-holstein\/Luebeck-Aktuelle-Nachrichten-und-Videos-,luebeck2802.html\" title=\"L\u00fcbeck - Aktuelle Nachrichten und Videos\" target=\"_blank\" rel=\"noopener\">L\u00fcbeck<\/a> und die IHK <a href=\"https:\/\/www.ndr.de\/nachrichten\/schleswig-holstein\/Kiel-Aktuelle-Nachrichten-News-und-Videos,kiel7262.html\" title=\"Kiel - Aktuelle Nachrichten und Videos\" target=\"_blank\" rel=\"noopener\">Kiel<\/a>. Denn die Abiturienten machen dort zwischen 18 und 30 Prozent der Azubis aus. Voller wird es dagegen an den Schulen, wo ja ein kompletter Jahrgang bleibt. Die Gewerkschaft Erziehung und Wissenschaft bef\u00fcrchtet deshalb, dass es im kommenden Schuljahr Raumprobleme und zu wenig Lehrkr\u00e4fte geben wird. | NDR Schleswig-Holstein 05.01.2026 09:00 Uhr<\/p>\n<p>        <img decoding=\"async\" src=\"https:\/\/www.europesays.com\/de\/wp-content\/uploads\/2025\/12\/1765986498_674_podcastlogo104.webp\" alt=\"Ein Mikrofon vor zwei Menschen.\" title=\"Ein Mikrofon vor zwei Menschen. | NDR, Janis R\u00f6hlig\" class=\"responsive\" loading=\"lazy\"\/><\/p>\n<p>Alles, was f\u00fcr Schleswig-Holstein wichtig ist: Im Nachrichten-Podcast von NDR 1 Welle Nord h\u00f6ren Sie das Neueste aus Schleswig-Holstein, Deutschland und der Welt.<\/p>\n<p>        <img decoding=\"async\" src=\"https:\/\/www.europesays.com\/de\/wp-content\/uploads\/2026\/01\/pruefung-100.webp.webp\" alt=\"&quot;Heute Abitur&quot; steht auf einer Tafel im Klassenzimmer eines Gymnasiums.\" title=\"&quot;Heute Abitur&quot; steht auf einer Tafel im Klassenzimmer eines Gymnasiums. | picture alliance\/dpa\" class=\"responsive\" loading=\"lazy\"\/><\/p>\n<p>Nach der Umstellung von G8 auf G9 werden in diesem Sommer deutlich weniger Sch\u00fcler ihr Abitur machen. Das hat gro\u00dfe Folgen.<\/p>\n<p>\n        09:00 Uhr\n    <\/p>\n<p>    Neue Regeln f\u00fcr Entsorgung von Elektroger\u00e4ten<\/p>\n<p class=\"\">F\u00fcr die Entsorgung von Elektro-Ger\u00e4ten gelten in Deutschland seit Jahresbeginn neue Regeln. E-Schrott loszuwerden soll damit laut Bundesregierung auch in Schleswig-Holstein einfacher und sicherer werden. Seit Jahresbeginn m\u00fcssen Einzelh\u00e4ndler auch in SH darauf hinweisen, wenn ausgediente Elektroger\u00e4te bei ihnen abgegeben werden k\u00f6nnen &#8211; mit einem Sammelstellenlogo. Das zeigt zwei gr\u00fcne Pfeile, die sich um einen Stecker drehen. Es gilt eine \u00dcbergangsfrist bis zum Sommer. Neu ist auch, dass auf Recyclingh\u00f6fen nicht mehr jeder selbst seinen Elektroschrott in die Sammelbeh\u00e4lter einsortieren darf. Das muss jetzt geschultes Personal \u00fcbernehmen. | NDR Schleswig-Holstein 05.01.2026 09:00 Uhr<\/p>\n<p>        <img decoding=\"async\" src=\"https:\/\/www.europesays.com\/de\/wp-content\/uploads\/2025\/12\/1765986498_674_podcastlogo104.webp\" alt=\"Ein Mikrofon vor zwei Menschen.\" title=\"Ein Mikrofon vor zwei Menschen. | NDR, Janis R\u00f6hlig\" class=\"responsive\" loading=\"lazy\"\/><\/p>\n<p>Alles, was f\u00fcr Schleswig-Holstein wichtig ist: Im Nachrichten-Podcast von NDR 1 Welle Nord h\u00f6ren Sie das Neueste aus Schleswig-Holstein, Deutschland und der Welt.<\/p>\n<p>\n        08:38 Uhr\n    <\/p>\n<p>    Kiel: Vier mutma\u00dfliche Schleuser vor Gericht<\/p>\n<p class=\"\">In <a href=\"https:\/\/www.ndr.de\/nachrichten\/schleswig-holstein\/Kiel-Aktuelle-Nachrichten-News-und-Videos,kiel7262.html\" title=\"Kiel - Aktuelle Nachrichten und Videos\" target=\"_blank\" rel=\"noopener\">Kiel<\/a> stehen vier mutma\u00dfliche Schleuser vor Gericht. Sie sollen laut Kieler Staatsanwaltschaft vor mehr als vier Jahren 20 Menschen illegal nach Deutschland gebracht haben. Im Oktober 2021 sollen sich die M\u00e4nner im polnischen Warschau einen Transporter gemietet haben und die 20 Personen, die alle kein Aufenthaltsrecht f\u00fcr Deutschland hatten, \u00fcber die Grenze geschleust haben. | NDR Schleswig-Holstein 05.01.2026 08:30 Uhr<\/p>\n<p>        <img decoding=\"async\" src=\"https:\/\/www.europesays.com\/de\/wp-content\/uploads\/2025\/12\/1766402659_615_nachrichtenkompakt126.webp\" alt=\"Grafik: Eine Sprechblase, in der die Kontur des Landes Schleswig-Holstein abgebildet ist.\" title=\"Grafik: Eine Sprechblase, in der die Kontur des Landes Schleswig-Holstein abgebildet ist. | NDR\" class=\"responsive\" loading=\"lazy\"\/><\/p>\n<p>Nachrichten f\u00fcr Schleswig-Holstein<\/p>\n<p>\n        08:03 Uhr\n    <\/p>\n<p>    Datenkabel in Ostsee besch\u00e4digt<\/p>\n<p class=\"\">In der Ostsee ist erneut ein Daten-Kabel besch\u00e4digt worden, dieses Mal zwischen Litauen und Lettland. Das best\u00e4tigten Lettische Beh\u00f6rden. Es ist der zweite Vorfall innerhalb weniger Tage.| NDR Schleswig-Holstein 05.01.2026 08:00 Uhr<\/p>\n<p>        <img decoding=\"async\" src=\"https:\/\/www.europesays.com\/de\/wp-content\/uploads\/2025\/12\/1765986498_674_podcastlogo104.webp\" alt=\"Ein Mikrofon vor zwei Menschen.\" title=\"Ein Mikrofon vor zwei Menschen. | NDR, Janis R\u00f6hlig\" class=\"responsive\" loading=\"lazy\"\/><\/p>\n<p>Alles, was f\u00fcr Schleswig-Holstein wichtig ist: Im Nachrichten-Podcast von NDR 1 Welle Nord h\u00f6ren Sie das Neueste aus Schleswig-Holstein, Deutschland und der Welt.<\/p>\n<p>\n        08:01 Uhr\n    <\/p>\n<p>    Bauarbeiten: Viele Zugausf\u00e4lle in SH<\/p>\n<p class=\"\">Die Deutsche Bahn will in diesem J<a href=\"https:\/\/www.ndr.de\/nachrichten\/schleswig-holstein\/zugausfaelle-zum-jahresstart-diese-bahnen-fallen-in-sh-aus,bahn3528.html\" title=\"Zugausf\u00e4lle zum Jahresstart: Diese Bahnen fallen in SH aus\" target=\"_blank\" rel=\"noopener\">ahr viele Gleise, Weichen und Signalanlagen erneuern<\/a>. Bahnpendlerinnen und -pendler m\u00fcssen sich deshalb auf Zugausf\u00e4lle und Schienenersatzverkehr &#8211; also Busfahren einstellen. Umfangreiche Ausf\u00e4lle gibt es laut Bahn beispielsweise ab heute auf der Strecke von Hamburg \u00fcber Elmshorn (<a href=\"https:\/\/www.ndr.de\/nachrichten\/schleswig-holstein\/Kreis-Pinneberg-Aktuelle-Nachrichten-und-Videos,pinneberg280.html\" title=\"Kreis Pinneberg - Aktuelle Nachrichten und Videos\" target=\"_blank\" rel=\"noopener\">Kreis Pinneberg<\/a>) nach Wrist\/Itzehoe (<a href=\"https:\/\/www.ndr.de\/nachrichten\/schleswig-holstein\/Steinburg-Aktuelle-Nachrichten-und-Videos,steinburg118.html\" title=\"Steinburg - Aktuelle Nachrichten und Videos\" target=\"_blank\" rel=\"noopener\">Kreis Steinburg<\/a>), beziehungsweise nach <a href=\"https:\/\/www.ndr.de\/nachrichten\/schleswig-holstein\/Neumuenster-Aktuelle-Nachrichten-und-Videos,neumuenster770.html\" title=\"Neum\u00fcnster - Aktuelle Nachrichten und Videos\" target=\"_blank\" rel=\"noopener\">Neum\u00fcnster<\/a> und Kiel. \u00c4hnlich sieht es auch zwischen Hamburg und Bad Oldesloe (<a href=\"https:\/\/www.ndr.de\/nachrichten\/schleswig-holstein\/Stormarn-Aktuelle-Nachrichten-und-Videos,stormarn148.html\" title=\"Stormarn - Aktuelle Nachrichten und Videos\" target=\"_blank\" rel=\"noopener\">Kreis Stormarn<\/a>) beziehungsweise L\u00fcbeck aus. Und den gesamten Monat fallen auf der Marschbahnstrecke nach <a href=\"https:\/\/www.ndr.de\/nachrichten\/schleswig-holstein\/Sylt-Aktuelle-News-und-Videos-von-der-Insel,sylt1522.html\" title=\"Sylt - Nachrichten und Videos von der Nordsee-Insel\" target=\"_blank\" rel=\"noopener\">Sylt<\/a> (<a href=\"https:\/\/www.ndr.de\/nachrichten\/schleswig-holstein\/Nordfriesland-Aktuelle-Nachrichten-und-Videos,nordfriesland174.html\" title=\"Nordfriesland - Aktuelle Nachrichten und Videos\" target=\"_blank\" rel=\"noopener\">Kreis Nordfriesland<\/a>) immer wieder Regionalz\u00fcge abschnittsweise aus. | NDR Schleswig-Holstein 05.01.2026 08:00 Uhr<\/p>\n<p>        <img decoding=\"async\" src=\"https:\/\/www.europesays.com\/de\/wp-content\/uploads\/2025\/12\/1765986498_674_podcastlogo104.webp\" alt=\"Ein Mikrofon vor zwei Menschen.\" title=\"Ein Mikrofon vor zwei Menschen. | NDR, Janis R\u00f6hlig\" class=\"responsive\" loading=\"lazy\"\/><\/p>\n<p>Alles, was f\u00fcr Schleswig-Holstein wichtig ist: Im Nachrichten-Podcast von NDR 1 Welle Nord h\u00f6ren Sie das Neueste aus Schleswig-Holstein, Deutschland und der Welt.<\/p>\n<p>        <img decoding=\"async\" src=\"https:\/\/www.europesays.com\/de\/wp-content\/uploads\/2025\/12\/1766625188_632_zug526.webp\" alt=\"&quot;Zug f\u00e4llt aus&quot; steht auf einer Anzeigetafel im Hauptbahnhof.\" title=\"Auf der Marschbahnstrecke zwischen Heide und Husum ist aktuell der Zugverkehr ausgefallen. Grund ist der Schaden an einer Klappbr\u00fccke.  | picture alliance\/dpa | Stefan Sauer, Stefan Sauer\" class=\"responsive\" loading=\"lazy\"\/><\/p>\n<p>Auch Anfang 2026 kommt es in Schleswig-Holstein zu Zugausf\u00e4llen und Ersatzverkehr. Diese Strecken sind betroffen.<\/p>\n<p>\n        07:10 Uhr\n    <\/p>\n<p>    72-J\u00e4hriger stirbt bei Brand in Gr\u00f6nwohld<\/p>\n<p class=\"\">In Gr\u00f6nwohld (<a href=\"https:\/\/www.ndr.de\/nachrichten\/schleswig-holstein\/Stormarn-Aktuelle-Nachrichten-und-Videos,stormarn148.html\" title=\"Stormarn - Aktuelle Nachrichten und Videos\" target=\"_blank\" rel=\"noopener\">Kreis Stormarn<\/a>) ist bei einem Brand am <a href=\"https:\/\/www.ndr.de\/nachrichten\/schleswig-holstein\/pinneberg_segeberg_stormarn\/feuer-im-kreis-stormarn-72-jaehriger-stirbt-bei-brand-in-groenwohld,regionnorderstedtnews-1574.html\" title=\"Kreis Stormarn: 72-J\u00e4hriger stirbt bei Brand in Gr\u00f6nwohld\" target=\"_blank\" rel=\"noopener\">Sonntagabend ein Mann gestorben<\/a>. Wie die Polizei mitteilt, brannte es zun\u00e4chst im Erdgeschoss des Hauses. Eine 67-j\u00e4hrige Bewohnerin konnte sich selbst aus dem brennenden Haus retten und kam ins Krankenhaus, weil sie zu viel Rauch eingeatmet hatte. Ein 72-j\u00e4hriger Mann wurde tot aus dem Haus geborgen. Insgesamt waren rund 120 Einsatzkr\u00e4fte an der Einsatzstelle. Die Brandursache ist noch unklar. | NDR Schleswig-Holstein 05.01.2026 06:00 Uhr<\/p>\n<p>        <img decoding=\"async\" src=\"https:\/\/www.europesays.com\/de\/wp-content\/uploads\/2025\/12\/1765986498_674_podcastlogo104.webp\" alt=\"Ein Mikrofon vor zwei Menschen.\" title=\"Ein Mikrofon vor zwei Menschen. | NDR, Janis R\u00f6hlig\" class=\"responsive\" loading=\"lazy\"\/><\/p>\n<p>Alles, was f\u00fcr Schleswig-Holstein wichtig ist: Im Nachrichten-Podcast von NDR 1 Welle Nord h\u00f6ren Sie das Neueste aus Schleswig-Holstein, Deutschland und der Welt.<\/p>\n<p>        <img decoding=\"async\" src=\"https:\/\/www.europesays.com\/de\/wp-content\/uploads\/2026\/01\/feuer-388.webp.webp\" alt=\"Die Feuerwehr bei einem Wohnhausbrand in Gr\u00f6hnwold.\" title=\"Die Feuerwehr bei einem Wohnhausbrand in Gr\u00f6hnwold. | NEWS5 \/ Ren\u00e9 Schr\u00f6der\" class=\"responsive\" loading=\"lazy\"\/><\/p>\n<p>Beim Eintreffen der Einsatzkr\u00e4fte stand das Haus bereits komplett in Brand. Eine 67-J\u00e4hrige kam verletzt ins Krankenhaus.<\/p>\n<p>\n        17:34 Uhr\n    <\/p>\n<p>    Das Wetter in Schleswig-Holstein: Schneeschauer, Regen und Neuschnee<\/p>\n<p class=\"\">Am Abend ist es wolkig bis stark bew\u00f6lkt, zeitweise sind Schneeschauer mit Gl\u00e4tte m\u00f6glich, teils auch kr\u00e4ftig. Vor allem n\u00f6rdlich des Kanals kann stellenweise mit mehreren Zentimetern Neuschnee gerechnet werden, an der Westk\u00fcste zum Teil mit Regen vermischt. Von der Elbe bis zur <a href=\"https:\/\/www.ndr.de\/nachrichten\/schleswig-holstein\/Luebeck-Aktuelle-Nachrichten-und-Videos-,luebeck2802.html\" title=\"L\u00fcbeck - Aktuelle Nachrichten und Videos\" target=\"_blank\" rel=\"noopener\">L\u00fcbecker<\/a> Bucht gibt es neben einzelnen Schneeschauern l\u00e4ngere trockene Abschnitte. Es weht ein schwacher bis m\u00e4\u00dfiger, an der Nordsee teils frischer vorwiegend S\u00fcd- bis S\u00fcdwestwind. In der Nacht zum Dienstag ist es stark bew\u00f6lkt mit weiteren Schneeschauern. Zum Morgen hin lassen die allm\u00e4hlich nach. Zur Nordsee hin sind Auflockerungen m\u00f6glich, dabei kann es neblig werden. | NDR Schleswig-Holstein 05.01.2026 17:00 Uhr<\/p>\n<p>        <img decoding=\"async\" src=\"https:\/\/www.europesays.com\/de\/wp-content\/uploads\/2026\/01\/wetter-5704.webp.webp\" alt=\"Wetterexperte Sebastian Wache steht im Studio mit der Wettervorhersage.\" title=\"Wetterexperte Sebastian Wache steht im Studio mit der Wettervorhersage. | NDR\" class=\"responsive\" loading=\"lazy\"\/><\/p>\n<p>NDR Schleswig-Holstein Wetterexperte Sebastian Wache mit den Aussichten f\u00fcr den 6. Januar und die kommenden Tage.<\/p>\n","protected":false},"excerpt":{"rendered":"AUDIO: Nachrichten 17:00 Uhr &#8211; 05.01.2026 (6 Min) Stand: 05.01.2026 18:03 Uhr Nachrichten aus Schleswig-Holstein vom 5. Januar&hellip;\n","protected":false},"author":2,"featured_media":619876,"comment_status":"","ping_status":"","sticky":false,"template":"","format":"standard","meta":{"footnotes":""},"categories":[1852],"tags":[590,3364,29,548,663,3934,30,13,4949,17462,14,15,12,1971,17461,1973],"class_list":{"0":"post-696075","1":"post","2":"type-post","3":"status-publish","4":"format-standard","5":"has-post-thumbnail","7":"category-kiel","8":"tag-aktuell","9":"tag-de","10":"tag-deutschland","11":"tag-eu","12":"tag-europa","13":"tag-europe","14":"tag-germany","15":"tag-headlines","16":"tag-kiel","17":"tag-kompakt","18":"tag-nachrichten","19":"tag-news","20":"tag-schlagzeilen","21":"tag-schleswig-holstein","22":"tag-ueberblick","23":"tag-wetter"},"share_on_mastodon":{"url":"https:\/\/pubeurope.com\/@de\/115844856002868064","error":""},"_links":{"self":[{"href":"https:\/\/www.europesays.com\/de\/wp-json\/wp\/v2\/posts\/696075","targetHints":{"allow":["GET"]}}],"collection":[{"href":"https:\/\/www.europesays.com\/de\/wp-json\/wp\/v2\/posts"}],"about":[{"href":"https:\/\/www.europesays.com\/de\/wp-json\/wp\/v2\/types\/post"}],"author":[{"embeddable":true,"href":"https:\/\/www.europesays.com\/de\/wp-json\/wp\/v2\/users\/2"}],"replies":[{"embeddable":true,"href":"https:\/\/www.europesays.com\/de\/wp-json\/wp\/v2\/comments?post=696075"}],"version-history":[{"count":0,"href":"https:\/\/www.europesays.com\/de\/wp-json\/wp\/v2\/posts\/696075\/revisions"}],"wp:featuredmedia":[{"embeddable":true,"href":"https:\/\/www.europesays.com\/de\/wp-json\/wp\/v2\/media\/619876"}],"wp:attachment":[{"href":"https:\/\/www.europesays.com\/de\/wp-json\/wp\/v2\/media?parent=696075"}],"wp:term":[{"taxonomy":"category","embeddable":true,"href":"https:\/\/www.europesays.com\/de\/wp-json\/wp\/v2\/categories?post=696075"},{"taxonomy":"post_tag","embeddable":true,"href":"https:\/\/www.europesays.com\/de\/wp-json\/wp\/v2\/tags?post=696075"}],"curies":[{"name":"wp","href":"https:\/\/api.w.org\/{rel}","templated":true}]}}