{"id":696225,"date":"2026-01-05T23:55:13","date_gmt":"2026-01-05T23:55:13","guid":{"rendered":"https:\/\/www.europesays.com\/de\/696225\/"},"modified":"2026-01-05T23:55:13","modified_gmt":"2026-01-05T23:55:13","slug":"tierisch-raetselhaft-bewegend-diese-artikel-unserer-redaktion-wurden-2025-besonders-haeufig-gelesen","status":"publish","type":"post","link":"https:\/\/www.europesays.com\/de\/696225\/","title":{"rendered":"Tierisch, r\u00e4tselhaft, bewegend &#8211; Diese Artikel unserer Redaktion wurden 2025 besonders h\u00e4ufig gelesen"},"content":{"rendered":"<p class=\"mb-6 text-xs md:text-m lg:text-l font-serif group-[.font-sans]:font-sans \">\n    Ein ereignisreiches Jahr endet. Welche Geschichten bleiben in Erinnerung? Welche Artikel haben unsere Leserinnen und Leser besonders bewegt? Aufschluss dar\u00fcber geben die Aufrufzahlen der Artikel auf der Internetseite unserer Redaktion. Manche wurden mehr als 100.000 Mal angeklickt. Das sind elf der meistgelesenen Artikel des Jahres:\n  <\/p>\n<p>            Was machen 18 Polopferde auf der A8? <\/p>\n<ul rel=\"\" class=\"[&amp;&gt;li]:relative list-none  [&amp;&gt;li]:pl-[1.2em] [&amp;&gt;li]:marker:text-[0] [&amp;&gt;li]:relative [&amp;&gt;li]:before:absolute [&amp;&gt;li]:before:w-3 [&amp;&gt;li]:before:h-3 [&amp;&gt;li]:before:bg-brand [&amp;&gt;li]:before:left-0 [&amp;&gt;li]:before:top-[8px] [&amp;&gt;li]:before:rounded-full  my-5\">\n<li class=\" mb-3 text-xs md:text-m lg:text-l\">Polopferde auf der Autobahn Gleich zu Beginn des Jahres sorgte diese Schlagzeile f\u00fcr Aufsehen: \u201e<a href=\"https:\/\/www.augsburger-allgemeine.de\/augsburg-land\/transporter-mit-pferden-polo-world-cup-kitzbuehel-auf-a8-gestoppt-104453379\" target=\"_self\" class=\"underline \" rel=\"nofollow noopener\">Transporter mit 18 Pferden auf der A8 gestoppt &#8211; sie waren auf dem Weg zum Polo World Cup.<\/a>\u201c Dahinter steckt eine kuriose Meldung der Polizei. Die stoppte im Januar einen Transporter samt Anh\u00e4nger auf dem 19 Polopferde aus Frankereich geladen waren. Das Problem: Der Fahrer hatte offenbar nicht den notwendigen F\u00fchrerschein. Des Weiteren wurden die Tiere laut Polizei w\u00e4hrend des Transports nicht ordnungsgem\u00e4\u00df versorgt. Die Beamten unterbanden die Weiterfahrt und verst\u00e4ndigten das Veterin\u00e4ramt. Die Pferde wurden vor\u00fcbergehend in die Tierklinik nach Gessertshausen gebracht.<\/li>\n<\/ul>\n<p>    <img decoding=\"async\" src=\"https:\/\/images.mgpd.de\/img\/104453385\/crop\/c16_9-w100\/1640411361\/506739129\/pferde.png\" alt=\"18 Polopferde wurden von der Polizei \u201ein Gewahrsam\u201c genommen. \" title=\"18 Polopferde wurden von der Polizei \u201ein Gewahrsam\u201c genommen. \" class=\"h-full w-full object-cover\"\/><\/p>\n<p>      Icon vergr\u00f6\u00dfern<\/p>\n<p>    18 Polopferde wurden von der Polizei \u201ein Gewahrsam\u201c genommen.<br \/>\n    Foto: Polizeipr\u00e4sidium<\/p>\n<p>        Schlie\u00dfen <\/p>\n<p>      Icon Schlie\u00dfen<\/p>\n<p>        Icon vergr\u00f6\u00dfern<\/p>\n<p>        Icon verkleinern<\/p>\n<p>      Icon Pfeil bewegen<\/p>\n<p>    18 Polopferde wurden von der Polizei \u201ein Gewahrsam\u201c genommen.<br \/>\n    Foto: Polizeipr\u00e4sidium<\/p>\n<ul rel=\"\" class=\"[&amp;&gt;li]:relative list-none  [&amp;&gt;li]:pl-[1.2em] [&amp;&gt;li]:marker:text-[0] [&amp;&gt;li]:relative [&amp;&gt;li]:before:absolute [&amp;&gt;li]:before:w-3 [&amp;&gt;li]:before:h-3 [&amp;&gt;li]:before:bg-brand [&amp;&gt;li]:before:left-0 [&amp;&gt;li]:before:top-[8px] [&amp;&gt;li]:before:rounded-full  my-5\">\n<li class=\" mb-3 text-xs md:text-m lg:text-l\">Mutige Lkw-Fahrer stoppen Chaosfahrt auf der B17 Diese Geschichte ber\u00fchrt: Als eine Frau am Steuer eines Sattelzugs im Januar einen medizinischen Notfall hatte, <a href=\"https:\/\/www.augsburger-allgemeine.de\/schwabmuenchen\/heldenaktion-auf-b17-mutige-lkw-fahrer-stoppen-chaosfahrt-104559370\" target=\"_self\" class=\"underline \" rel=\"nofollow noopener\">reagierten zwei M\u00e4nner richtig.<\/a> Sonst w\u00e4re Schlimmeres passiert. Auf der viel befahrenen Bundesstra\u00dfe fiel zwei Lastwagenfahrern die unsichere Fahrweise der 50-J\u00e4hrigen auf.\u00a0Sie setzten sich vor den 40-Tonner der Frau und bremsten den Sattelzug aus. Bei der Abfahrt Kaufering kam der Lastwagen zum Stehen. Wenig sp\u00e4ter war die Polizei zur Stelle. Die Beamten hatten zwischenzeitlich den Zeugen angerufen, der den Unfall-Lastwagen verfolgte. Er konnte \u00fcber das Handy sofort die Stelle durchgeben. Dorthin wurde auch medizinische Hilfe f\u00fcr die Frau geschickt.<\/li>\n<li class=\" mb-3 text-xs md:text-m lg:text-l\">Maibaumklau: B\u00fcrgermeister droht mit Anzeige Brauchtum oder nicht?\u00a0Diese Frage sorgte im Mai in Langenneufnach im s\u00fcdlichen Landkreis f\u00fcr Diskussion. \u201eEs ist mal wieder ein St\u00fcck Tradition gestorben\u201c, hie\u00df es in einem Video, das in den Sozialen Medien kursierte. Aufgenommen wurde\u00a0es von der Feuerwehr Siegertshofen. Diese hatte einen Baum im Wald entwendet, der angeblich der Maibaum von Langenneufnach werden sollte. Daraus entwickelte sich ein Streit, in dem sogar mit einer Anzeige wegen Diebstahls gedroht wurde.\u00a0Am Ende konnte man sich dann offenbar ohne Anzeige einigen. Mal sehen, welche Aufreger die Mainacht im kommenden Jahr mit sich bringt. <\/li>\n<li class=\" mb-3 text-xs md:text-m lg:text-l\">Gef\u00e4llte Buche offenbart eine \u00dcberraschung Kaum eine Meldung unserer Redaktion wurde online so h\u00e4ufig gelesen wie diese: Nach einer Baumf\u00e4llung in Ottmarshausen zeigte sich nicht nur, dass der Baum einen massiven Pilzbefall hatte, sondern auch, <a href=\"https:\/\/www.augsburger-allgemeine.de\/augsburg-land\/ottmarshausen-projektil-in-einer-gefaellten-buche-entdeckt-13-08-110439286\" target=\"_self\" class=\"underline \" rel=\"nofollow noopener\">dass noch etwas anderes im Stamm steckt.<\/a> Ein \u00e4hnlich wie ein Projektil aussehendes Objekt trat im Inneren des Stamms zutage. Wenn man die Jahresringe des Baumes z\u00e4hlt, m\u00fcsste es vor etwa 30 Jahren dort eingetreten sein. Wo es herkommt, konnte nicht gekl\u00e4rt werden. <\/li>\n<\/ul>\n<p>    <img decoding=\"async\" src=\"https:\/\/images.mgpd.de\/img\/110440696\/crop\/c16_9-w100\/855392648\/1450425817\/objekt-im-baumjpg.jpg\" alt=\"Der Blick auf den Stamm der gef\u00e4llten Buche in Ottmarshausen. Der rote Pfeil zeigt an, wo ein Projektil \u00e4hnliches Objekt entdeckt wurde - das wohl vor 30 Jahren in den Stamm eingedrungen ist. \" title=\"Der Blick auf den Stamm der gef\u00e4llten Buche in Ottmarshausen. Der rote Pfeil zeigt an, wo ein Projektil \u00e4hnliches Objekt entdeckt wurde - das wohl vor 30 Jahren in den Stamm eingedrungen ist. \" class=\"h-full w-full object-cover\"\/><\/p>\n<p>      Icon vergr\u00f6\u00dfern<\/p>\n<p>    Der Blick auf den Stamm der gef\u00e4llten Buche in Ottmarshausen. Der rote Pfeil zeigt an, wo ein Projektil \u00e4hnliches Objekt entdeckt wurde &#8211; das wohl vor 30 Jahren in den Stamm eingedrungen ist.<br \/>\n    Foto: Tiefbauamt Neus\u00e4\u00df<\/p>\n<p>        Schlie\u00dfen <\/p>\n<p>      Icon Schlie\u00dfen<\/p>\n<p>        Icon vergr\u00f6\u00dfern<\/p>\n<p>        Icon verkleinern<\/p>\n<p>      Icon Pfeil bewegen<\/p>\n<p>    Der Blick auf den Stamm der gef\u00e4llten Buche in Ottmarshausen. Der rote Pfeil zeigt an, wo ein Projektil \u00e4hnliches Objekt entdeckt wurde &#8211; das wohl vor 30 Jahren in den Stamm eingedrungen ist.<br \/>\n    Foto: Tiefbauamt Neus\u00e4\u00df<\/p>\n<p>            Tausende blieben im August vorr\u00fcbergehend ohne Strom <\/p>\n<ul rel=\"\" class=\"[&amp;&gt;li]:relative list-none  [&amp;&gt;li]:pl-[1.2em] [&amp;&gt;li]:marker:text-[0] [&amp;&gt;li]:relative [&amp;&gt;li]:before:absolute [&amp;&gt;li]:before:w-3 [&amp;&gt;li]:before:h-3 [&amp;&gt;li]:before:bg-brand [&amp;&gt;li]:before:left-0 [&amp;&gt;li]:before:top-[8px] [&amp;&gt;li]:before:rounded-full  my-5\">\n<li class=\" mb-3 text-xs md:text-m lg:text-l\">12.000 Haushalte ohne Strom Ging bei Ihnen im August auch das Licht aus? Dann leben Sie vermutlich in einem der rund 12.000 Haushalte, die im August <a href=\"https:\/\/www.augsburger-allgemeine.de\/augsburg-land\/stromausfall-in-der-region-augsburg-darunter-auch-im-titania-110533963\" target=\"_self\" class=\"underline \" rel=\"nofollow noopener\">von einem der gr\u00f6\u00dften Stromausf\u00e4lle in der Geschichte des Landkreises betroffen<\/a> waren. Heute wissen wir: Die Ursache daf\u00fcr, dass in tausenden Wohnungen, H\u00e4usern, Firmen und auch in der gro\u00dfen Therme Titania stundenlang der Strom ausfiel, lag in einem defekten Kabel. Genauer gesagt in einem sogenannten Mittelspannungskabel in Gablingen. Es dauerte mehrere Tage bis der Schaden behoben werden konnte. Das Licht ging aber schon fr\u00fcher wieder an. <\/li>\n<li class=\" mb-3 text-xs md:text-m lg:text-l\">Eine bewegende Familiengeschichte Diese Geschichte bewegte viele unserer Leserinnen und Leser: Eine Familie aus Langweid hat Zwillinge. Die Kinder sind schwerbehindert. <a href=\"https:\/\/www.augsburger-allgemeine.de\/augsburg-land\/verzweifelte-mutter-aus-langweid-startet-spendenaktion-fuer-ihre-behinderten-zwillinge-110694036\" target=\"_self\" class=\"underline \" rel=\"nofollow noopener\">Eine Familie aus Langweid hatte im September eine Spendenaktion gestartet<\/a>, bei der sich viele unserer Leserinnen und Leser beteiligten. Das Schicksal dieser beiden Kinder bewegt auch Patricia Messina aus Rohrenfels seit vielen Jahren. Vor acht Jahren kamen die Zwillinge von Lucia und Sascha Cantatore aus Langweid schwerst behindert zur Welt. Das Schicksal der Familie, mit der sie sehr eng befreundet ist, ersch\u00fctterte sie von Beginn an. Fast 500 Spenden gingen ein. So kamen mehr als 25.000 Euro zusammen. <\/li>\n<\/ul>\n<p>    <img decoding=\"async\" src=\"https:\/\/images.mgpd.de\/img\/110695028\/crop\/c9_16-w100\/1416430145\/364867927\/942384751756821854335928r.jpg\" alt=\"Die beiden Zwillinge Philipp und Lucia Cantatore aus Langweid sind schwerbehindert. Das stellt ihre Mutter vor viele Herausforderungen. Sie hatte eine Spendenaktion im Internet gestartet.\" title=\"Die beiden Zwillinge Philipp und Lucia Cantatore aus Langweid sind schwerbehindert. Das stellt ihre Mutter vor viele Herausforderungen. Sie hatte eine Spendenaktion im Internet gestartet.\" class=\"h-full w-full object-cover\"\/><\/p>\n<p>      Icon vergr\u00f6\u00dfern<\/p>\n<p>    Die beiden Zwillinge Philipp und Lucia Cantatore aus Langweid sind schwerbehindert. Das stellt ihre Mutter vor viele Herausforderungen. Sie hatte eine Spendenaktion im Internet gestartet.<br \/>\n    Foto: Cantatore<\/p>\n<p>        Schlie\u00dfen <\/p>\n<p>      Icon Schlie\u00dfen<\/p>\n<p>        Icon vergr\u00f6\u00dfern<\/p>\n<p>        Icon verkleinern<\/p>\n<p>      Icon Pfeil bewegen<\/p>\n<p>    Die beiden Zwillinge Philipp und Lucia Cantatore aus Langweid sind schwerbehindert. Das stellt ihre Mutter vor viele Herausforderungen. Sie hatte eine Spendenaktion im Internet gestartet.<br \/>\n    Foto: Cantatore<\/p>\n<p>            Hygieneskandal bei Kaufland sorgte auch in der Region f\u00fcr Ekel <\/p>\n<ul rel=\"\" class=\"[&amp;&gt;li]:relative list-none  [&amp;&gt;li]:pl-[1.2em] [&amp;&gt;li]:marker:text-[0] [&amp;&gt;li]:relative [&amp;&gt;li]:before:absolute [&amp;&gt;li]:before:w-3 [&amp;&gt;li]:before:h-3 [&amp;&gt;li]:before:bg-brand [&amp;&gt;li]:before:left-0 [&amp;&gt;li]:before:top-[8px] [&amp;&gt;li]:before:rounded-full  my-5\">\n<li class=\" mb-3 text-xs md:text-m lg:text-l\">Hygieneskandal bei Kaufland Es waren Bilder, die Ekel erzeugen. Dort, wo t\u00e4glich tausende Menschen ihre Lebensmittel kaufen, wucherte Schimmel, krabbelten M\u00e4use, wurde eigentlich abgelaufene Ware verkauft. <a href=\"https:\/\/www.stern.de\/wirtschaft\/kaufland\/\" rel=\"nofollow noopener\" target=\"_blank\" class=\"underline \">Ein Reporterteam des Magazins Stern und des TV-Senders RTL<\/a> hatte diese Bilder zum Teil mit versteckter Kamera in dutzenden Filialen der Supermarktkette Kaufland aufgenommen. Dabei wurde auch in dem gro\u00dfen Supermarkt in Neus\u00e4\u00df gedreht. Auf Nachfrage unserer Redaktion \u00e4u\u00dferte sich Kaufland zu den Zust\u00e4nden in der Neus\u00e4sser Filiale. <a href=\"https:\/\/www.augsburger-allgemeine.de\/augsburg-land\/hygieneskandal-bei-kaufland-in-neusaess-schimmel-maeuse-und-fragwuerdige-praktiken-aufgedeckt-108908893\" target=\"_self\" class=\"underline \" rel=\"nofollow noopener\">Kaufland k\u00fcndigte an, die Vorf\u00e4lle umfassend zu \u00fcberpr\u00fcfen und Ma\u00dfnahmen zur Behebung der M\u00e4ngel einzuleiten.<\/a> <\/li>\n<li class=\" mb-3 text-xs md:text-m lg:text-l\">Im Wald mit einem Pilzfluencer Rainer Berchtenbreiter erreicht mit seinen Videos aus dem Wald Tausende. Bei der Pilzsuche erkl\u00e4rte er, <a href=\"https:\/\/www.augsburger-allgemeine.de\/augsburg-land\/im-wald-bei-altenmuenster-mit-einem-pilzfluencer-110824256\" target=\"_self\" class=\"underline \" rel=\"nofollow noopener\">worauf bei der Pilzsuche in den heimischen W\u00e4ldern zu achten ist<\/a>. Unsere Redaktion traf den Pilzsammler im Wald bei Altenm\u00fcnster. Dabei verriet er zum Beispiel, wo sich die Suche in der Regel lohnt: Dort, wo der Boden moosig ist, aber leichter Sonnenschein durchkommt. Im Idealfall hat es ein paar Tage vorher geregnet. Grunds\u00e4tzlich biete sich daf\u00fcr jeder Wald in der Region und auch jede Jahreszeit an. Am meisten Pilze gibt es aber im Herbst. Die Hauptsaison f\u00fcr Speisepilze in Deutschland reicht von Ende August bis Oktober.\u00a0<\/li>\n<\/ul>\n<p>            Zaun zu hoch? Diese Geschichte ist kurios<\/p>\n<ul rel=\"\" class=\"[&amp;&gt;li]:relative list-none  [&amp;&gt;li]:pl-[1.2em] [&amp;&gt;li]:marker:text-[0] [&amp;&gt;li]:relative [&amp;&gt;li]:before:absolute [&amp;&gt;li]:before:w-3 [&amp;&gt;li]:before:h-3 [&amp;&gt;li]:before:bg-brand [&amp;&gt;li]:before:left-0 [&amp;&gt;li]:before:top-[8px] [&amp;&gt;li]:before:rounded-full  my-5\">\n<li class=\" mb-3 text-xs md:text-m lg:text-l\">Zaun zu hoch? Das klingt kurios: Weil der Zaun 30 Zentimeter zu hoch ist,<a href=\"https:\/\/www.augsburger-allgemeine.de\/schwabmuenchen\/nachbarschaftsstreit-in-koenigsbrunn-fuer-30-zentimeter-zu-hohen-zaun-drohen-500-000-euro-bussgeld-109104430\" target=\"_self\" class=\"underline \" rel=\"nofollow noopener\"> landeten Nachbarn aus K\u00f6nigsbrunn in diesem Jahr vor Gericht<\/a>. Es ging zum einen um eine 1,5 Meter hohe Garteneinfriedung, bestehend aus Gabionen, kombiniert mit Holzzaun. Eine Nachbarin hatte dar\u00fcber mit den Eigent\u00fcmern schon einen privaten Rechtsstreit gef\u00fchrt und laut st\u00e4dtischen Unterlagen verloren, dann erfolgte eine Anzeige. Die Eigent\u00fcmer wollten nun eine nachtr\u00e4gliche Genehmigung durch die Stadt. Die Stadt erteilte den Eigent\u00fcmern aber keine Ausnahme.\u00a0<\/li>\n<li class=\" mb-3 text-xs md:text-m lg:text-l\">Gibt es in der Region ein K\u00e4nguru-Rudel? Seit Jahren l\u00e4sst sich das Stauden-K\u00e4nguru regelm\u00e4\u00dfig im Augsburger Umland blicken. <a href=\"https:\/\/www.augsburger-allgemeine.de\/schwabmuenchen\/stauden-kaenguru-landkreis-augsburg-einzelgaenger-oder-familienclan-112705260\" target=\"_self\" class=\"underline \" rel=\"nofollow noopener\">Gibt es gar mehr als eines<\/a>?\u00a0Diese Frage sorgte erst im November f\u00fcr Aufsehen. Denn die j\u00fcngsten\u00a0Bilder von einem K\u00e4nguru, die im s\u00fcdlichen Landkreis gemacht wurden, werfen viele Fragen auf: Handelt es sich beim fotografierten K\u00e4nguru um das Tier, das schon\u00a0vor Jahren in den Westlichen W\u00e4ldern gesehen\u00a0wurde? Kann ein K\u00e4nguru \u00fcberhaupt jahrelang alleine \u00fcberleben? Oder gibt es in den Stauden vielleicht einen Familienclan, der noch g\u00e4nzlich unentdeckt ist? Abschlie\u00dfend gekl\u00e4rt werden konnten diese Fragen auch in diesem Jahr nicht. Es bleibt also spannend. <\/li>\n<\/ul>\n<p>    <img decoding=\"async\" src=\"https:\/\/images.mgpd.de\/img\/112684207\/crop\/c9_16-w100\/880288415\/983438593\/kaenguru-2.jpg\" alt=\"Im Oktober 2025 wurde das K\u00e4nguru an der Grenze zum Landkreis Unterallg\u00e4u gesehen.\" title=\"Im Oktober 2025 wurde das K\u00e4nguru an der Grenze zum Landkreis Unterallg\u00e4u gesehen.\" class=\"h-full w-full object-cover\"\/><\/p>\n<p>      Icon vergr\u00f6\u00dfern<\/p>\n<p>    Im Oktober 2025 wurde das K\u00e4nguru an der Grenze zum Landkreis Unterallg\u00e4u gesehen.<br \/>\n    Foto: J\u00fcrgen Herzing \/ Hans Rudolf<\/p>\n<p>        Schlie\u00dfen <\/p>\n<p>      Icon Schlie\u00dfen<\/p>\n<p>        Icon vergr\u00f6\u00dfern<\/p>\n<p>        Icon verkleinern<\/p>\n<p>      Icon Pfeil bewegen<\/p>\n<p>    Im Oktober 2025 wurde das K\u00e4nguru an der Grenze zum Landkreis Unterallg\u00e4u gesehen.<br \/>\n    Foto: J\u00fcrgen Herzing \/ Hans Rudolf<\/p>\n<p>            PM in Untermeitingen schlie\u00dft nach 27 Jahren <\/p>\n<ul rel=\"\" class=\"[&amp;&gt;li]:relative list-none  [&amp;&gt;li]:pl-[1.2em] [&amp;&gt;li]:marker:text-[0] [&amp;&gt;li]:relative [&amp;&gt;li]:before:absolute [&amp;&gt;li]:before:w-3 [&amp;&gt;li]:before:h-3 [&amp;&gt;li]:before:bg-brand [&amp;&gt;li]:before:left-0 [&amp;&gt;li]:before:top-[8px] [&amp;&gt;li]:before:rounded-full  my-5\">\n<li class=\" mb-3 text-xs md:text-m lg:text-l\">PM in Untermeitingen: Eine \u00c4ra geht zu Ende Diese Nachricht ist noch nicht alt, z\u00e4hlt aber dennoch zu den meistgelesenen in diesem Jahr. Nach langem Hin- und Her wegen des Brandschutzes <a href=\"https:\/\/www.augsburger-allgemeine.de\/schwabmuenchen\/disco-pm-in-untermeitingen-oeffnet-am-13-dezember-wieder-aber-bald-ist-fuer-immer-schluss-112956582\" target=\"_self\" class=\"underline \" rel=\"nofollow noopener\">schlie\u00dft die bekannte Disco im s\u00fcdlichen Landkreis.<\/a> Nach 27 Jahren ist damit Schluss, hie\u00df es im Dezember. Bereits im November hat Egger gesagt, dass er 2026 f\u00fcr mindestens zehn Monate schlie\u00dfen m\u00fcsse, um umfassend zu renovieren. <\/li>\n<\/ul>\n<ul data-module-id=\"DragDropModule\" class=\"flex flex-wrap justify-start group-[.no-bookmarks]:hidden\">\n<li class=\"mb-3 mr-3\">\n    Philipp Kinne<\/p>\n<p>      Icon Haken im Kreis gesetzt<\/p>\n<p>      Icon Plus im Kreis<\/p>\n<\/li>\n<li class=\"mb-3 mr-3\">\n    Kopfsch\u00fctteln<\/p>\n<p>      Icon Haken im Kreis gesetzt<\/p>\n<p>      Icon Plus im Kreis<\/p>\n<\/li>\n<li class=\"mb-3 mr-3\">\n    Kaufland<\/p>\n<p>      Icon Haken im Kreis gesetzt<\/p>\n<p>      Icon Plus im Kreis<\/p>\n<\/li>\n<\/ul>\n","protected":false},"excerpt":{"rendered":"Ein ereignisreiches Jahr endet. Welche Geschichten bleiben in Erinnerung? Welche Artikel haben unsere Leserinnen und Leser besonders bewegt?&hellip;\n","protected":false},"author":2,"featured_media":696226,"comment_status":"","ping_status":"","sticky":false,"template":"","format":"standard","meta":{"footnotes":"","_share_on_mastodon":"0"},"categories":[1846],"tags":[680,772,3364,29,548,663,3934,30,13,2940,160933,14,15,12,160934],"class_list":["post-696225","post","type-post","status-publish","format-standard","has-post-thumbnail","category-augsburg","tag-augsburg","tag-bayern","tag-de","tag-deutschland","tag-eu","tag-europa","tag-europe","tag-germany","tag-headlines","tag-kaufland","tag-kopfschuetteln","tag-nachrichten","tag-news","tag-schlagzeilen","tag-untermeitingen"],"share_on_mastodon":{"url":"https:\/\/pubeurope.com\/@de\/115845197498705370","error":""},"_links":{"self":[{"href":"https:\/\/www.europesays.com\/de\/wp-json\/wp\/v2\/posts\/696225","targetHints":{"allow":["GET"]}}],"collection":[{"href":"https:\/\/www.europesays.com\/de\/wp-json\/wp\/v2\/posts"}],"about":[{"href":"https:\/\/www.europesays.com\/de\/wp-json\/wp\/v2\/types\/post"}],"author":[{"embeddable":true,"href":"https:\/\/www.europesays.com\/de\/wp-json\/wp\/v2\/users\/2"}],"replies":[{"embeddable":true,"href":"https:\/\/www.europesays.com\/de\/wp-json\/wp\/v2\/comments?post=696225"}],"version-history":[{"count":0,"href":"https:\/\/www.europesays.com\/de\/wp-json\/wp\/v2\/posts\/696225\/revisions"}],"wp:featuredmedia":[{"embeddable":true,"href":"https:\/\/www.europesays.com\/de\/wp-json\/wp\/v2\/media\/696226"}],"wp:attachment":[{"href":"https:\/\/www.europesays.com\/de\/wp-json\/wp\/v2\/media?parent=696225"}],"wp:term":[{"taxonomy":"category","embeddable":true,"href":"https:\/\/www.europesays.com\/de\/wp-json\/wp\/v2\/categories?post=696225"},{"taxonomy":"post_tag","embeddable":true,"href":"https:\/\/www.europesays.com\/de\/wp-json\/wp\/v2\/tags?post=696225"}],"curies":[{"name":"wp","href":"https:\/\/api.w.org\/{rel}","templated":true}]}}