{"id":696471,"date":"2026-01-06T02:17:11","date_gmt":"2026-01-06T02:17:11","guid":{"rendered":"https:\/\/www.europesays.com\/de\/696471\/"},"modified":"2026-01-06T02:17:11","modified_gmt":"2026-01-06T02:17:11","slug":"lost-star-evangeline-lilly-spricht-erstmals-ueber-folgen-ihres-schweren-sturzes","status":"publish","type":"post","link":"https:\/\/www.europesays.com\/de\/696471\/","title":{"rendered":"Lost-Star Evangeline Lilly spricht erstmals \u00fcber Folgen ihres schweren Sturzes"},"content":{"rendered":"<p>Als <b>Kate Austen<\/b> im Serien-Hype <a data-ga-on=\"click,auxclick,contextmenu\" data-ga-event-category=\"Article\" data-ga-event-action=\"Internal Link Text\" data-ga-event-label=\"Click\" title=\"Lost\" href=\"https:\/\/www.moviepilot.de\/serie\/lost\" class=\"sc-6a922024-0 dZMhco mp_article_parsed_internal_link\" rel=\"nofollow noopener\" target=\"_blank\">Lost<\/a> wurde Schauspielerin <a data-ga-on=\"click,auxclick,contextmenu\" data-ga-event-category=\"Article\" data-ga-event-action=\"Internal Link Text\" data-ga-event-label=\"Click\" title=\"Evangeline Lilly\" href=\"https:\/\/www.moviepilot.de\/people\/evangeline-lilly\" class=\"sc-6a922024-0 dZMhco mp_article_parsed_internal_link\" rel=\"nofollow noopener\" target=\"_blank\">Evangeline Lilly<\/a> weltber\u00fchmt. Letztes Jahr ist die geb\u00fcrtige Kanadierin im Mai auf ihrem Wohnort Hawaii schwer gest\u00fcrzt und dabei mit dem Kopf auf einen Felsen geprallt. Jetzt hat sich Lilly zu einem Gehirnscan ge\u00e4u\u00dfert, der bei ihr durchgef\u00fchrt wurde, und \u00fcber die Folgen gesprochen.<\/p>\n<p>Lost-Star Evangeline Lilly arbeitet mit \u00e4rztlicher Hilfe an Hirnschaden<\/p>\n<p>Auf ihrem Instagram-Account teilte die Schauspielerin laut <a href=\"https:\/\/variety.com\/2026\/film\/news\/evangeline-lilly-brain-damage-concussion-1236623680\/\" data-ga-on=\"click,auxclick,contextmenu\" data-ga-event-category=\"Article\" data-ga-event-action=\"External Link Text\" data-ga-event-label=\"variety.com\" target=\"_blank\" rel=\"noopener noreferrer nofollow\" class=\"sc-b3b33791-1 lidfUl\">Variety\u00a0<\/a> selbst ein kurzes Video, in dem sie \u00fcber die Ergebnisse ihres Gehirnscans spricht. Dabei sagt sie, dass fast alle Bereiche ihres Gehirns &#8222;nur noch eingeschr\u00e4nkt funktionieren&#8220; w\u00fcrden. Lilly hat durch den Sturz 2025 also einen <b>dauerhaften Hirnschaden<\/b> davongetragen.<\/p>\n<p>Hier k\u00f6nnt ihr das Video von Evangeline Lilly auf Instagram schauen:Empfohlener redaktioneller Inhalt<\/p>\n<p class=\"sc-b30a3730-3 buBmaA\">An dieser Stelle findest du einen externen Inhalt von <strong>Instagram<\/strong>, der den Artikel erg\u00e4nzt. Du kannst ihn dir mit einem Klick anzeigen lassen und wieder ausblenden.<\/p>\n<p>Im weiteren Video gibt sie sich optimistisch:<\/p>\n<blockquote class=\"sc-7f97975-0 geHxYT\"><p>Jetzt muss ich der Sache mit den \u00c4rzten auf den Grund gehen und mich dann an die schwierige Aufgabe machen, das Problem zu beheben. Darauf freue ich mich nicht, weil ich das Gef\u00fchl habe, dass ich nichts anderes tue als hart zu arbeiten. Aber das ist okay. Meine kognitiven Beeintr\u00e4chtigungen seit dem schweren Trauma <b>haben mir geholfen, zur Ruhe zu kommen<\/b> und das Jahr 2025 entspannter ausklingen zu lassen.<\/p><\/blockquote>\n<p>Evangeline Lilly hat bereits Abstand vom Schauspielgesch\u00e4ft genommen<\/p>\n<p>Neben ihrer Hauptrolle in Lost ist Evangeline Lilly au\u00dferdem als Hope van Dyne aka Wasp in den <a data-ga-on=\"click,auxclick,contextmenu\" data-ga-event-category=\"Article\" data-ga-event-action=\"Internal Link Text\" data-ga-event-label=\"Click\" title=\"Ant-Man\" href=\"https:\/\/www.moviepilot.de\/movies\/ant-man\" class=\"sc-6a922024-0 dZMhco mp_article_parsed_internal_link\" rel=\"nofollow noopener\" target=\"_blank\">Ant-Man<\/a>-Filmen aus dem Marvel Cinematic Universe (MCU) sowie als Tauriel in den <a data-ga-on=\"click,auxclick,contextmenu\" data-ga-event-category=\"Article\" data-ga-event-action=\"Internal Link Text\" data-ga-event-label=\"Click\" title=\"Der Hobbit: Eine unerwartete Reise\" href=\"https:\/\/www.moviepilot.de\/movies\/der-hobbit-eine-unerwartete-reise\" class=\"sc-6a922024-0 dZMhco mp_article_parsed_internal_link\" rel=\"nofollow noopener\" target=\"_blank\">Hobbit<\/a>-Verfilmungen von Peter Jackson bekannt. Neben ihrer Arbeit vor der Kamera ist sie seit 2014 als Autorin der Kinderbuchreihe The Squickerwonkers t\u00e4tig.<\/p>\n<p>Gegen\u00fcber Variety sprach Lilly 2024 bereits dar\u00fcber, ihre <b>Schauspielkarriere vorerst beenden<\/b> und von Hollywood Abstand nehmen zu wollen. Im Gespr\u00e4ch stellte sie sich zehn Jahre in der Zukunft als Schauspielerin im Ruhestand mit einer Familie vor.<\/p>\n","protected":false},"excerpt":{"rendered":"Als Kate Austen im Serien-Hype Lost wurde Schauspielerin Evangeline Lilly weltber\u00fchmt. Letztes Jahr ist die geb\u00fcrtige Kanadierin im&hellip;\n","protected":false},"author":2,"featured_media":696472,"comment_status":"","ping_status":"","sticky":false,"template":"","format":"standard","meta":{"footnotes":"","_share_on_mastodon":"0"},"categories":[1776],"tags":[62130,10075,1801,29,20122,214,30,23611,29987,1802,59639,215,64],"class_list":["post-696471","post","type-post","status-publish","format-standard","has-post-thumbnail","category-prominente","tag-abc","tag-absturz","tag-celebrities","tag-deutschland","tag-drama","tag-entertainment","tag-germany","tag-insel","tag-mystery","tag-prominente","tag-ueberlebenskampf","tag-unterhaltung","tag-usa"],"share_on_mastodon":{"url":"https:\/\/pubeurope.com\/@de\/115845755205481580","error":""},"_links":{"self":[{"href":"https:\/\/www.europesays.com\/de\/wp-json\/wp\/v2\/posts\/696471","targetHints":{"allow":["GET"]}}],"collection":[{"href":"https:\/\/www.europesays.com\/de\/wp-json\/wp\/v2\/posts"}],"about":[{"href":"https:\/\/www.europesays.com\/de\/wp-json\/wp\/v2\/types\/post"}],"author":[{"embeddable":true,"href":"https:\/\/www.europesays.com\/de\/wp-json\/wp\/v2\/users\/2"}],"replies":[{"embeddable":true,"href":"https:\/\/www.europesays.com\/de\/wp-json\/wp\/v2\/comments?post=696471"}],"version-history":[{"count":0,"href":"https:\/\/www.europesays.com\/de\/wp-json\/wp\/v2\/posts\/696471\/revisions"}],"wp:featuredmedia":[{"embeddable":true,"href":"https:\/\/www.europesays.com\/de\/wp-json\/wp\/v2\/media\/696472"}],"wp:attachment":[{"href":"https:\/\/www.europesays.com\/de\/wp-json\/wp\/v2\/media?parent=696471"}],"wp:term":[{"taxonomy":"category","embeddable":true,"href":"https:\/\/www.europesays.com\/de\/wp-json\/wp\/v2\/categories?post=696471"},{"taxonomy":"post_tag","embeddable":true,"href":"https:\/\/www.europesays.com\/de\/wp-json\/wp\/v2\/tags?post=696471"}],"curies":[{"name":"wp","href":"https:\/\/api.w.org\/{rel}","templated":true}]}}