{"id":696634,"date":"2026-01-06T03:52:16","date_gmt":"2026-01-06T03:52:16","guid":{"rendered":"https:\/\/www.europesays.com\/de\/696634\/"},"modified":"2026-01-06T03:52:16","modified_gmt":"2026-01-06T03:52:16","slug":"schneesturm-mit-fast-70-zentimetern-neuschnee-droht","status":"publish","type":"post","link":"https:\/\/www.europesays.com\/de\/696634\/","title":{"rendered":"Schneesturm mit fast 70 Zentimetern Neuschnee droht"},"content":{"rendered":"<p>67 Zentimeter Neuschnee m\u00f6glich <\/p>\n<p>Schneesturm erreicht Aachen und NRW \u2013 DWD warnt vor Gl\u00e4tte<\/p>\n<p>Aktualisiert am 05.01.2026 &#8211; 18:05 UhrLesedauer: 2 Min.<\/p>\n<p><a href=\"#focus-0\" class=\"transition-colors duration-200 block text-current relative\" data-sctrack=\"FocusGalleryImage.Reference\"><img fetchpriority=\"high\" data-testid=\"Opener.Image\" style=\"--lqipURL:url('https:\/\/images.t-online.de\/2026\/01\/sGfWpP2wZiCl\/525x351:3134x1763\/fit-in\/150x0\/filters:blur(25)\/wintereinbruch-deutschland-blick-auf-eine-verschneite-strasse-the-onset-of-winter-in-germany-view-of-a-snow-covered-road.jpg')\"   loading=\"eager\" src=\"https:\/\/www.europesays.com\/de\/wp-content\/uploads\/2026\/01\/wintereinbruch-deutschland-blick-auf-eine-verschneite-strasse-the-onset-of-winter-in-germany-view-of.jpeg\" alt=\"imago images 0844876986\" title=\"imago images 0844876986\" width=\"3134\" height=\"1763\" class=\"bg-[url:var(--lqipURL)] bg-cover bg-center flex h-full w-full max-w-full\" decoding=\"async\"\/><img style=\"--width:32;--height:32\" loading=\"lazy\" src=\"https:\/\/aachen.t-online.de\/s\/paper\/_next\/static\/media\/zoom-in.f7dae02f.svg\" alt=\"Vergr\u00f6\u00dfern des Bildes\" title=\"Vergr\u00f6\u00dfern des Bildes\" class=\"block h-[calc(var(--height)_\/_16_*_1rem)] w-[calc(var(--width)_\/_16_*_1rem)] max-w-none absolute bottom-8 right-8 rounded-4 bg-snow p-8\" decoding=\"async\"\/><\/a><\/p>\n<p>Ein Stra\u00dfenschild warnt vor Schnee und Eis (Archivbild): \u00dcber Aachen und Nordrhein-Westfalen drohen bis zum Wochenende starke Schneef\u00e4lle. (Quelle: IMAGO\/imago)<\/p>\n<p class=\"font-bold text-18 leading-17\">Die Schneef\u00e4lle in Aachen und Nordrhein-Westfalen dauern an. Einige Wettermodelle rechnen mit einem heftigen Wintereinbruch.<\/p>\n<p class=\"text-18 leading-17\">Bereits ab Dienstag k\u00fcndigen sich die n\u00e4chsten Schneef\u00e4lle an, die laut ersten Prognosen des <a class=\"transition-colors duration-200 cursor-pointer text-inherit no-underline text-salemsfur md:hover:text-magenta md:hover:border-magenta md:focus:text-magenta border-current border-b border-solid break-words\" href=\"https:\/\/www.t-online.de\/themen\/deutscher-wetterdienst\/\" data-sctrack=\"BodyAnchor\" target=\"_blank\" rel=\"noopener\">DWD<\/a> bis zum Wochenende anhalten k\u00f6nnten. Einige Wettermodelle rechnen bis Sonntag mit bis zu 70 Zentimeter Neuschnee, vor allem im Bergischen Land. In der St\u00e4dteregion Aachen k\u00f6nnten laut ersten Berechnungen in wenigen Tagen fast 70 Zentimeter Neuschnee fallen. Zudem drohen <a class=\"transition-colors duration-200 cursor-pointer text-inherit no-underline text-salemsfur md:hover:text-magenta md:hover:border-magenta md:focus:text-magenta border-current border-b border-solid break-words\" href=\"https:\/\/www.t-online.de\/nachrichten\/panorama\/wetter\/id_101067190\/-ski-und-rodel-gut-weiter-dauerfrost-in-deutschland.html\" data-sctrack=\"BodyAnchor\" target=\"_blank\" rel=\"noopener\">\u00fcberfrierende N\u00e4sse und gef\u00e4hrlicher Eisregen<\/a>.<\/p>\n<p>Video | -20\u00b0C: Schneesturm rollt auf Deutschland zu<\/p>\n<p><img style=\"--width:66;--height:64\" loading=\"lazy\" src=\"https:\/\/aachen.t-online.de\/s\/paper\/_next\/static\/media\/loading-indicator.1490436c.svg\" alt=\"Video l\u00e4dt\" title=\"Video l\u00e4dt\" class=\"block h-[calc(var(--height)_\/_16_*_1rem)] w-[calc(var(--width)_\/_16_*_1rem)] max-w-none undefined\" decoding=\"async\"\/><img   loading=\"lazy\" src=\"https:\/\/www.europesays.com\/de\/wp-content\/uploads\/2026\/01\/winterabend-im-taunus-blick-in-die-winterlandschaft-am-grossen-feldberg-im-taunus-am-abend-bei-sonne.jpeg\" alt=\"imago images 0844745046\" title=\"imago images 0844745046\" width=\"4000\" height=\"2250\" class=\"w-full [grid-area:stack]\" decoding=\"async\"\/>Quelle: Glomex<\/p>\n<p class=\"text-18 leading-17\">Hinzu kommen \u00fcberfrierende N\u00e4sse und gefrierender Regen, die stellenweise auch Blitzeis verursachen k\u00f6nnten. Bereits in den vergangenen Tagen hatte es durch teils abrupte Schneeschauer und Gl\u00e4tte Probleme auf den Stra\u00dfen in Nordrhein-Westfalen gegeben. Teilweise war auch der Bahnverkehr erheblich beeintr\u00e4chtigt. Sp\u00e4testens zum Wochenende droht dann starker Schneefall.<\/p>\n<p class=\"text-18 leading-17\">Au\u00dferdem k\u00f6nnten orkanartigeb\u00f6en Nordrhein-Westfalen erreichen. Erste Berechnungen erwarten am Freitag Windgeschwindigkeiten von mehr als 100 km\/h, vor allem im Rheinland und Ruhrgebiet.<\/p>\n<p class=\"text-18 leading-17\">Das als zuverl\u00e4ssig geltende Wettermodell des Europ\u00e4ischen Zentrums f\u00fcr mittelfristige Wettervorhersagen (ECMWF) rechnet dabei in der St\u00e4dteregion Aachen bis Sonntagabend mit bis zu 70 Zentimeter Neuschnee. Im Bergischen Land und in der Eifel sind ebenfalls \u00e4hnliche Schneemengen zu erwarten. Im Aachener Stadtgebiet sollen laut nahezu allen Wettermodellen zwischen 10 und 40 Zentimeter Neuschnee fallen.<\/p>\n","protected":false},"excerpt":{"rendered":"67 Zentimeter Neuschnee m\u00f6glich Schneesturm erreicht Aachen und NRW \u2013 DWD warnt vor Gl\u00e4tte Aktualisiert am 05.01.2026 &#8211;&hellip;\n","protected":false},"author":2,"featured_media":696635,"comment_status":"","ping_status":"","sticky":false,"template":"","format":"standard","meta":{"footnotes":""},"categories":[1853],"tags":[1424,41282,3364,950,29,9056,3405,4906,1418,153836,548,663,3934,2214,30,42751,13,14,126383,15,1209,33548,27551,13619,33547,12,137711,97394,36153,2256,51242,5415,137710],"class_list":{"0":"post-696634","1":"post","2":"type-post","3":"status-publish","4":"format-standard","5":"has-post-thumbnail","7":"category-aachen","8":"tag-aachen","9":"tag-bergisches-land","10":"tag-de","11":"tag-deutscher-wetterdienst","12":"tag-deutschland","13":"tag-dueren","14":"tag-duesseldorf","15":"tag-dwd","16":"tag-eifel","17":"tag-eisfront","18":"tag-eu","19":"tag-europa","20":"tag-europe","21":"tag-euskirchen","22":"tag-germany","23":"tag-glaette","24":"tag-headlines","25":"tag-nachrichten","26":"tag-neuschnee","27":"tag-news","28":"tag-nordrhein-westfalen","29":"tag-oberbergischer-kreis","30":"tag-rhein-erft-kreis","31":"tag-rhein-sieg-kreis","32":"tag-rheinisch-bergischer-kreis","33":"tag-schlagzeilen","34":"tag-schneefall","35":"tag-schneesturm","36":"tag-strassenschild","37":"tag-wetterausblick","38":"tag-wettermodell","39":"tag-wetterprognose","40":"tag-wintereinbruch"},"share_on_mastodon":{"url":"https:\/\/pubeurope.com\/@de\/115846129001666404","error":""},"_links":{"self":[{"href":"https:\/\/www.europesays.com\/de\/wp-json\/wp\/v2\/posts\/696634","targetHints":{"allow":["GET"]}}],"collection":[{"href":"https:\/\/www.europesays.com\/de\/wp-json\/wp\/v2\/posts"}],"about":[{"href":"https:\/\/www.europesays.com\/de\/wp-json\/wp\/v2\/types\/post"}],"author":[{"embeddable":true,"href":"https:\/\/www.europesays.com\/de\/wp-json\/wp\/v2\/users\/2"}],"replies":[{"embeddable":true,"href":"https:\/\/www.europesays.com\/de\/wp-json\/wp\/v2\/comments?post=696634"}],"version-history":[{"count":0,"href":"https:\/\/www.europesays.com\/de\/wp-json\/wp\/v2\/posts\/696634\/revisions"}],"wp:featuredmedia":[{"embeddable":true,"href":"https:\/\/www.europesays.com\/de\/wp-json\/wp\/v2\/media\/696635"}],"wp:attachment":[{"href":"https:\/\/www.europesays.com\/de\/wp-json\/wp\/v2\/media?parent=696634"}],"wp:term":[{"taxonomy":"category","embeddable":true,"href":"https:\/\/www.europesays.com\/de\/wp-json\/wp\/v2\/categories?post=696634"},{"taxonomy":"post_tag","embeddable":true,"href":"https:\/\/www.europesays.com\/de\/wp-json\/wp\/v2\/tags?post=696634"}],"curies":[{"name":"wp","href":"https:\/\/api.w.org\/{rel}","templated":true}]}}