{"id":696828,"date":"2026-01-06T05:49:31","date_gmt":"2026-01-06T05:49:31","guid":{"rendered":"https:\/\/www.europesays.com\/de\/696828\/"},"modified":"2026-01-06T05:49:31","modified_gmt":"2026-01-06T05:49:31","slug":"unser-rathaus-der-traeume-neujahrsempfang-des-oberbuergermeisters","status":"publish","type":"post","link":"https:\/\/www.europesays.com\/de\/696828\/","title":{"rendered":"Unser Rathaus der (T)r\u00e4ume: Neujahrsempfang des Oberb\u00fcrgermeisters"},"content":{"rendered":"<p><a href=\"https:\/\/www.hannover-entdecken.de\/wp-content\/uploads\/2026\/01\/Rathaus-der-Traeume.jpg\" target=\"_blank\" rel=\"noopener\"><img loading=\"lazy\" decoding=\"async\" aria-describedby=\"caption-attachment-107494\" class=\"size-medium wp-image-107494\" src=\"https:\/\/www.europesays.com\/de\/wp-content\/uploads\/2026\/01\/Rathaus-der-Traeume-300x207.jpg\" alt=\"Rathaus der (T)r\u00e4ume\" width=\"300\" height=\"207\"  \/><\/a><\/p>\n<p id=\"caption-attachment-107494\" class=\"wp-caption-text\">Rathaus der (T)r\u00e4ume<\/p>\n<p>Der Neujahrsempfang der Landeshauptstadt Hannover (LHH) ist seit mehr als zehn Jahren eine feste Tradition. Auch 2026 l\u00e4dt <a href=\"https:\/\/www.hannover-entdecken.de\/buergermeister-der-stadt-hannover\/\" data-internallinksmanager029f6b8e52c=\"3906\" title=\"Oberb\u00fcrgermeister\" target=\"_blank\" rel=\"noopener\">Oberb\u00fcrgermeister<\/a> Belit Onay die Einwohner*innen Hannovers ein, den Start ins neue Jahr gemeinsam zu feiern. Der Empfang findet am Freitag, 9. Januar, ab 15 Uhr im <a href=\"https:\/\/www.hannover-entdecken.de\/neues-rathaus-hannover\/\" data-internallinksmanager029f6b8e52c=\"3623\" title=\"Neues Rathaus Hannover\" target=\"_blank\" rel=\"noopener\">Neuen Rathaus<\/a> statt. Und bereits ab 14 Uhr sind die B\u00fcrger*innen auf den <a href=\"https:\/\/www.hannover-entdecken.de\/platz-der-menschenrechte-hannover\/\" data-internallinksmanager029f6b8e52c=\"2351\" title=\"Platz der Menschenrechte (Trammplatz)\" target=\"_blank\" rel=\"noopener\">Platz der Menschenrechte<\/a> eingeladen: Dort gibt es eine kulinarische Einstimmung sowie Mitmachangebote f\u00fcr die ganze Familie.<\/p>\n<p>Der Jahresbeginn ist ein Moment der Zuversicht \u2013 eine Zeit, um innezuhalten, zur\u00fcckzublicken und zugleich mutig nach vorn zu schauen. Der Neujahrsempfang steht dabei unter einem besonderen Schwerpunkt: den Kindern und ihren Tr\u00e4umen. Hannover hat sich auf den Weg gemacht, eine kinderfreundliche Kommune zu werden, und unter dem Motto \u201eUnser Rathaus der (T)r\u00e4ume\u201c r\u00fccken die Perspektiven, Ideen und Zukunftsw\u00fcnsche f\u00fcr die Kinder in den Mittelpunkt.<\/p>\n<p>Um 15 Uhr begr\u00fc\u00dft Oberb\u00fcrgermeister Belit Onay die G\u00e4ste in der Rathaushalle, die Grundschule <a href=\"https:\/\/www.hannover-entdecken.de\/wettbergen\/\" data-internallinksmanager029f6b8e52c=\"3700\" title=\"Stadtteil Wettbergen\" target=\"_blank\" rel=\"noopener\">Wettbergen<\/a> begleitet musikalisch die Er\u00f6ffnung.<\/p>\n<p>Ab 15.30 Uhr startet das umfangreiche Programm in den R\u00e4umen und S\u00e4len des Neuen Rathauses. Im Kasino stehen Sport(T)r\u00e4ume mit Angeboten wie Skaten, BMX-Fahren, Bullriding und Tischtennis im Mittelpunkt. Das Pressezentrum verwandelt sich in Erlebnis(T)r\u00e4ume mit einer Spiellounge, E-Soccer und einer Eislauffl\u00e4che.<\/p>\n<p>Im Gartensaal laden Musik(T)r\u00e4ume mit regionalen Bands, einem Hip-Hop-Workshop sowie Musikinstrumenten zum Ausprobieren ein. Stargast ist die Kinderrechte-Rapperin SUKINI aus Berlin. Der Hodlersaal bietet Tanz(T)r\u00e4ume mit einer Silent Disco sowie Politik(T)r\u00e4ume: Besonderes Highlight ist hier der Vortrag des renommierten Soziologen Aladin El-Mafaalani.<\/p>\n<p>Ein besonderes Highlight erwartet die Besucher*innen im Gobelinsaal: Dort l\u00e4dt eine 100 Quadratmeter gro\u00dfe Murmelbahn zum Staunen und Mitmachen ein. Im Raum Leipzig stehen Zukunfts(T)r\u00e4ume mit smarten Mitmachaktionen im Fokus.<\/p>\n<p>Im Rathaussaal, im Mosaiksaal und im Kolleginnenzimmer pr\u00e4sentieren sich Politiker*innen und treten im Format \u201eRat im Dialog\u201c mit den Besucher*innen in den Austausch. Dar\u00fcber hinaus besteht die M\u00f6glichkeit, wie gewohnt mit Dezernent*innen und B\u00fcrgermeister*innen ins Gespr\u00e4ch zu kommen sowie Informationen und Beratung zu den Themen Kommunalpolitik, Integration, Senior*innen und Nachhaltigkeit zu erhalten.<\/p>\n<p>Erg\u00e4nzt wird das Programm durch die Auftritte der K\u00fcnstler*innen aus der <a href=\"https:\/\/www.hannover-entdecken.de\/tag\/musikschule\/\" data-internallinksmanager029f6b8e52c=\"3898\" title=\"Musikschule\" target=\"_blank\" rel=\"noopener\">Musikschule Hannover<\/a> und der Bands \u201eBluemeania\u201c, \u201eStudio 171\u201c und \u201eJust.Alysssa\u201c sowie das Rap-Projekt \u201eInner Burg\u201c und der Rapsong der Kinderfreundlichen Kommune von Finn Sch\u00fcler.<\/p>\n<p>Der Neujahrsempfang macht Lust, miteinander und positiv ins neue Jahr zu starten, mit Kinderlachen und kreativen Ideen gemeinsam die Zukunft Hannovers zu gestalten.<\/p>\n","protected":false},"excerpt":{"rendered":"Rathaus der (T)r\u00e4ume Der Neujahrsempfang der Landeshauptstadt Hannover (LHH) ist seit mehr als zehn Jahren eine feste Tradition.&hellip;\n","protected":false},"author":2,"featured_media":696829,"comment_status":"","ping_status":"","sticky":false,"template":"","format":"standard","meta":{"footnotes":""},"categories":[1836],"tags":[3364,29,30,46,1411],"class_list":{"0":"post-696828","1":"post","2":"type-post","3":"status-publish","4":"format-standard","5":"has-post-thumbnail","7":"category-hannover","8":"tag-de","9":"tag-deutschland","10":"tag-germany","11":"tag-hannover","12":"tag-niedersachsen"},"share_on_mastodon":{"url":"https:\/\/pubeurope.com\/@de\/115846588958809002","error":""},"_links":{"self":[{"href":"https:\/\/www.europesays.com\/de\/wp-json\/wp\/v2\/posts\/696828","targetHints":{"allow":["GET"]}}],"collection":[{"href":"https:\/\/www.europesays.com\/de\/wp-json\/wp\/v2\/posts"}],"about":[{"href":"https:\/\/www.europesays.com\/de\/wp-json\/wp\/v2\/types\/post"}],"author":[{"embeddable":true,"href":"https:\/\/www.europesays.com\/de\/wp-json\/wp\/v2\/users\/2"}],"replies":[{"embeddable":true,"href":"https:\/\/www.europesays.com\/de\/wp-json\/wp\/v2\/comments?post=696828"}],"version-history":[{"count":0,"href":"https:\/\/www.europesays.com\/de\/wp-json\/wp\/v2\/posts\/696828\/revisions"}],"wp:featuredmedia":[{"embeddable":true,"href":"https:\/\/www.europesays.com\/de\/wp-json\/wp\/v2\/media\/696829"}],"wp:attachment":[{"href":"https:\/\/www.europesays.com\/de\/wp-json\/wp\/v2\/media?parent=696828"}],"wp:term":[{"taxonomy":"category","embeddable":true,"href":"https:\/\/www.europesays.com\/de\/wp-json\/wp\/v2\/categories?post=696828"},{"taxonomy":"post_tag","embeddable":true,"href":"https:\/\/www.europesays.com\/de\/wp-json\/wp\/v2\/tags?post=696828"}],"curies":[{"name":"wp","href":"https:\/\/api.w.org\/{rel}","templated":true}]}}