{"id":696835,"date":"2026-01-06T05:53:11","date_gmt":"2026-01-06T05:53:11","guid":{"rendered":"https:\/\/www.europesays.com\/de\/696835\/"},"modified":"2026-01-06T05:53:11","modified_gmt":"2026-01-06T05:53:11","slug":"niedersachsen-bremen-wette-um-gruenkohl-ist-die-weser-zugefroren","status":"publish","type":"post","link":"https:\/\/www.europesays.com\/de\/696835\/","title":{"rendered":"Niedersachsen &#038; Bremen: Wette um Gr\u00fcnkohl \u2013 Ist die Weser zugefroren?"},"content":{"rendered":"<p>Niedersachsen &amp; BremenWette um Gr\u00fcnkohl \u2013 Ist die Weser zugefroren?<img decoding=\"async\" class=\"Image_img__fQCi0 Image_Img_16_9__4BLfH\" loading=\"eager\" fetchpriority=\"high\" src=\"https:\/\/www.europesays.com\/de\/wp-content\/uploads\/2026\/01\/Der-Brauch-geht-auf-eine-Wette-von-1829-zurueck.webp.webp\" alt=\"Der-Brauch-geht-auf-eine-Wette-von-1829-zurueck\"\/>TeilenFolgen auf:<a href=\"https:\/\/www.whatsapp.com\/channel\/0029Va5cdVJD8SDp5YZgYF01\" title=\"Auf WhatsApp folgen\" target=\"_blank\" rel=\"noopener\"><img decoding=\"async\" src=\"https:\/\/www.n-tv.de\/socialIcons\/whatsapp.svg\" alt=\"whatsapp\" class=\"ArticleShare_icon__FsrC2\"\/><\/a><a href=\"https:\/\/news.google.com\/publications\/CAAiEPMdif5mpRNxiLOeUpHCwwsqFAgKIhDzHYn-ZqUTcYiznlKRwsML?hl=de&amp;gl=DE&amp;ceid=DE%3Ade\" title=\"Auf Google News folgen\" target=\"_blank\" rel=\"noopener\"><img decoding=\"async\" src=\"https:\/\/www.n-tv.de\/socialIcons\/google.svg\" alt=\"whatsapp\" class=\"ArticleShare_icon__FsrC2\"\/><\/a><\/p>\n<p class=\"Typography_text-m__XI0da Typography_weight-bold__uT6mq storyline_lead_text_leadtext__q_wg8\">Vor fast 200 Jahren schlossen Bremer Kaufleute eine Wette ab. Bis heute wird die Tradition gepflegt \u2013 trotz klaren Ausgangs.<\/p>\n<p class=\"Typography_text-default__P3otY Typography_weight-normal__pqUbH storyline_paragraph_p__qSR5N\">Bremen (dpa\/lni) &#8211; Es ist eine ungew\u00f6hnliche Wette: Ein als Schneider verkleideter Schauspieler pr\u00fcft mit einem hei\u00dfen B\u00fcgeleisen, ob die Weser in Bremen zugefroren ist. &#8222;Seit 1947 ist sie es nicht mehr und wird es wohl auch nie wieder sein&#8220;, r\u00e4umen die Veranstalter ein. Obwohl es nicht so richtig spannend wird, werden wieder Hunderte Schaulustige zum traditionellen Spektakel erwartet.<\/p>\n<p>Skurrile Bremer Tradition<\/p>\n<p class=\"Typography_text-default__P3otY Typography_weight-normal__pqUbH storyline_paragraph_p__qSR5N\">Das Pr\u00e4sidium der Eiswette, die Novizen und die Heiligen Drei K\u00f6nige erwarten den Schneider p\u00fcnktlich um 12 Uhr am Osterdeich. Meistens kommt er zu sp\u00e4t und wird dann vor aller Augen gewogen. Wiegt der Schneider 99 Pfund &#8211; also nicht einmal 45 Kilo &#8211; ist er der richtige Mann.<\/p>\n<p class=\"Typography_text-default__P3otY Typography_weight-normal__pqUbH storyline_paragraph_p__qSR5N\">Laut Statuten muss der Schneider die Weser trockenen Fu\u00dfes und mit einem hei\u00dfen B\u00fcgeleisen in der Hand \u00fcberqueren. Schafft er es aus eigener Kraft, w\u00e4re die Wette gewonnen. Seit Jahrzehnten muss er dazu die Hilfe der Seenotretter in Anspruch nehmen und mit einem Boot den Fluss \u00fcberwinden. So lautet das Ergebnis: &#8222;De Werser geiht!&#8220; \u2013 und die Wette ist verloren.<\/p>\n<p>Wette um Gr\u00fcnkohl-Essen<\/p>\n<p class=\"Typography_text-default__P3otY Typography_weight-normal__pqUbH storyline_paragraph_p__qSR5N\">Die Tradition geht auf das Jahr 1829 zur\u00fcck. Damals schlossen 18 Bremer eine Wette ab: Friert die Weser Anfang Januar zu oder nicht? Der Wetteinsatz war ein gemeinsames Kohlessen. Seitdem wird die Wette bis auf wenige Ausnahmen j\u00e4hrlich zelebriert.<\/p>\n<p class=\"Typography_text-default__P3otY Typography_weight-normal__pqUbH storyline_paragraph_p__qSR5N\">Der Wetteinsatz wird traditionell am 3. Samstag im Januar verspeist. Rund 800 G\u00e4ste sind zum Eiswettfest mit Kohl und Pinkel im Congress Centrum eingeladen. Dabei werden Spenden f\u00fcr die Seenotretter gesammelt.<\/p>\n<p class=\"Typography_text-s__wu_cm Typography_weight-normal__pqUbH Typography_color-darkgrey__sZEnP article-detail-footer_source__KslPc\">Quelle: dpa<\/p>\n","protected":false},"excerpt":{"rendered":"Niedersachsen &amp; BremenWette um Gr\u00fcnkohl \u2013 Ist die Weser zugefroren?TeilenFolgen auf: Vor fast 200 Jahren schlossen Bremer Kaufleute&hellip;\n","protected":false},"author":2,"featured_media":696836,"comment_status":"","ping_status":"","sticky":false,"template":"","format":"standard","meta":{"footnotes":""},"categories":[1824],"tags":[2420,3364,29,30],"class_list":{"0":"post-696835","1":"post","2":"type-post","3":"status-publish","4":"format-standard","5":"has-post-thumbnail","7":"category-bremen","8":"tag-bremen","9":"tag-de","10":"tag-deutschland","11":"tag-germany"},"share_on_mastodon":{"url":"https:\/\/pubeurope.com\/@de\/115846604737039334","error":""},"_links":{"self":[{"href":"https:\/\/www.europesays.com\/de\/wp-json\/wp\/v2\/posts\/696835","targetHints":{"allow":["GET"]}}],"collection":[{"href":"https:\/\/www.europesays.com\/de\/wp-json\/wp\/v2\/posts"}],"about":[{"href":"https:\/\/www.europesays.com\/de\/wp-json\/wp\/v2\/types\/post"}],"author":[{"embeddable":true,"href":"https:\/\/www.europesays.com\/de\/wp-json\/wp\/v2\/users\/2"}],"replies":[{"embeddable":true,"href":"https:\/\/www.europesays.com\/de\/wp-json\/wp\/v2\/comments?post=696835"}],"version-history":[{"count":0,"href":"https:\/\/www.europesays.com\/de\/wp-json\/wp\/v2\/posts\/696835\/revisions"}],"wp:featuredmedia":[{"embeddable":true,"href":"https:\/\/www.europesays.com\/de\/wp-json\/wp\/v2\/media\/696836"}],"wp:attachment":[{"href":"https:\/\/www.europesays.com\/de\/wp-json\/wp\/v2\/media?parent=696835"}],"wp:term":[{"taxonomy":"category","embeddable":true,"href":"https:\/\/www.europesays.com\/de\/wp-json\/wp\/v2\/categories?post=696835"},{"taxonomy":"post_tag","embeddable":true,"href":"https:\/\/www.europesays.com\/de\/wp-json\/wp\/v2\/tags?post=696835"}],"curies":[{"name":"wp","href":"https:\/\/api.w.org\/{rel}","templated":true}]}}