{"id":696841,"date":"2026-01-06T05:56:53","date_gmt":"2026-01-06T05:56:53","guid":{"rendered":"https:\/\/www.europesays.com\/de\/696841\/"},"modified":"2026-01-06T05:56:53","modified_gmt":"2026-01-06T05:56:53","slug":"rueckschau-wtf-shisharillo-ueberzeugt-auf-der-essen-motor-show","status":"publish","type":"post","link":"https:\/\/www.europesays.com\/de\/696841\/","title":{"rendered":"R\u00fcckschau: WTF! SHISHARILLO \u00fcberzeugt auf der Essen Motor Show"},"content":{"rendered":"<p class=\"date\">05.01.2026 \u2013 12:22<\/p>\n<p class=\"customer\">\n                        <a class=\"story-customer\" title=\"weiter zum newsroom von Arnold Andr\u00e9 GmbH\" href=\"https:\/\/www.presseportal.de\/nr\/157846\" target=\"_blank\" rel=\"noopener\">Arnold Andr\u00e9 GmbH<\/a>\n                    <\/p>\n<p><a class=\"glightbox-pseudo event-trigger\" href=\"https:\/\/cache.pressmailing.net\/thumbnail\/story_hires\/83c17d9e-53ca-4ce7-8d9f-ebd0a5f59bb0\/WTF!%20Essen%20Motor%20Show%202025%20-%2014_s.jpeg.jpg\" data-description=\"\" data-category=\"medialightbox\" data-action=\"click\" data-label=\"single\" data-value=\"695b9ee9270000fd2c5f42d1\" target=\"_blank\" rel=\"noopener\"><img decoding=\"async\" height=\"540\" with=\"720\" src=\"https:\/\/www.europesays.com\/de\/wp-content\/uploads\/2026\/01\/r-ckschau-wtf-shisharillo-berzeugt-auf-der-essen-motor-show.jpeg\"   alt=\"R\u00fcckschau: WTF! SHISHARILLO \u00fcberzeugt auf der Essen Motor Show\" class=\"single\"\/><\/a><\/p>\n<p class=\"story-download-headline\">Ein Dokument<\/p>\n<ul class=\"story-download-list\">\n<li class=\"story-download-list-item\"><a href=\"https:\/\/www.presseportal.de\/download\/document\/695b9ee8270000fd2c5f42ce-pm-wtf-essenmotorshow2025.pdf\" target=\"_blank\" rel=\"noopener\">PM_WTF_EssenMotorShow2025.pdf<br \/>PDF &#8211; 71 kB<\/a><\/li>\n<\/ul>\n<p>Wir starten das Jahr mit einer R\u00fcckschau auf eines der letzten Events im WTF-Kalender: die Essener Motor Show. Entnehmen Sie anbei Text- und Bildmaterial. <\/p>\n<p>Mit freundlichen Gr\u00fc\u00dfen<\/p>\n<p>Beatriz Dirksen<\/p>\n<p>headware &#8211; Agentur f\u00fcr Kommunikation GmbH<br \/>\n Dollendorfer Stra\u00dfe 34<br \/>\n 53639 K\u00f6nigswinter<br \/>\n Fon: +49 2244 9208-0<br \/>\n Fax: +49 2244 920888<br \/>\n <a target=\"_blank\" class=\"uri-ext outbound\" rel=\"noopener\" href=\"http:\/\/www.headware.de\/\">www.headware.de<\/a><\/p>\n<p> HRB Siegburg 6837 &#8211; USt.IdNr.: DE 811779074<br \/>\n Gesch\u00e4ftsf\u00fchrer: Helmut Billesfeld, Axel Grundh\u00f6fer, Dieter Reuter<br \/>\n<b>Weiteres Material zum Download<\/b><\/p>\n<p>Dokument:  <a target=\"_blank\" class=\"uri-ext outbound\" rel=\"noopener\" href=\"http:\/\/cache.pressmailing.net\/content\/d3303c5b-05c7-4b21-8a18-79ec16795bb7\/PM_WTF_EssenMotorShow2025.docx\">PM_WTF_EssenMotorShow2025.docx<\/a>  <\/p>\n","protected":false},"excerpt":{"rendered":"05.01.2026 \u2013 12:22 Arnold Andr\u00e9 GmbH Ein Dokument PM_WTF_EssenMotorShow2025.pdfPDF &#8211; 71 kB Wir starten das Jahr mit einer&hellip;\n","protected":false},"author":2,"featured_media":696842,"comment_status":"","ping_status":"","sticky":false,"template":"","format":"standard","meta":{"footnotes":""},"categories":[1834],"tags":[3477,3364,29,3688,30,1209,178,180,179,181],"class_list":{"0":"post-696841","1":"post","2":"type-post","3":"status-publish","4":"format-standard","5":"has-post-thumbnail","7":"category-essen","8":"tag-bild","9":"tag-de","10":"tag-deutschland","11":"tag-essen","12":"tag-germany","13":"tag-nordrhein-westfalen","14":"tag-presse","15":"tag-pressemeldung","16":"tag-pressemitteilung","17":"tag-pressemitteilungen"},"share_on_mastodon":{"url":"https:\/\/pubeurope.com\/@de\/115846620339782787","error":""},"_links":{"self":[{"href":"https:\/\/www.europesays.com\/de\/wp-json\/wp\/v2\/posts\/696841","targetHints":{"allow":["GET"]}}],"collection":[{"href":"https:\/\/www.europesays.com\/de\/wp-json\/wp\/v2\/posts"}],"about":[{"href":"https:\/\/www.europesays.com\/de\/wp-json\/wp\/v2\/types\/post"}],"author":[{"embeddable":true,"href":"https:\/\/www.europesays.com\/de\/wp-json\/wp\/v2\/users\/2"}],"replies":[{"embeddable":true,"href":"https:\/\/www.europesays.com\/de\/wp-json\/wp\/v2\/comments?post=696841"}],"version-history":[{"count":0,"href":"https:\/\/www.europesays.com\/de\/wp-json\/wp\/v2\/posts\/696841\/revisions"}],"wp:featuredmedia":[{"embeddable":true,"href":"https:\/\/www.europesays.com\/de\/wp-json\/wp\/v2\/media\/696842"}],"wp:attachment":[{"href":"https:\/\/www.europesays.com\/de\/wp-json\/wp\/v2\/media?parent=696841"}],"wp:term":[{"taxonomy":"category","embeddable":true,"href":"https:\/\/www.europesays.com\/de\/wp-json\/wp\/v2\/categories?post=696841"},{"taxonomy":"post_tag","embeddable":true,"href":"https:\/\/www.europesays.com\/de\/wp-json\/wp\/v2\/tags?post=696841"}],"curies":[{"name":"wp","href":"https:\/\/api.w.org\/{rel}","templated":true}]}}