{"id":696849,"date":"2026-01-06T06:01:35","date_gmt":"2026-01-06T06:01:35","guid":{"rendered":"https:\/\/www.europesays.com\/de\/696849\/"},"modified":"2026-01-06T06:01:35","modified_gmt":"2026-01-06T06:01:35","slug":"idee-alter-hafen-in-der-altstadt-soll-zum-hafenbad-werden","status":"publish","type":"post","link":"https:\/\/www.europesays.com\/de\/696849\/","title":{"rendered":"Idee \u2013 Alter Hafen in der Altstadt soll zum &#8222;Hafenbad&#8220; werden"},"content":{"rendered":"<p>An der Rheinuferpromenade <\/p>\n<p>Idee: Alter Hafen soll zum &#8222;Hafenbad&#8220; f\u00fcr jeden werden<\/p>\n<ul class=\"grid grid-flow-col gap-4\" aria-label=\"Autorenbilder\">\n<li class=\"leading-0\"><img data-tb-author-image=\"\"  loading=\"lazy\" src=\"https:\/\/www.europesays.com\/de\/wp-content\/uploads\/2025\/07\/1753836022_991_image.jpg\" alt=\"\" title=\"\" width=\"40\" height=\"40\" class=\"\" decoding=\"async\"\/><\/li>\n<\/ul>\n<p>05.01.2026 &#8211; 16:21 UhrLesedauer: 2 Min.<\/p>\n<p><a href=\"#focus-0\" class=\"transition-colors duration-200 block text-current relative\" data-sctrack=\"FocusGalleryImage.Reference\"><img fetchpriority=\"high\" data-testid=\"Opener.Image\" style=\"--lqipURL:url('https:\/\/images.t-online.de\/2026\/01\/6niCx2ymxRhF\/0x69:1303x733\/fit-in\/150x0\/filters:blur(25)\/image.jpg')\"   loading=\"eager\" src=\"https:\/\/www.europesays.com\/de\/wp-content\/uploads\/2026\/01\/1767679295_797_image.jpg\" alt=\"alter Hafen\" title=\"alter Hafen\" width=\"1303\" height=\"733\" class=\"bg-[url:var(--lqipURL)] bg-cover bg-center flex h-full w-full max-w-full\" decoding=\"async\"\/><img style=\"--width:32;--height:32\" loading=\"lazy\" src=\"https:\/\/duesseldorf.t-online.de\/s\/paper\/_next\/static\/media\/zoom-in.f7dae02f.svg\" alt=\"Vergr\u00f6\u00dfern des Bildes\" title=\"Vergr\u00f6\u00dfern des Bildes\" class=\"block h-[calc(var(--height)_\/_16_*_1rem)] w-[calc(var(--width)_\/_16_*_1rem)] max-w-none absolute bottom-8 right-8 rounded-4 bg-snow p-8\" decoding=\"async\"\/><\/a><\/p>\n<p>Der Entwurf von Ralf Breuer: Aus dem Hafenbecken an der Rheinuferpromenade wird ein Schwimmbad mit mehreren Becken. (Quelle: Architekturb\u00fcro Ralf Breuer)<\/p>\n<p class=\"font-bold text-18 leading-17\">Der Alte Hafen in der Altstadt soll umgestaltet werden. Ein D\u00fcsseldorfer Architekt schl\u00e4gt ein Schwimmbad vor, das im Winter zur Eisbahn umfunktioniert wird.<\/p>\n<p class=\"text-18 leading-17\">Der Aalschokker ist schon lange weg, doch auch ohne das marode Schiff im gr\u00fcn-verschmutzten Wasser bleibt der Alte Hafen an der Rheinuferpromenade ein h\u00f6chst unattraktiver Ort in der D\u00fcsseldorfer Altstadt. Der Architekt Ralf Breuer bezeichnet die Gegend rund um das Hafenbecken als &#8222;wenig lebendig, um nicht zu sagen tot&#8220;, trotz der zentralen Lage verirre sich selten jemand dorthin. Deshalb machte er sich zum Alten Hafen Gedanken und stellte sich die Frage, wie der Raum wohl am besten genutzt, wie er wiederbelebt werden k\u00f6nnte.<\/p>\n<p class=\"text-18 leading-17\">Die Antwort legte Breuer nun in Form eines Entwurfes vor: eine \u00f6ffentliche Schwimm- und Badeanstalt mit dem Arbeitstitel &#8222;Hafenbad&#8220;. Der Architekt lie\u00df sich f\u00fcr seine Idee von \u00e4hnlichen Einrichtungen in Kopenhagen inspirieren, wo es allein in innenst\u00e4dtischer Lage mehrere Bade- und Schwimmeinrichtungen gibt. Breuer sagt: &#8222;Solche Orte erh\u00f6hen die Lebensqualit\u00e4t in einer Stadt enorm \u2013 obwohl die in Kopenhagen bekannterma\u00dfen ohnehin schon sehr hoch ist.&#8220;<\/p>\n<p class=\"text-18 leading-17\">Der Entwurf f\u00fcr den Alten Hafen sieht nicht nur ein 50-Meter-Sportbecken und ein Kinderbecken vor, sondern &#8222;mit einem gewissen Mehraufwand&#8220; sind laut Breuer auch ein Sprungbecken sowie Whirlpools realisierbar. Im Winter k\u00f6nnte man die Fl\u00e4che zur Eisbahn umfunktionieren oder zum Eisbaden nutzen.<\/p>\n<p class=\"text-18 leading-17\">Doch im Gegensatz zu anderen bereits umgesetzten architektonischen Projekten in D\u00fcsseldorf solle das Hafenbad in erster Linie nicht dem Ziel dienen, Touristen in die Stadt zu locken. &#8222;So ein Schwimmbad w\u00e4re ein Ort, an dem man sich trifft, Sport treibt und sich entspannt \u2013 und das mitten in der Stadt&#8220;, sagt Breuer. Das &#8222;Hafenbad&#8220; w\u00e4re f\u00fcr ihn ein Angebot f\u00fcr die gesamte hiesige Stadtgesellschaft.<\/p>\n<p class=\"text-18 leading-17\">Der 65 Jahre alte Architekt erachtet gerade vor dem Hintergrund des im vergangenen Sommer in Kraft getretenen Badeverbots im Rhein ein derartiges Angebot f\u00fcr sinnvoll. Ebenso w\u00e4re f\u00fcr ihn das Schwimmbad eine Ma\u00dfnahme gegen die Ver\u00f6dung der Innenstadt. Breuer sagt: &#8222;Es wird ja schon seit Jahren dar\u00fcber diskutiert, wie innenst\u00e4dtische Fl\u00e4chen in Zukunft genutzt werden k\u00f6nnten. Das Hafenbad w\u00e4re da bestimmt nicht die schlechteste Idee.&#8220;<\/p>\n","protected":false},"excerpt":{"rendered":"An der Rheinuferpromenade Idee: Alter Hafen soll zum &#8222;Hafenbad&#8220; f\u00fcr jeden werden 05.01.2026 &#8211; 16:21 UhrLesedauer: 2 Min.&hellip;\n","protected":false},"author":2,"featured_media":696850,"comment_status":"","ping_status":"","sticky":false,"template":"","format":"standard","meta":{"footnotes":""},"categories":[1831],"tags":[125302,2922,3364,29,3405,4095,30,155192,72458,3467,1209,176,161036,5206,7968,30977,14597],"class_list":{"0":"post-696849","1":"post","2":"type-post","3":"status-publish","4":"format-standard","5":"has-post-thumbnail","7":"category-duesseldorf","8":"tag-eisbahn","9":"tag-altstadt","10":"tag-de","11":"tag-deutschland","12":"tag-duesseldorf","13":"tag-duesseldorfer-altstadt","14":"tag-germany","15":"tag-hafenbad","16":"tag-hafenbecken","17":"tag-landeshauptstadt","18":"tag-nordrhein-westfalen","19":"tag-nrw","20":"tag-ralf-breuer","21":"tag-rhein","22":"tag-rheinufer","23":"tag-rheinuferpromenade","24":"tag-schwimmbad"},"share_on_mastodon":{"url":"https:\/\/pubeurope.com\/@de\/115846636321205347","error":""},"_links":{"self":[{"href":"https:\/\/www.europesays.com\/de\/wp-json\/wp\/v2\/posts\/696849","targetHints":{"allow":["GET"]}}],"collection":[{"href":"https:\/\/www.europesays.com\/de\/wp-json\/wp\/v2\/posts"}],"about":[{"href":"https:\/\/www.europesays.com\/de\/wp-json\/wp\/v2\/types\/post"}],"author":[{"embeddable":true,"href":"https:\/\/www.europesays.com\/de\/wp-json\/wp\/v2\/users\/2"}],"replies":[{"embeddable":true,"href":"https:\/\/www.europesays.com\/de\/wp-json\/wp\/v2\/comments?post=696849"}],"version-history":[{"count":0,"href":"https:\/\/www.europesays.com\/de\/wp-json\/wp\/v2\/posts\/696849\/revisions"}],"wp:featuredmedia":[{"embeddable":true,"href":"https:\/\/www.europesays.com\/de\/wp-json\/wp\/v2\/media\/696850"}],"wp:attachment":[{"href":"https:\/\/www.europesays.com\/de\/wp-json\/wp\/v2\/media?parent=696849"}],"wp:term":[{"taxonomy":"category","embeddable":true,"href":"https:\/\/www.europesays.com\/de\/wp-json\/wp\/v2\/categories?post=696849"},{"taxonomy":"post_tag","embeddable":true,"href":"https:\/\/www.europesays.com\/de\/wp-json\/wp\/v2\/tags?post=696849"}],"curies":[{"name":"wp","href":"https:\/\/api.w.org\/{rel}","templated":true}]}}