{"id":696851,"date":"2026-01-06T06:02:17","date_gmt":"2026-01-06T06:02:17","guid":{"rendered":"https:\/\/www.europesays.com\/de\/696851\/"},"modified":"2026-01-06T06:02:17","modified_gmt":"2026-01-06T06:02:17","slug":"schneesturm-zieht-auf-orkanboeen-drohen","status":"publish","type":"post","link":"https:\/\/www.europesays.com\/de\/696851\/","title":{"rendered":"Schneesturm zieht auf \u2013 Orkanb\u00f6en drohen"},"content":{"rendered":"<p>30 Zentimeter Neuschnee m\u00f6glich <\/p>\n<p>Schneesturm erreicht D\u00fcsseldorf \u2013 DWD warnt vor Gl\u00e4tte<\/p>\n<p>Aktualisiert am 05.01.2026 &#8211; 18:05 UhrLesedauer: 2 Min.<\/p>\n<p><a href=\"#focus-0\" class=\"transition-colors duration-200 block text-current relative\" data-sctrack=\"FocusGalleryImage.Reference\"><img fetchpriority=\"high\" data-testid=\"Opener.Image\" style=\"--lqipURL:url('https:\/\/images.t-online.de\/2026\/01\/PWZG90qUt9G5\/0x206:4000x2250\/fit-in\/150x0\/filters:blur(25)\/germany-winter-germany-hamburg-winter-snow-pushing-deutschland-hamburg-winter-stadtreinigung-befreit-oeffentliche-wege-vom-schnee-hamburg-germany.jpg')\"   loading=\"eager\" src=\"https:\/\/www.europesays.com\/de\/wp-content\/uploads\/2026\/01\/germany-winter-germany-hamburg-winter-snow-pushing-deutschland-hamburg-winter-stadtreinigung-befreit.jpeg\" alt=\"imago images 111562309\" title=\"imago images 111562309\" width=\"4000\" height=\"2250\" class=\"bg-[url:var(--lqipURL)] bg-cover bg-center flex h-full w-full max-w-full\" decoding=\"async\"\/><img style=\"--width:32;--height:32\" loading=\"lazy\" src=\"https:\/\/duesseldorf.t-online.de\/s\/paper\/_next\/static\/media\/zoom-in.f7dae02f.svg\" alt=\"Vergr\u00f6\u00dfern des Bildes\" title=\"Vergr\u00f6\u00dfern des Bildes\" class=\"block h-[calc(var(--height)_\/_16_*_1rem)] w-[calc(var(--width)_\/_16_*_1rem)] max-w-none absolute bottom-8 right-8 rounded-4 bg-snow p-8\" decoding=\"async\"\/><\/a><\/p>\n<p>Eine Stra\u00dfe wird mit Schneeschaufeln ger\u00e4umt (Symbolbild): In D\u00fcsseldorf und Nordrhein-Westfalen werden bis Sonntag teils starke Schneef\u00e4lle erwartet. (Quelle: Joerg Boethling via www.imago-images.de\/imago)<\/p>\n<p class=\"font-bold text-18 leading-17\">Die Schneef\u00e4lle in D\u00fcsseldorf und Nordrhein-Westfalen dauern an. Einige Wettermodelle rechnen mit einem heftigen Wintereinbruch.<\/p>\n<p class=\"text-18 leading-17\">Bereits ab Dienstag k\u00fcndigen sich die n\u00e4chsten Schneef\u00e4lle an, die laut ersten Prognosen des <a class=\"transition-colors duration-200 cursor-pointer text-inherit no-underline text-salemsfur md:hover:text-magenta md:hover:border-magenta md:focus:text-magenta border-current border-b border-solid break-words\" href=\"https:\/\/www.t-online.de\/themen\/deutscher-wetterdienst\/\" data-sctrack=\"BodyAnchor\" target=\"_blank\" rel=\"noopener\">DWD<\/a> bis zum Wochenende anhalten k\u00f6nnten. Einige Wettermodelle rechnen bis Sonntag mit bis zu 70 Zentimeter Neuschnee, vor allem im Bergischen Land. In D\u00fcsseldorf k\u00f6nnten laut ersten Berechnungen in wenigen Tagen fast 30 Zentimeter Neuschnee fallen. Zudem drohen <a class=\"transition-colors duration-200 cursor-pointer text-inherit no-underline text-salemsfur md:hover:text-magenta md:hover:border-magenta md:focus:text-magenta border-current border-b border-solid break-words\" href=\"https:\/\/www.t-online.de\/nachrichten\/panorama\/wetter\/id_101067190\/-ski-und-rodel-gut-weiter-dauerfrost-in-deutschland.html\" data-sctrack=\"BodyAnchor\" target=\"_blank\" rel=\"noopener\">\u00fcberfrierende N\u00e4sse und gef\u00e4hrlicher Eisregen<\/a>.<\/p>\n<p>Video | -20\u00b0C: Schneesturm rollt auf Deutschland zu<\/p>\n<p><img style=\"--width:66;--height:64\" loading=\"lazy\" src=\"https:\/\/duesseldorf.t-online.de\/s\/paper\/_next\/static\/media\/loading-indicator.1490436c.svg\" alt=\"Video l\u00e4dt\" title=\"Video l\u00e4dt\" class=\"block h-[calc(var(--height)_\/_16_*_1rem)] w-[calc(var(--width)_\/_16_*_1rem)] max-w-none undefined\" decoding=\"async\"\/><img   loading=\"lazy\" src=\"https:\/\/www.europesays.com\/de\/wp-content\/uploads\/2026\/01\/winterabend-im-taunus-blick-in-die-winterlandschaft-am-grossen-feldberg-im-taunus-am-abend-bei-sonne.jpeg\" alt=\"imago images 0844745046\" title=\"imago images 0844745046\" width=\"4000\" height=\"2250\" class=\"w-full [grid-area:stack]\" decoding=\"async\"\/>Quelle: Glomex<\/p>\n<p class=\"text-18 leading-17\">Hinzu kommen \u00fcberfrierende N\u00e4sse und gefrierender Regen, die stellenweise auch Blitzeis verursachen k\u00f6nnten. Bereits in den vergangenen Tagen hatte es durch teils abrupte Schneeschauer und Gl\u00e4tte Probleme auf den Stra\u00dfen in Nordrhein-Westfalen gegeben. Teilweise war auch der Bahnverkehr erheblich beeintr\u00e4chtigt. Sp\u00e4testens zum Wochenende droht dann starker Schneefall.<\/p>\n<p class=\"text-18 leading-17\">Au\u00dferdem k\u00f6nnten orkanartige B\u00f6en Nordrhein-Westfalen erreichen. Erste Berechnungen erwarten am Freitag Windgeschwindigkeiten von mehr als 100 km\/h, vor allem im Rheinland und Ruhrgebiet.<\/p>\n<p class=\"text-18 leading-17\">Das als zuverl\u00e4ssig geltende Wettermodell des Europ\u00e4ischen Zentrums f\u00fcr mittelfristige Wettervorhersagen (ECMWF) rechnet dabei in D\u00fcsseldorf bis Sonntagabend mit bis zu 30 Zentimeter Neuschnee. Im Bergischen Land und in der Eifel sind sogar fast 70 Zentimeter Neuschnee zu erwarten.<\/p>\n","protected":false},"excerpt":{"rendered":"30 Zentimeter Neuschnee m\u00f6glich Schneesturm erreicht D\u00fcsseldorf \u2013 DWD warnt vor Gl\u00e4tte Aktualisiert am 05.01.2026 &#8211; 18:05 UhrLesedauer:&hellip;\n","protected":false},"author":2,"featured_media":696635,"comment_status":"","ping_status":"","sticky":false,"template":"","format":"standard","meta":{"footnotes":""},"categories":[1831],"tags":[1424,41282,3364,950,29,9056,3405,4906,1418,153836,2214,30,42751,126383,1209,33548,27551,13619,33547,137711,161037,97394,2256,51242,5415,137710],"class_list":{"0":"post-696851","1":"post","2":"type-post","3":"status-publish","4":"format-standard","5":"has-post-thumbnail","7":"category-duesseldorf","8":"tag-aachen","9":"tag-bergisches-land","10":"tag-de","11":"tag-deutscher-wetterdienst","12":"tag-deutschland","13":"tag-dueren","14":"tag-duesseldorf","15":"tag-dwd","16":"tag-eifel","17":"tag-eisfront","18":"tag-euskirchen","19":"tag-germany","20":"tag-glaette","21":"tag-neuschnee","22":"tag-nordrhein-westfalen","23":"tag-oberbergischer-kreis","24":"tag-rhein-erft-kreis","25":"tag-rhein-sieg-kreis","26":"tag-rheinisch-bergischer-kreis","27":"tag-schneefall","28":"tag-schneeschaufel","29":"tag-schneesturm","30":"tag-wetterausblick","31":"tag-wettermodell","32":"tag-wetterprognose","33":"tag-wintereinbruch"},"share_on_mastodon":{"url":"https:\/\/pubeurope.com\/@de\/115846640473640738","error":""},"_links":{"self":[{"href":"https:\/\/www.europesays.com\/de\/wp-json\/wp\/v2\/posts\/696851","targetHints":{"allow":["GET"]}}],"collection":[{"href":"https:\/\/www.europesays.com\/de\/wp-json\/wp\/v2\/posts"}],"about":[{"href":"https:\/\/www.europesays.com\/de\/wp-json\/wp\/v2\/types\/post"}],"author":[{"embeddable":true,"href":"https:\/\/www.europesays.com\/de\/wp-json\/wp\/v2\/users\/2"}],"replies":[{"embeddable":true,"href":"https:\/\/www.europesays.com\/de\/wp-json\/wp\/v2\/comments?post=696851"}],"version-history":[{"count":0,"href":"https:\/\/www.europesays.com\/de\/wp-json\/wp\/v2\/posts\/696851\/revisions"}],"wp:featuredmedia":[{"embeddable":true,"href":"https:\/\/www.europesays.com\/de\/wp-json\/wp\/v2\/media\/696635"}],"wp:attachment":[{"href":"https:\/\/www.europesays.com\/de\/wp-json\/wp\/v2\/media?parent=696851"}],"wp:term":[{"taxonomy":"category","embeddable":true,"href":"https:\/\/www.europesays.com\/de\/wp-json\/wp\/v2\/categories?post=696851"},{"taxonomy":"post_tag","embeddable":true,"href":"https:\/\/www.europesays.com\/de\/wp-json\/wp\/v2\/tags?post=696851"}],"curies":[{"name":"wp","href":"https:\/\/api.w.org\/{rel}","templated":true}]}}