{"id":696852,"date":"2026-01-06T06:03:14","date_gmt":"2026-01-06T06:03:14","guid":{"rendered":"https:\/\/www.europesays.com\/de\/696852\/"},"modified":"2026-01-06T06:03:14","modified_gmt":"2026-01-06T06:03:14","slug":"abfall-wird-nicht-abgeholt-verzoegerungen-bei-der-muellabfuhr-im-kreis-esslingen-schon-wieder-personalnot-kreis","status":"publish","type":"post","link":"https:\/\/www.europesays.com\/de\/696852\/","title":{"rendered":"Abfall wird nicht abgeholt: Verz\u00f6gerungen bei der M\u00fcllabfuhr im Kreis Esslingen \u2013 schon wieder Personalnot &#8211; Kreis"},"content":{"rendered":"<p>\t\t\t\t\t\t\t\t\t\t\t\t\t\t\t\t\t\t\t\t\t\t\t\t\t\t\t\t\t\t\t\t\t\t\t\t   \t\t\t\t\t \t\t\t\t   \t      \t\t\t\t   <img decoding=\"async\" id=\"article-image\" fetchpriority=\"high\" alt=\"Abfall wird nicht abgeholt: Verz\u00f6gerungen bei der M\u00fcllabfuhr im Kreis Esslingen \u2013 schon wieder Personalnot\" title=\"Abfall wird nicht abgeholt: Verz\u00f6gerungen bei der M\u00fcllabfuhr im Kreis Esslingen \u2013 schon wieder Personalnot\" src=\"https:\/\/www.europesays.com\/de\/wp-content\/uploads\/2026\/01\/media.media.d79b29db-0c22-439d-99e5-b67b47afcfcc.original700.jpg\" data-linkto=\"https:\/\/www.esslinger-zeitung.de\/javascript:void(0);\"\/>\t\t\t\t\t\t\t\t\t\t\t\t\t\t\t\t\t\t\t\t\t\t\t\tVolle M\u00fclltonnen nach den Feiertagen: Die Leerung zieht sich im Kreis Esslingen noch ein paar Tage hin.\u00a0Foto: imago\/Chromeorange\t\t\t<\/p>\n<p>Die Termine der Leerung sind bei allen Abfallarten derzeit nicht zu halten, teilt der AWB mit. Die beauftragten Entsorgungsfirmen geben Personal- und Fahrzeugausf\u00e4lle als Grund an.<\/p>\n<p>Bei der <a href=\"https:\/\/www.esslinger-zeitung.de\/thema\/M%C3%BCllabfuhr\" title=\"M\u00fcllabfuhr\" class=\"art_thema\" target=\"_blank\" rel=\"noopener\">M\u00fcllabfuhr<\/a> im Kreis <a href=\"https:\/\/www.esslinger-zeitung.de\/thema\/Esslingen\" title=\"Esslingen\" class=\"art_thema\" target=\"_blank\" rel=\"noopener\">Esslingen<\/a> l\u00e4uft es wieder einmal nicht nach Plan. Wie der Abfallwirtschaftsbetrieb (AWB) informiert, verz\u00f6gert sich aktuell die Abfuhr aller Abfallarten \u2013 insbesondere <a href=\"https:\/\/www.esslinger-zeitung.de\/inhalt.biomuell-im-kreis-esslingen-esslingen-holt-beim-biomuell-jetzt-auch-den-kreis-goeppingen-ins-boot.f3b8175d-4657-45f6-a5f4-f74239040167.html\" target=\"_blank\" rel=\"noopener\">beim Bio- und Restm\u00fcll<\/a> \u2013 im gesamten Kreisgebiet. <\/p>\n<p>\u201eIn gleich mehreren Entsorgungsbezirken muss die Abfuhr derzeit verlegt werden\u201c, r\u00e4umt Marian A. Hummel, Abteilungsleiter Logistik und Kommunikation des AWB, ein. \u201eGerade im Nachgang der Feiertage, wo erhebliche Mehrmengen anfallen, ist dies besonders \u00e4rgerlich.\u201c <\/p>\n<p>  <img decoding=\"async\" loading=\"lazy\" src=\"https:\/\/www.europesays.com\/de\/wp-content\/uploads\/2026\/01\/media.media.a20f5fd6-a590-4f0b-9e32-5c8ca5b3e77e.original1024.media.jpeg\"\/>     Wieder einmal kommt es im   <a href=\"https:\/\/www.esslinger-zeitung.de\/thema\/Kreis_Esslingen\" title=\"Kreis Esslingen\" class=\"art_thema\" target=\"_blank\" rel=\"noopener\">Kreis Esslingen<\/a> zu Problemen bei der Abfuhr der Biom\u00fclltonnen.    Foto: picture alliance\/dpa    <\/p>\n<p>Die mit der Sammlung beauftragten Entsorgungsunternehmen geben sowohl Personalengp\u00e4sse als auch Fahrzeugausf\u00e4lle als Grund f\u00fcr die derzeitigen Verz\u00f6gerungen bei der M\u00fcllabfuhr an, hei\u00dft es seitens des AWB. Zudem w\u00fcrden die momentanen Witterungsbedingungen die Einsammlung erschweren.<\/p>\n<p>AWB Kreis Esslingen pr\u00fcft Einsatz weiterer Entsorgungsfirmen <\/p>\n<p>Der Anspruch des Abfallwirtschaftsbetriebes ist es den Angaben zufolge, die Abfuhr schnellstm\u00f6glich wieder termingerecht zu gew\u00e4hrleisten. \u201eDaf\u00fcr wird derzeit der <a href=\"https:\/\/www.esslinger-zeitung.de\/inhalt.massives-muellproblem-im-kreis-esslingen-2000-beschwerden-pro-tag-abw-chef-aeussert-sich.3fe5549f-ff1f-449d-b40b-504ec3a694f8.html\" target=\"_blank\" rel=\"noopener\">Einsatz weiterer Entsorgungsunternehmen<\/a> gepr\u00fcft\u201c, teilt der AWB mit. W\u00e4hrend die Situation im Westen des Kreisgebietes schon ab Mitte dieser Woche bereinigt sein sollte, wird sich das im \u00f6stlichen Kreisgebiet aller Voraussicht nach noch bis Anfang kommender Woche hinausziehen.<\/p>\n<p>Einwohner, in deren Stra\u00dfenzug sich die Abfuhr verz\u00f6gert, erhalten laut dem AWB eine Benachrichtigung \u00fcber die kostenlose <a href=\"https:\/\/www.esslinger-zeitung.de\/thema\/Abfall\" title=\"Abfall\" class=\"art_thema\" target=\"_blank\" rel=\"noopener\">Abfall<\/a>-App direkt auf ihr Smartphone. Dar\u00fcber hinaus werden die Informationen regelm\u00e4\u00dfig auf der Homepage: www.awb-es.de aktualisiert.<\/p>\n<p>Allen Betroffenen, deren M\u00fclltonnen nicht geleert wurden, empfiehlt der AWB: Die Beh\u00e4lter sollten in jedem Fall weiterhin zur Abholung am Stra\u00dfenrand bereitgestellt bleiben. \u201eNachleerungen werden m\u00f6glichst zeitnah durchgef\u00fchrt.\u201c Sollte auch am anschlie\u00dfenden Werktag des Abfuhrtermins <a href=\"https:\/\/www.esslinger-zeitung.de\/inhalt.probleme-im-kreis-esslingen-warum-in-vielen-ortsteilen-bio-und-restmuelltonnen-nicht-geleert-werden.7634c97d-9c37-4e0f-a8d6-a5e5a06b2bec.html\" target=\"_blank\" rel=\"noopener\">keine Leerung erfolgt<\/a> sein, bittet der kreiseigene Abfallwirtschaftsbetrieb darum, den Ausfall zu reklamieren. Nur dann k\u00f6nnten die R\u00fcckst\u00e4nde konsequent abgearbeitet werden.<\/p>\n","protected":false},"excerpt":{"rendered":"Volle M\u00fclltonnen nach den Feiertagen: Die Leerung zieht sich im Kreis Esslingen noch ein paar Tage hin.\u00a0Foto: imago\/Chromeorange&hellip;\n","protected":false},"author":2,"featured_media":696853,"comment_status":"","ping_status":"","sticky":false,"template":"","format":"standard","meta":{"footnotes":""},"categories":[1830],"tags":[11107,146462,1634,35613,3364,29,161038,3439,30,15254,3438,4226,1441],"class_list":{"0":"post-696852","1":"post","2":"type-post","3":"status-publish","4":"format-standard","5":"has-post-thumbnail","7":"category-stuttgart","8":"tag-abfall","9":"tag-awb","10":"tag-baden-wuerttemberg","11":"tag-biomuell","12":"tag-de","13":"tag-deutschland","14":"tag-entsorgungsfirmen","15":"tag-esslingen","16":"tag-germany","17":"tag-kreis-esslingen","18":"tag-landkreis-esslingen","19":"tag-muellabfuhr","20":"tag-stuttgart"},"share_on_mastodon":{"url":"https:\/\/pubeurope.com\/@de\/115846644000772529","error":""},"_links":{"self":[{"href":"https:\/\/www.europesays.com\/de\/wp-json\/wp\/v2\/posts\/696852","targetHints":{"allow":["GET"]}}],"collection":[{"href":"https:\/\/www.europesays.com\/de\/wp-json\/wp\/v2\/posts"}],"about":[{"href":"https:\/\/www.europesays.com\/de\/wp-json\/wp\/v2\/types\/post"}],"author":[{"embeddable":true,"href":"https:\/\/www.europesays.com\/de\/wp-json\/wp\/v2\/users\/2"}],"replies":[{"embeddable":true,"href":"https:\/\/www.europesays.com\/de\/wp-json\/wp\/v2\/comments?post=696852"}],"version-history":[{"count":0,"href":"https:\/\/www.europesays.com\/de\/wp-json\/wp\/v2\/posts\/696852\/revisions"}],"wp:featuredmedia":[{"embeddable":true,"href":"https:\/\/www.europesays.com\/de\/wp-json\/wp\/v2\/media\/696853"}],"wp:attachment":[{"href":"https:\/\/www.europesays.com\/de\/wp-json\/wp\/v2\/media?parent=696852"}],"wp:term":[{"taxonomy":"category","embeddable":true,"href":"https:\/\/www.europesays.com\/de\/wp-json\/wp\/v2\/categories?post=696852"},{"taxonomy":"post_tag","embeddable":true,"href":"https:\/\/www.europesays.com\/de\/wp-json\/wp\/v2\/tags?post=696852"}],"curies":[{"name":"wp","href":"https:\/\/api.w.org\/{rel}","templated":true}]}}