{"id":696854,"date":"2026-01-06T06:04:12","date_gmt":"2026-01-06T06:04:12","guid":{"rendered":"https:\/\/www.europesays.com\/de\/696854\/"},"modified":"2026-01-06T06:04:12","modified_gmt":"2026-01-06T06:04:12","slug":"stuttgart-dreikoenigstreffen-der-fdp-in-schwierigen-zeiten","status":"publish","type":"post","link":"https:\/\/www.europesays.com\/de\/696854\/","title":{"rendered":"Stuttgart | Dreik\u00f6nigstreffen der FDP in schwierigen Zeiten"},"content":{"rendered":"<p>Stuttgart (dpa) &#8211; Die FDP kommt zum Auftakt des f\u00fcr sie schicksalhaften Jahres 2026 in Stuttgart zu ihrem traditionellen Dreik\u00f6nigstreffen zusammen. Dabei muss es Parteichef Christian D\u00fcrr gelingen, der aus dem Bundestag geflogenen Partei wieder Mut und Zuversicht zu geben, um die f\u00fcnf Landtagswahlen in diesem Jahr zu bestehen.\u00a0<\/p>\n<p>Besonders wichtig werden gleich im M\u00e4rz die Wahlen in Baden-W\u00fcrttemberg und in Rheinland-Pfalz sein. Baden-W\u00fcrttemberg sehen die Liberalen als ihr Stammland an, in Rheinland-Pfalz sitzen sie noch als Teil einer Ampel-Koalition in der Landesregierung.\u00a0<\/p>\n<p>Ein Scheitern in den Westl\u00e4ndern k\u00e4me f\u00fcr die FDP einer Katastrophe gleich, weil sie bei den Wahlen im September in Sachsen-Anhalt, Mecklenburg-Vorpommern und Berlin kaum auf gute Ergebnisse hoffen kann. Im Osten f\u00e4llt es den Liberalen oft noch schwerer als im Westen, die W\u00e4hler zu \u00fcberzeugen.<\/p>\n<p>FDP verharrt im Umfragekeller<\/p>\n<p>Die FDP war bei der Bundestagswahl im Februar vergangenen Jahres mit 4,3 Prozent an der F\u00fcnf-Prozent-H\u00fcrde gescheitert. In Meinungsumfragen verharrt die Partei bundesweit seitdem bei drei bis vier Prozent. Im ZDF-Politbarometer der Forschungsgruppe Wahlen wird sie schon gar nicht mehr aufgef\u00fchrt, sondern rangiert in der namenlosen Gruppe der \u00abSonstigen\u00bb.<\/p>\n<p>Ein Aufw\u00e4rtstrend ist also nicht zu erkennen. Trotzdem hofft Parteichef D\u00fcrr, dass nach wie vor das Motto des Dreik\u00f6nigstreffens im vergangenen Jahr gilt: \u00abAlles l\u00e4sst sich \u00e4ndern.\u00bb D\u00fcrr sieht die Liberalen derzeit noch in der Konsolidierungsphase. Als sich bei den Kommunalwahlen in Nordrhein-Westfalen im vergangenen September ein erneuter Tiefschlag f\u00fcr die FDP abzeichnete, sagte er der dpa: \u00abWir Freien Demokraten sind mitten in einer Erneuerung, um das verloren gegangene Vertrauen der Menschen zur\u00fcckzugewinnen.\u00bb<\/p>\n<p>Inhaltliche Neuaufstellung mit Grundsatzprogramm geplant<\/p>\n<p>Zur Erneuerung geh\u00f6rt das Erarbeiten eines neuen Grundsatzprogramms. Daran beteiligt die FDP auch Nicht-Parteimitglieder. Momentan befindet man sich in der Phase der Ideensammlung. Die Zielvorgabe von D\u00fcrr f\u00fcr die inhaltliche Neuaufstellung lautet: \u00abWir wollen die Partei der radikalen Mitte sein, mit einem konsequent marktwirtschaftlichen Kurs und echter Reformpolitik.\u00bb Das ist zun\u00e4chst einmal politisches Wortgeklimper und muss noch mit Inhalten gef\u00fcllt werden.<\/p>\n<p>Erkennbar ist, dass D\u00fcrr die FDP als Anwalt der jungen Generation positionieren will. Die Verabschiedung des Bundeshaushalts 2025 mit neuen Schulden von rund 82 Milliarden Euro nannte er die \u00abgr\u00f6\u00dfte Kampfansage an die junge Generation, die es je gab\u00bb. Das vor Weihnachten verabschiedete Rentenpaket wertete der Liberale als Versch\u00e4rfung der \u00abGenerationenungerechtigkeit\u00bb. Und mit dem neuen Wehrdienstgesetz droht aus seiner Sicht \u00abjungen Menschen k\u00fcnftig erneut ein staatlich verordneter Eingriff in ihre Lebenszeit\u00bb.<\/p>\n<p>FDP droht von altem Wahlkampfslogan eingeholt zu werden<\/p>\n<p>Sollte die FDP 2026 nicht den Turnaround schaffen, k\u00f6nnte ein fr\u00fcherer Wahlkampfslogan Wirklichkeit werden. Vor der Landtagswahl in Brandenburg 2014 plakatierten die Liberalen unter anderem den Spruch \u00abKeine Sau braucht die FDP\u00bb. Was als origineller Wahlkampfschlager gedacht war, wurde bittere Realit\u00e4t. Die Liberalen landeten damals bei 1,5 Prozent der Zweitstimmen. Sie kehrten auch bei den folgenden beiden Wahlen nicht mehr in den Landtag in Potsdam zur\u00fcck.<\/p>\n","protected":false},"excerpt":{"rendered":"Stuttgart (dpa) &#8211; Die FDP kommt zum Auftakt des f\u00fcr sie schicksalhaften Jahres 2026 in Stuttgart zu ihrem&hellip;\n","protected":false},"author":2,"featured_media":696855,"comment_status":"","ping_status":"","sticky":false,"template":"","format":"standard","meta":{"footnotes":""},"categories":[1830],"tags":[1634,3364,29,161039,187,30,2403,1441],"class_list":{"0":"post-696854","1":"post","2":"type-post","3":"status-publish","4":"format-standard","5":"has-post-thumbnail","7":"category-stuttgart","8":"tag-baden-wuerttemberg","9":"tag-de","10":"tag-deutschland","11":"tag-dreikoenig","12":"tag-fdp","13":"tag-germany","14":"tag-partei","15":"tag-stuttgart"},"share_on_mastodon":{"url":"https:\/\/pubeurope.com\/@de\/115846647924117423","error":""},"_links":{"self":[{"href":"https:\/\/www.europesays.com\/de\/wp-json\/wp\/v2\/posts\/696854","targetHints":{"allow":["GET"]}}],"collection":[{"href":"https:\/\/www.europesays.com\/de\/wp-json\/wp\/v2\/posts"}],"about":[{"href":"https:\/\/www.europesays.com\/de\/wp-json\/wp\/v2\/types\/post"}],"author":[{"embeddable":true,"href":"https:\/\/www.europesays.com\/de\/wp-json\/wp\/v2\/users\/2"}],"replies":[{"embeddable":true,"href":"https:\/\/www.europesays.com\/de\/wp-json\/wp\/v2\/comments?post=696854"}],"version-history":[{"count":0,"href":"https:\/\/www.europesays.com\/de\/wp-json\/wp\/v2\/posts\/696854\/revisions"}],"wp:featuredmedia":[{"embeddable":true,"href":"https:\/\/www.europesays.com\/de\/wp-json\/wp\/v2\/media\/696855"}],"wp:attachment":[{"href":"https:\/\/www.europesays.com\/de\/wp-json\/wp\/v2\/media?parent=696854"}],"wp:term":[{"taxonomy":"category","embeddable":true,"href":"https:\/\/www.europesays.com\/de\/wp-json\/wp\/v2\/categories?post=696854"},{"taxonomy":"post_tag","embeddable":true,"href":"https:\/\/www.europesays.com\/de\/wp-json\/wp\/v2\/tags?post=696854"}],"curies":[{"name":"wp","href":"https:\/\/api.w.org\/{rel}","templated":true}]}}