{"id":696871,"date":"2026-01-06T06:13:12","date_gmt":"2026-01-06T06:13:12","guid":{"rendered":"https:\/\/www.europesays.com\/de\/696871\/"},"modified":"2026-01-06T06:13:12","modified_gmt":"2026-01-06T06:13:12","slug":"berlin-brandenburg-dauerfrost-und-schnee-in-berlin-und-brandenburg","status":"publish","type":"post","link":"https:\/\/www.europesays.com\/de\/696871\/","title":{"rendered":"Berlin &#038; Brandenburg: Dauerfrost und Schnee in Berlin und Brandenburg"},"content":{"rendered":"<p>Berlin &amp; BrandenburgDauerfrost und Schnee in Berlin und Brandenburg<img decoding=\"async\" class=\"Image_img__fQCi0 Image_Img_16_9__4BLfH\" loading=\"eager\" fetchpriority=\"high\" src=\"https:\/\/www.europesays.com\/de\/wp-content\/uploads\/2026\/01\/Die-Temperaturen-kommen-am-Dienstag-nicht-ueber-Minusgrade-hinaus.webp.webp\" alt=\"Die-Temperaturen-kommen-am-Dienstag-nicht-ueber-Minusgrade-hinaus\"\/>TeilenFolgen auf:<a href=\"https:\/\/www.whatsapp.com\/channel\/0029Va5cdVJD8SDp5YZgYF01\" title=\"Auf WhatsApp folgen\" target=\"_blank\" rel=\"noopener\"><img decoding=\"async\" src=\"https:\/\/www.n-tv.de\/socialIcons\/whatsapp.svg\" alt=\"whatsapp\" class=\"ArticleShare_icon__FsrC2\"\/><\/a><a href=\"https:\/\/news.google.com\/publications\/CAAiEPMdif5mpRNxiLOeUpHCwwsqFAgKIhDzHYn-ZqUTcYiznlKRwsML?hl=de&amp;gl=DE&amp;ceid=DE%3Ade\" title=\"Auf Google News folgen\" target=\"_blank\" rel=\"noopener\"><img decoding=\"async\" src=\"https:\/\/www.n-tv.de\/socialIcons\/google.svg\" alt=\"whatsapp\" class=\"ArticleShare_icon__FsrC2\"\/><\/a><\/p>\n<p class=\"Typography_text-m__XI0da Typography_weight-bold__uT6mq storyline_lead_text_leadtext__q_wg8\">Es bleibt eisig in Berlin und Brandenburg: Am Dienstag bestimmen Dauerfrost und vereinzelte Schneeschauer das Wetter. Viel w\u00e4rmer wird es in den kommenden Tagen nicht.<\/p>\n<p class=\"Typography_text-default__P3otY Typography_weight-normal__pqUbH storyline_paragraph_p__qSR5N\">Berlin\/Potsdam (dpa\/bb) &#8211; Es wird frostig in Berlin und Brandenburg: Die Temperaturen bleiben im Minusbereich, wie der Deutsche Wetterdienst mitteilt. Demnach startet der Tag mit Tiefstwerten zwischen minus sechs und minus neun Grad, im S\u00fcden vereinzelt bis minus zw\u00f6lf Grad. Im Tagesverlauf steigen die Werte zwar etwas an, erreichen aber maximal minus drei bis minus ein Grad. Vereinzelt gibt es Schneeschauer. Auf den Stra\u00dfen ist Vorsicht geboten, denn Schneematsch oder \u00fcberfrierende Feuchtigkeit k\u00f6nnen zu Gl\u00e4tte f\u00fchren.<\/p>\n<p class=\"Typography_text-default__P3otY Typography_weight-normal__pqUbH storyline_paragraph_p__qSR5N\">In der Nacht sinken die Temperaturen auf minus f\u00fcnf bis minus zehn Grad, schneien soll es nicht. Am Mittwoch folgt sonniges Winterwetter ohne Niederschlag und mit nur wenigen Wolken bei maximal minus drei bis null Grad.<\/p>\n<p class=\"Typography_text-default__P3otY Typography_weight-normal__pqUbH storyline_paragraph_p__qSR5N\">Im Westen von Brandenburg f\u00e4llt in der Nacht zum Donnerstag stellenweise Schnee, dabei k\u00fchlt es weiter ab auf minus f\u00fcnf bis minus zehn Grad. Vor allem im S\u00fcden wird es regional noch k\u00e4lter mit minus zehn bis minus 13 Grad. Der Donnerstag startet heiter, schnell ziehen aber Wolken auf und stellenweise schneit es. Die Temperaturen erreichen minus vier bis null Grad.<\/p>\n<p class=\"Typography_text-s__wu_cm Typography_weight-normal__pqUbH Typography_color-darkgrey__sZEnP article-detail-footer_source__KslPc\">Quelle: dpa<\/p>\n","protected":false},"excerpt":{"rendered":"Berlin &amp; BrandenburgDauerfrost und Schnee in Berlin und BrandenburgTeilenFolgen auf: Es bleibt eisig in Berlin und Brandenburg: Am&hellip;\n","protected":false},"author":2,"featured_media":696872,"comment_status":"","ping_status":"","sticky":false,"template":"","format":"standard","meta":{"footnotes":""},"categories":[1816],"tags":[1960,1958,1959,1957,1956,1890,29,30],"class_list":{"0":"post-696871","1":"post","2":"type-post","3":"status-publish","4":"format-standard","5":"has-post-thumbnail","7":"category-brandenburg","8":"tag-aktuelle-nachrichten-aus-berlin-und-brandenburg","9":"tag-aktuelle-nachrichten-aus-brandenburg","10":"tag-aktuelle-news-aus-berlin-und-brandenburg","11":"tag-aktuelle-news-aus-brandenburg","12":"tag-berlin-und-brandenburg","13":"tag-brandenburg","14":"tag-deutschland","15":"tag-germany"},"share_on_mastodon":{"url":"https:\/\/pubeurope.com\/@de\/115846683494799655","error":""},"_links":{"self":[{"href":"https:\/\/www.europesays.com\/de\/wp-json\/wp\/v2\/posts\/696871","targetHints":{"allow":["GET"]}}],"collection":[{"href":"https:\/\/www.europesays.com\/de\/wp-json\/wp\/v2\/posts"}],"about":[{"href":"https:\/\/www.europesays.com\/de\/wp-json\/wp\/v2\/types\/post"}],"author":[{"embeddable":true,"href":"https:\/\/www.europesays.com\/de\/wp-json\/wp\/v2\/users\/2"}],"replies":[{"embeddable":true,"href":"https:\/\/www.europesays.com\/de\/wp-json\/wp\/v2\/comments?post=696871"}],"version-history":[{"count":0,"href":"https:\/\/www.europesays.com\/de\/wp-json\/wp\/v2\/posts\/696871\/revisions"}],"wp:featuredmedia":[{"embeddable":true,"href":"https:\/\/www.europesays.com\/de\/wp-json\/wp\/v2\/media\/696872"}],"wp:attachment":[{"href":"https:\/\/www.europesays.com\/de\/wp-json\/wp\/v2\/media?parent=696871"}],"wp:term":[{"taxonomy":"category","embeddable":true,"href":"https:\/\/www.europesays.com\/de\/wp-json\/wp\/v2\/categories?post=696871"},{"taxonomy":"post_tag","embeddable":true,"href":"https:\/\/www.europesays.com\/de\/wp-json\/wp\/v2\/tags?post=696871"}],"curies":[{"name":"wp","href":"https:\/\/api.w.org\/{rel}","templated":true}]}}