{"id":696883,"date":"2026-01-06T06:19:11","date_gmt":"2026-01-06T06:19:11","guid":{"rendered":"https:\/\/www.europesays.com\/de\/696883\/"},"modified":"2026-01-06T06:19:11","modified_gmt":"2026-01-06T06:19:11","slug":"tochter-von-tommy-lee-jones-ist-tot-erste-hinweise-zur-todesursache","status":"publish","type":"post","link":"https:\/\/www.europesays.com\/de\/696883\/","title":{"rendered":"Tochter von Tommy Lee Jones ist tot: Erste Hinweise zur Todesursache"},"content":{"rendered":"<ol class=\"id-DonaldBreadcrumb lp_west_breadcrumb id-DonaldBreadcrumb--default\" data-k5a-pos=\"west_breadcrumb\">\n<li class=\"id-Breadcrumb-item\"><a href=\"https:\/\/www.ruhr24.de\/\" class=\"id-Breadcrumb-link\" data-id-ec=\"{\" shn=\"\" textlink=\"\" data-k5a-pos=\"1_ruhr24\" target=\"_blank\" rel=\"noopener\">ruhr24<\/a><\/li>\n<li class=\"id-Breadcrumb-item\"><a href=\"https:\/\/www.ruhr24.de\/schlagzeilen\/\" class=\"id-Breadcrumb-link\" data-id-ec=\"{\" shn=\"\" textlink=\"\" data-k5a-pos=\"2_schlagzeilen\" target=\"_blank\" rel=\"noopener\">Schlagzeilen<\/a><\/li>\n<\/ol>\n<p class=\"id-Story-timestamp id-Story-timestamp--default\">Stand: 05.01.2026, 19:57 Uhr<\/p>\n<p class=\"id-Story-authors id-Story-authors--default\">Von: <a class=\"id-Story-authors-link lp_west_author\" href=\"https:\/\/www.ruhr24.de\/autor\/malte-hupach-hrjurywlz.html\" title=\"Zur Autorenseite von Malte Hupach\" data-id-ec=\"{\" shn=\"\" author-link=\"\" hupach=\"\" data-k5a-pos=\"west_author\" target=\"_blank\" rel=\"noopener\">Malte Hupach<\/a><\/p>\n<p class=\"id-Story-interactionBar id-Story-interactionBar--default\">DruckenTeilen<\/p>\n<p><img decoding=\"async\" class=\"id-RatioPlaceholder-element wv_story_el_image\" src=\"https:\/\/www.europesays.com\/de\/wp-content\/uploads\/2026\/01\/41018884-tommy-lee-jones-und-victoria-jones-2qzDLF1x2K7a.jpg\" loading=\"eager\" fetchpriority=\"high\"   height=\"792\" width=\"1408\" alt=\"Tommy Lee Jones und Victoria Jones\"\/>Victoria Jones (Mitte), Tochter von Hollywood-Star Tommy Lee Jones (r.), wurde 34 Jahre alt. \u00a9\u00a0APress\/Imago<\/p>\n<p class=\"id-StoryElement-leadText\">Eine Band-Aufnahme enth\u00fcllt ersch\u00fctternde Details \u00fcber den Tod von Victoria Jones.<\/p>\n<p class=\"id-StoryElement-paragraph\">San Francisco \u2013 Tommy Lee Jones trauert um seine Tochter. Victoria Jones war am 1. Januar tot in ihrem Hotelzimmer im luxuri\u00f6sen Fairmont Hotel in San Francisco gefunden worden. Die Todesursache wurde bislang nicht offiziell best\u00e4tigt, doch deuten erste Hinweise auf eine m\u00f6gliche Drogen-\u00dcberdosis hin, wie US-Medien berichten.<\/p>\n<p>Wir nehmen Abschied: Diese Stars starben im Jahr 2025<img decoding=\"async\" class=\"id-RatioPlaceholder-element wv_story_el_interstitialImage\" src=\"https:\/\/www.europesays.com\/de\/wp-content\/uploads\/2026\/01\/40847058-laura-dahlmeier-242nWUldxsfe.jpg\" loading=\"lazy\"   height=\"1099\" width=\"1878\" alt=\"Laura Dahlmeier\"\/><a href=\"https:\/\/www.ruhr24.de\/schlagzeilen\/brigitte-bardot-todesursache-uwe-kockisch-gestorben-tote-promis-2025-stars-abschied-uebersicht-liste-94086637.html\" class=\"id-StoryElement-intestitialLink-link\" data-id-ec=\"{\" shn=\"\" ansehen=\"\" data-k5a-pos=\"west_story_9_photoGalleryLink\" title=\"Zur Fotostrecke: Wir nehmen Abschied: Diese Stars starben im Jahr 2025\" target=\"_blank\" rel=\"noopener\">Fotostrecke ansehen<\/a>Tochter von Tommy Lee Jones ist tot: Erste Hinweise zur Todesursache<\/p>\n<p class=\"id-StoryElement-paragraph\">Demnach waren Polizei und Feuerwehr am 1. Januar gegen 3 Uhr wegen eines medizinischen Notfalls ausger\u00fcckt. Am Einsatzort fanden die Beamten eine leblose Frau, deren Identit\u00e4t zun\u00e4chst unbekannt blieb. Erst sp\u00e4ter wurde durch Medienberichte bekannt, dass es sich bei der Verstorbenen um Victoria Jones handelt. <\/p>\n<p class=\"id-StoryElement-paragraph\">Aus US-Medien vorliegenden Notruf-B\u00e4ndern soll nun hervorgehen, dass ein sogenannter \u201eCode 3\u201c gemeldet worden war. Die Einsatzkr\u00e4fte sprachen von einer \u00dcberdosis mit Hautverf\u00e4rbung in Folge von Sauerstoffmangel.<\/p>\n<p>Tochter von Tommy Lee Jones ist tot: Notruf nennt Details zur m\u00f6glichen \u00dcberdosis<\/p>\n<p class=\"id-StoryElement-paragraph\">Victoria Jones war die gemeinsame Tochter von Tommy Lee Jones und dessen Ex-Frau Kimberlea Cloughley. Die 34-J\u00e4hrige war im vergangenen Jahr mehrfach mit dem Gesetz in Konflikt geraten und verhaftet worden, wie US-Medien weiter berichten. <\/p>\n<p>Weitere aktuelle Schlagzeilen:<\/p>\n<p class=\"id-StoryElement-factBox-paragraph\"><a href=\"https:\/\/www.ruhr24.de\/schlagzeilen\/raul-richter-vanessa-schmitt-trennung-aus-rtl-hochzeit-geplatzt-beziehung-grund-fremdgehen-tv-94108868.html\" class=\"id-import-Link\" data-id-ec=\"{&quot;sht&quot;:&quot;Container&quot;,&quot;shn&quot;:&quot;Story&quot;,&quot;p&quot;:{&quot;containerType&quot;:&quot;FactBox&quot;,&quot;displayType&quot;:&quot;FactBox InlineLink&quot;,&quot;type&quot;:&quot;INLINE_LINK&quot;,&quot;value&quot;:&quot;Hochzeit geplatzt: TV-Star verk&#xFC;ndet pl&#xF6;tzlich Trennung&quot;,&quot;variant&quot;:&quot;standardLink&quot;,&quot;sponsored&quot;:false,&quot;linkHref&quot;:&quot;https:\/\/www.ruhr24.de\/schlagzeilen\/raul-richter-vanessa-schmitt-trennung-aus-rtl-hochzeit-geplatzt-beziehung-grund-fremdgehen-tv-94108868.html&quot;,&quot;storyElementPosition&quot;:17,&quot;storyElementCount&quot;:19}}\" target=\"_blank\" rel=\"noopener\">Hochzeit geplatzt: TV-Star verk\u00fcndet pl\u00f6tzlich Trennung<\/a><\/p>\n<p class=\"id-StoryElement-factBox-paragraph\"><a href=\"https:\/\/www.ruhr24.de\/schlagzeilen\/friedrich-merz-news-bueroleiter-jacob-schrot-nachfolger-philipp-birkenmaier-cdu-aktuell-94109700.html\" class=\"id-import-Link\" data-id-ec=\"{&quot;sht&quot;:&quot;Container&quot;,&quot;shn&quot;:&quot;Story&quot;,&quot;p&quot;:{&quot;containerType&quot;:&quot;FactBox&quot;,&quot;displayType&quot;:&quot;FactBox InlineLink&quot;,&quot;type&quot;:&quot;INLINE_LINK&quot;,&quot;value&quot;:&quot;Personal-&#xDC;berraschung bei Merz &#x2013; enger Vertrauter muss sofort gehen&quot;,&quot;variant&quot;:&quot;standardLink&quot;,&quot;sponsored&quot;:false,&quot;linkHref&quot;:&quot;https:\/\/www.ruhr24.de\/schlagzeilen\/friedrich-merz-news-bueroleiter-jacob-schrot-nachfolger-philipp-birkenmaier-cdu-aktuell-94109700.html&quot;,&quot;storyElementPosition&quot;:17,&quot;storyElementCount&quot;:19}}\" target=\"_blank\" rel=\"noopener\">Personal-\u00dcberraschung bei Merz \u2013 enger Vertrauter muss sofort gehen<\/a><\/p>\n<p class=\"id-StoryElement-paragraph\">Hollywood-Star Tommy Lee Jones, der durch Filme wie \u201eMen in Black\u201c und \u201eAuf der Flucht\u201c weltber\u00fchmt wurde, meldete sich wenig sp\u00e4ter in einem Familien-Statement zu Wort. \u201eWir bedanken uns f\u00fcr all die freundlichen Worte, Gedanken und Gebete\u201c, hei\u00dft es darin unter anderem. \u201eBitte respektieren Sie unsere Privatsph\u00e4re in dieser schwierigen Zeit.\u201c<\/p>\n","protected":false},"excerpt":{"rendered":"ruhr24 Schlagzeilen Stand: 05.01.2026, 19:57 Uhr Von: Malte Hupach DruckenTeilen Victoria Jones (Mitte), Tochter von Hollywood-Star Tommy Lee&hellip;\n","protected":false},"author":2,"featured_media":696884,"comment_status":"","ping_status":"","sticky":false,"template":"","format":"standard","meta":{"footnotes":""},"categories":[1776],"tags":[1801,29,214,30,1802,215],"class_list":{"0":"post-696883","1":"post","2":"type-post","3":"status-publish","4":"format-standard","5":"has-post-thumbnail","7":"category-prominente","8":"tag-celebrities","9":"tag-deutschland","10":"tag-entertainment","11":"tag-germany","12":"tag-prominente","13":"tag-unterhaltung"},"share_on_mastodon":{"url":"https:\/\/pubeurope.com\/@de\/115846706853882993","error":""},"_links":{"self":[{"href":"https:\/\/www.europesays.com\/de\/wp-json\/wp\/v2\/posts\/696883","targetHints":{"allow":["GET"]}}],"collection":[{"href":"https:\/\/www.europesays.com\/de\/wp-json\/wp\/v2\/posts"}],"about":[{"href":"https:\/\/www.europesays.com\/de\/wp-json\/wp\/v2\/types\/post"}],"author":[{"embeddable":true,"href":"https:\/\/www.europesays.com\/de\/wp-json\/wp\/v2\/users\/2"}],"replies":[{"embeddable":true,"href":"https:\/\/www.europesays.com\/de\/wp-json\/wp\/v2\/comments?post=696883"}],"version-history":[{"count":0,"href":"https:\/\/www.europesays.com\/de\/wp-json\/wp\/v2\/posts\/696883\/revisions"}],"wp:featuredmedia":[{"embeddable":true,"href":"https:\/\/www.europesays.com\/de\/wp-json\/wp\/v2\/media\/696884"}],"wp:attachment":[{"href":"https:\/\/www.europesays.com\/de\/wp-json\/wp\/v2\/media?parent=696883"}],"wp:term":[{"taxonomy":"category","embeddable":true,"href":"https:\/\/www.europesays.com\/de\/wp-json\/wp\/v2\/categories?post=696883"},{"taxonomy":"post_tag","embeddable":true,"href":"https:\/\/www.europesays.com\/de\/wp-json\/wp\/v2\/tags?post=696883"}],"curies":[{"name":"wp","href":"https:\/\/api.w.org\/{rel}","templated":true}]}}