{"id":696888,"date":"2026-01-06T06:24:12","date_gmt":"2026-01-06T06:24:12","guid":{"rendered":"https:\/\/www.europesays.com\/de\/696888\/"},"modified":"2026-01-06T06:24:12","modified_gmt":"2026-01-06T06:24:12","slug":"diesmal-als-regisseurin-kristen-stewart-wuerde-twilight-neu-verfilmen","status":"publish","type":"post","link":"https:\/\/www.europesays.com\/de\/696888\/","title":{"rendered":"Diesmal als Regisseurin: Kristen Stewart w\u00fcrde &#8222;Twilight&#8220; neu verfilmen"},"content":{"rendered":"<p>Diesmal als RegisseurinKristen Stewart w\u00fcrde &#8222;Twilight&#8220; neu verfilmen<\/p>\n<p>06.01.2026, 05:00 Uhr <\/p>\n<p>Artikel anh\u00f6ren(02:46 min)<\/p>\n<p><img decoding=\"async\" class=\"Image_img__fQCi0 Image_Img_16_9__4BLfH widget-picture-inline_maximizable__t_E7h\" loading=\"eager\" fetchpriority=\"high\" src=\"https:\/\/www.europesays.com\/de\/wp-content\/uploads\/2026\/01\/USA-PSIFF-Creative-Impact-Awards-and-10-Directors-to-Watch-Brunch-Palm-Springs-PALM-SPRINGS-JAN-4-Kr.webp\" alt=\"USA-PSIFF-Creative-Impact-Awards-and-10-Directors-to-Watch-Brunch-Palm-Springs-PALM-SPRINGS-JAN-4-Kristen-Stewart-at-PSIFF-Creative-Impact-Awards-and-10-Directors-to-Watch-Brunch-at-the-Parker-Palm-Springs-on-January-4-2026-in-Palm-Springs-CA-Palm-Springs-CA-USA-PUBLICATIONxNOTxINxITA-Copyright-xKathyxHutchinsx-xHutchinsxPhotox\"\/>Die 35-J\u00e4hrige bei einer Preisverleihung an Jungregisseure in Palm Springs. (Foto: IMAGO\/Hutchins Photo)TeilenFolgen auf:<a href=\"https:\/\/www.whatsapp.com\/channel\/0029Va5cdVJD8SDp5YZgYF01\" title=\"Auf WhatsApp folgen\" target=\"_blank\" rel=\"noopener\"><img decoding=\"async\" src=\"https:\/\/www.n-tv.de\/socialIcons\/whatsapp.svg\" alt=\"whatsapp\" class=\"ArticleShare_icon__FsrC2\"\/><\/a><a href=\"https:\/\/news.google.com\/publications\/CAAiEPMdif5mpRNxiLOeUpHCwwsqFAgKIhDzHYn-ZqUTcYiznlKRwsML?hl=de&amp;gl=DE&amp;ceid=DE%3Ade\" title=\"Auf Google News folgen\" target=\"_blank\" rel=\"noopener\"><img decoding=\"async\" src=\"https:\/\/www.n-tv.de\/socialIcons\/google.svg\" alt=\"whatsapp\" class=\"ArticleShare_icon__FsrC2\"\/><\/a><\/p>\n<p class=\"Typography_text-m__XI0da Typography_weight-bold__uT6mq storyline_lead_text_leadtext__q_wg8\">Mit &#8222;Twilight&#8220; feierte sie als Schauspielerin ihren Durchbruch. Kristen Stewart w\u00fcrde den ersten Teil der Reihe aber neu verfilmen &#8211; diesmal als Regisseurin hinter der Kamera und mit gro\u00dfem Budget. Was dabei die gr\u00f6\u00dften H\u00fcrden sein w\u00fcrden, verr\u00e4t sie au\u00dferdem. <\/p>\n<p class=\"Typography_text-default__P3otY Typography_weight-normal__pqUbH storyline_paragraph_p__qSR5N\">Im Rahmen einer Preisverleihung hat Kristen Stewart einen besonderen Gedanken ge\u00e4u\u00dfert: Die 35-J\u00e4hrige w\u00fcrde gerne den ersten Teil der Vampir-Saga &#8222;Twilight&#8220; noch einmal neu verfilmen &#8211; diesmal als Regisseurin. &#8222;Ich liebe, was Catherine gemacht hat. Ich liebe, was Chris gemacht hat. Ich liebe, was alle Regisseure mit den Filmen gemacht haben&#8220;, sagte Stewart im Gespr\u00e4ch mit &#8222;Entertainment Tonight&#8220;. &#8222;Sie haben sich nicht verstellt und waren einfach so pr\u00e4sent in dieser Zeit, bevor sie ber\u00fchmt wurden.&#8220; Gemeint sind &#8222;Twilight &#8211; Biss zum Morgengrauen&#8220;-Regisseurin Catherine Hardwicke und &#8222;New Moon &#8211; Biss zur Mittagsstunde&#8220;-Regisseur Chris Weitz.<\/p>\n<p class=\"Typography_text-default__P3otY Typography_weight-normal__pqUbH storyline_paragraph_p__qSR5N\">Dennoch konnte sich die Schauspielerin, die mit &#8222;The Chronology of Water&#8220; ihr Langfilm-Regiedeb\u00fct feiert, nicht verkneifen, dar\u00fcber nachzudenken, wie ihre eigene Version aussehen w\u00fcrde &#8211; vorausgesetzt, sie h\u00e4tte die n\u00f6tigen Mittel und Freiheiten. &#8222;Stellen Sie sich vor, wir h\u00e4tten ein riesiges Budget und jede Menge Liebe und Unterst\u00fctzung. Ich wei\u00df nicht&#8230; Ich w\u00fcrde es gerne neu adaptieren. Ja, okay. Ich mache die Neuverfilmung&#8220;, sagte die 35-J\u00e4hrige.<\/p>\n<p>&#8222;F\u00fchlt sich eigentlich nichts mehr pers\u00f6nlich an&#8220;<\/p>\n<p class=\"Typography_text-default__P3otY Typography_weight-normal__pqUbH storyline_paragraph_p__qSR5N\">In einem Interview mit dem Branchenmagazin &#8222;The Hollywood Reporter&#8220; lobte Stewart im Dezember Regisseurin Hardwicke f\u00fcr ihre Arbeit am ersten &#8222;Twilight&#8220;-Film. Sie hob dabei insbesondere Hardwickes F\u00fchrungsqualit\u00e4ten hervor und erkl\u00e4rte, warum sie &#8222;Mitleid&#8220; mit den anderen Regisseuren, die die Fortsetzungen unter &#8222;wirklich eingeschr\u00e4nkten&#8220; kreativen Bedingungen drehen mussten, gehabt habe.<\/p>\n<p class=\"Typography_text-default__P3otY Typography_weight-normal__pqUbH storyline_paragraph_p__qSR5N\">&#8222;Der erste &#8218;Twilight&#8216;-Film ist ihr Werk und spiegelt sie wider; Catherine hat das zweifellos geschafft&#8220;, sagte Stewart. &#8222;Es ist fast unm\u00f6glich, so vielen Meinungen standzuhalten und trotzdem etwas zu erschaffen, das sich wie etwas Eigenes anf\u00fchlt. Bei so vielen Stimmen im Raum und so vielen Erwartungen f\u00fchlt sich eigentlich nichts mehr pers\u00f6nlich an.&#8220;<\/p>\n<p class=\"Typography_text-s__wu_cm Typography_weight-normal__pqUbH Typography_color-darkgrey__sZEnP article-detail-footer_source__KslPc\">Quelle: ntv.de, mau\/spot<\/p>\n","protected":false},"excerpt":{"rendered":"Diesmal als RegisseurinKristen Stewart w\u00fcrde &#8222;Twilight&#8220; neu verfilmen 06.01.2026, 05:00 Uhr Artikel anh\u00f6ren(02:46 min) Die 35-J\u00e4hrige bei einer&hellip;\n","protected":false},"author":2,"featured_media":696889,"comment_status":"","ping_status":"","sticky":false,"template":"","format":"standard","meta":{"footnotes":""},"categories":[1771],"tags":[1778,29,214,92,30,683,95,24223,1777,215],"class_list":{"0":"post-696888","1":"post","2":"type-post","3":"status-publish","4":"format-standard","5":"has-post-thumbnail","7":"category-kino","8":"tag-cinema","9":"tag-deutschland","10":"tag-entertainment","11":"tag-film","12":"tag-germany","13":"tag-hollywood","14":"tag-kino","15":"tag-kristen-stewart","16":"tag-movie","17":"tag-unterhaltung"},"share_on_mastodon":{"url":"https:\/\/pubeurope.com\/@de\/115846726638463575","error":""},"_links":{"self":[{"href":"https:\/\/www.europesays.com\/de\/wp-json\/wp\/v2\/posts\/696888","targetHints":{"allow":["GET"]}}],"collection":[{"href":"https:\/\/www.europesays.com\/de\/wp-json\/wp\/v2\/posts"}],"about":[{"href":"https:\/\/www.europesays.com\/de\/wp-json\/wp\/v2\/types\/post"}],"author":[{"embeddable":true,"href":"https:\/\/www.europesays.com\/de\/wp-json\/wp\/v2\/users\/2"}],"replies":[{"embeddable":true,"href":"https:\/\/www.europesays.com\/de\/wp-json\/wp\/v2\/comments?post=696888"}],"version-history":[{"count":0,"href":"https:\/\/www.europesays.com\/de\/wp-json\/wp\/v2\/posts\/696888\/revisions"}],"wp:featuredmedia":[{"embeddable":true,"href":"https:\/\/www.europesays.com\/de\/wp-json\/wp\/v2\/media\/696889"}],"wp:attachment":[{"href":"https:\/\/www.europesays.com\/de\/wp-json\/wp\/v2\/media?parent=696888"}],"wp:term":[{"taxonomy":"category","embeddable":true,"href":"https:\/\/www.europesays.com\/de\/wp-json\/wp\/v2\/categories?post=696888"},{"taxonomy":"post_tag","embeddable":true,"href":"https:\/\/www.europesays.com\/de\/wp-json\/wp\/v2\/tags?post=696888"}],"curies":[{"name":"wp","href":"https:\/\/api.w.org\/{rel}","templated":true}]}}