{"id":696890,"date":"2026-01-06T06:25:11","date_gmt":"2026-01-06T06:25:11","guid":{"rendered":"https:\/\/www.europesays.com\/de\/696890\/"},"modified":"2026-01-06T06:25:11","modified_gmt":"2026-01-06T06:25:11","slug":"verzoegerter-antibiotikastart-bei-stabiler-endokarditis-moeglich","status":"publish","type":"post","link":"https:\/\/www.europesays.com\/de\/696890\/","title":{"rendered":"Verz\u00f6gerter Antibiotikastart bei stabiler Endokarditis m\u00f6glich"},"content":{"rendered":"<p class=\"&#10;                 &#10;                 &#10;                font-bold &#10;                 &#10;                 &#10;            \"><strong>Bei infekti\u00f6ser Endokarditis empfehlen europ\u00e4ische und amerikanische Leitlinien, direkt nach der Blutkulturentnahme mit einer empirischen Antibiotikatherapie zu beginnen \u2013 unabh\u00e4ngig vom Schweregrad der Erkrankung. Ob klinisch stabile Patienten tats\u00e4chlich von diesem fr\u00fchen Vorgehen profitieren, war jedoch bisher unklar. Eine Studie liefert nun neue Erkenntnisse.<\/strong><\/p>\n<p><img alt=\"Bakterielle Endokarditis oder Herz- und Bakterieninfektion und Septik\u00e4mie oder Sepsis als Blutvergiftung durch Keime.\" fetchpriority=\"high\" decoding=\"async\" data-nimg=\"fill\" class=\"object-cover\" style=\"position:absolute;height:100%;width:100%;left:0;top:0;right:0;bottom:0;color:transparent\"   src=\"https:\/\/www.europesays.com\/de\/wp-content\/uploads\/2026\/01\/.jpeg\"\/><\/p>\n<p>freshidea\/stock.adobe.com<\/p>\n<p class=\"&#10;                 &#10;                 &#10;                 &#10;                 &#10;                 &#10;            \">Die Empfehlungen der Guidelines st\u00fctzen sich vor allem auf Daten aus anderen klinischen Bereichen. Bei <strong>Infektionen der unteren Atemwege<\/strong>, des <strong>Harntrakts <\/strong>und des <strong>Abdomens <\/strong>verschlechtern sich die Ergebnisse, wenn die Antibiotikatherapie um mehr als 4 bis 8 Stunden verz\u00f6gert wird.<\/p>\n<p class=\"&#10;                 &#10;                 &#10;                 &#10;                 &#10;                 &#10;            \">Auch die<strong> Schwere der Erkrankungen<\/strong> spielt eine gro\u00dfe Rolle. Denn besonders bei schweren Erkrankungen wie <strong>Sepsis <\/strong>oder <strong>septischem Schock<\/strong> wirkt sich ein sp\u00e4ter Therapiebeginn negativ aus. F\u00fcr <strong>milde <\/strong>oder<strong> moderate Erkrankungen<\/strong> fehlen jedoch belastbare Daten.<\/p>\n<p>Um den Inhalt zu sehen, m\u00fcssen Sie sich einloggen oder registrieren.<\/p>\n","protected":false},"excerpt":{"rendered":"Bei infekti\u00f6ser Endokarditis empfehlen europ\u00e4ische und amerikanische Leitlinien, direkt nach der Blutkulturentnahme mit einer empirischen Antibiotikatherapie zu beginnen&hellip;\n","protected":false},"author":2,"featured_media":696891,"comment_status":"","ping_status":"","sticky":false,"template":"","format":"standard","meta":{"footnotes":""},"categories":[137],"tags":[29,30,141,232],"class_list":{"0":"post-696890","1":"post","2":"type-post","3":"status-publish","4":"format-standard","5":"has-post-thumbnail","7":"category-gesundheit","8":"tag-deutschland","9":"tag-germany","10":"tag-gesundheit","11":"tag-health"},"share_on_mastodon":{"url":"https:\/\/pubeurope.com\/@de\/115846730579726408","error":""},"_links":{"self":[{"href":"https:\/\/www.europesays.com\/de\/wp-json\/wp\/v2\/posts\/696890","targetHints":{"allow":["GET"]}}],"collection":[{"href":"https:\/\/www.europesays.com\/de\/wp-json\/wp\/v2\/posts"}],"about":[{"href":"https:\/\/www.europesays.com\/de\/wp-json\/wp\/v2\/types\/post"}],"author":[{"embeddable":true,"href":"https:\/\/www.europesays.com\/de\/wp-json\/wp\/v2\/users\/2"}],"replies":[{"embeddable":true,"href":"https:\/\/www.europesays.com\/de\/wp-json\/wp\/v2\/comments?post=696890"}],"version-history":[{"count":0,"href":"https:\/\/www.europesays.com\/de\/wp-json\/wp\/v2\/posts\/696890\/revisions"}],"wp:featuredmedia":[{"embeddable":true,"href":"https:\/\/www.europesays.com\/de\/wp-json\/wp\/v2\/media\/696891"}],"wp:attachment":[{"href":"https:\/\/www.europesays.com\/de\/wp-json\/wp\/v2\/media?parent=696890"}],"wp:term":[{"taxonomy":"category","embeddable":true,"href":"https:\/\/www.europesays.com\/de\/wp-json\/wp\/v2\/categories?post=696890"},{"taxonomy":"post_tag","embeddable":true,"href":"https:\/\/www.europesays.com\/de\/wp-json\/wp\/v2\/tags?post=696890"}],"curies":[{"name":"wp","href":"https:\/\/api.w.org\/{rel}","templated":true}]}}