{"id":696894,"date":"2026-01-06T06:27:09","date_gmt":"2026-01-06T06:27:09","guid":{"rendered":"https:\/\/www.europesays.com\/de\/696894\/"},"modified":"2026-01-06T06:27:09","modified_gmt":"2026-01-06T06:27:09","slug":"lets-dance-kandidaten-no-angels-saengerin-tanzt-gegen-tv-moderatorin-unterhaltung","status":"publish","type":"post","link":"https:\/\/www.europesays.com\/de\/696894\/","title":{"rendered":"\u201eLet\u2019s Dance\u201c-Kandidaten: No-Angels-S\u00e4ngerin tanzt gegen TV-Moderatorin | Unterhaltung"},"content":{"rendered":"<p>Die 19. Staffel von \u201eLet\u2019s Dance\u201c verspricht wieder besonders spannende Tanzduelle, denn in einigen Paarungen steckt viel Frauen-Power.<\/p>\n<p><b>Und BILD enth\u00fcllt jetzt exklusiv zwei prominente Teilnehmer! Spannend: Eine No-Angels-S\u00e4ngerin tritt gegen eine TV-Moderatorin an. Was Sie \u00fcber die Kandidaten wissen sollten und wer sonst noch \u00fcber das Parkett wirbelt, erfahren Sie mit BILDplus.<\/b><\/p>\n","protected":false},"excerpt":{"rendered":"Die 19. Staffel von \u201eLet\u2019s Dance\u201c verspricht wieder besonders spannende Tanzduelle, denn in einigen Paarungen steckt viel Frauen-Power.&hellip;\n","protected":false},"author":2,"featured_media":696895,"comment_status":"","ping_status":"","sticky":false,"template":"","format":"standard","meta":{"footnotes":""},"categories":[155],"tags":[29,214,30,5615,215],"class_list":{"0":"post-696894","1":"post","2":"type-post","3":"status-publish","4":"format-standard","5":"has-post-thumbnail","7":"category-unterhaltung","8":"tag-deutschland","9":"tag-entertainment","10":"tag-germany","11":"tag-let","12":"tag-unterhaltung"},"share_on_mastodon":{"url":"https:\/\/pubeurope.com\/@de\/115846738299690400","error":""},"_links":{"self":[{"href":"https:\/\/www.europesays.com\/de\/wp-json\/wp\/v2\/posts\/696894","targetHints":{"allow":["GET"]}}],"collection":[{"href":"https:\/\/www.europesays.com\/de\/wp-json\/wp\/v2\/posts"}],"about":[{"href":"https:\/\/www.europesays.com\/de\/wp-json\/wp\/v2\/types\/post"}],"author":[{"embeddable":true,"href":"https:\/\/www.europesays.com\/de\/wp-json\/wp\/v2\/users\/2"}],"replies":[{"embeddable":true,"href":"https:\/\/www.europesays.com\/de\/wp-json\/wp\/v2\/comments?post=696894"}],"version-history":[{"count":0,"href":"https:\/\/www.europesays.com\/de\/wp-json\/wp\/v2\/posts\/696894\/revisions"}],"wp:featuredmedia":[{"embeddable":true,"href":"https:\/\/www.europesays.com\/de\/wp-json\/wp\/v2\/media\/696895"}],"wp:attachment":[{"href":"https:\/\/www.europesays.com\/de\/wp-json\/wp\/v2\/media?parent=696894"}],"wp:term":[{"taxonomy":"category","embeddable":true,"href":"https:\/\/www.europesays.com\/de\/wp-json\/wp\/v2\/categories?post=696894"},{"taxonomy":"post_tag","embeddable":true,"href":"https:\/\/www.europesays.com\/de\/wp-json\/wp\/v2\/tags?post=696894"}],"curies":[{"name":"wp","href":"https:\/\/api.w.org\/{rel}","templated":true}]}}