{"id":697508,"date":"2026-01-06T12:19:13","date_gmt":"2026-01-06T12:19:13","guid":{"rendered":"https:\/\/www.europesays.com\/de\/697508\/"},"modified":"2026-01-06T12:19:13","modified_gmt":"2026-01-06T12:19:13","slug":"vfl-bochum-wir-muessen-aufpassen-roesler-schlaegt-transfer-alarm-sport","status":"publish","type":"post","link":"https:\/\/www.europesays.com\/de\/697508\/","title":{"rendered":"VfL Bochum: \u201eWir m\u00fcssen aufpassen \u2026\u201c R\u00f6sler schl\u00e4gt Transfer-Alarm | Sport"},"content":{"rendered":"<p><b>W\u00e4hrend die Konkurrenz flei\u00dfig verpflichtet, kommt auch der Transferball in <\/b><a href=\"https:\/\/www.bild.de\/sport\/fussball\/vfl-bochum\/startseite-bochum-31148910.bild.html\" class=\"text-link\" target=\"_blank\" rel=\"noopener\"><b>Bochum<\/b><\/a><b> langsam ins Rollen. <\/b><\/p>\n<p><a href=\"https:\/\/www.bild.de\/sport\/fussball\/vfl-bochum-jetzt-gilts-diese-profis-muessen-den-tuerkei-turbo-zuenden-69591ee0fb77630dac276598\" class=\"text-link\" target=\"_blank\" rel=\"noopener\">Zum Trainingslager-Start am Montag war die Warnung von VfL-Cheftrainer Uwe R\u00f6sler (57) klar:<\/a> \u201eDie Mannschaften, die in der Tabelle um uns herumstehen, schlafen alle nicht. Wir m\u00fcssen aufpassen, dass wir wachsam sind.\u201c Gemeint sind damit u. a. <a href=\"https:\/\/www.bild.de\/sport\/fussball\/arminia-bielefeld\/startseite-bielefeld-41429882.bild.html\" class=\"text-link\" target=\"_blank\" rel=\"noopener\">Bielefeld<\/a> (3 Neuzug\u00e4nge), <a href=\"https:\/\/www.bild.de\/sport\/fussball\/fortuna-duesseldorf\/startseite-fortuna-duesseldorf-31148850.bild.html\" class=\"text-link\" target=\"_blank\" rel=\"noopener\">D\u00fcsseldorf<\/a> (2) und <a href=\"https:\/\/www.bild.de\/sport\/fussball\/2-bundesliga\/2-liga-startseite-52368772.bild.html\" class=\"text-link\" target=\"_blank\" rel=\"noopener\">Kiel<\/a> (2), die bereits nachgelegt haben. Beim Pottklub ist bislang \u201enur\u201c Mikkel Ragneberg (23) neu mit dabei. R\u00f6sler hat den Verantwortlichen mitgeteilt, auf welchen Positionen sich der Verein noch verbessern kann. Die Hoffnung ist gro\u00df, dass in der T\u00fcrkei-Woche noch ein weiterer Neuzugang kommt. \u201eJe fr\u00fcher, desto besser. Aber da m\u00fcssen alle Parteien mitspielen. Wir hoffen, dass wir noch etwas machen k\u00f6nnen und jemand kommen kann. Wenn das nicht klappt, f\u00e4ngt er eben in Bochum mit uns an\u201c, meint R\u00f6sler. <\/p>\n<p>Mehr zum Thema<\/p>\n<p>Auch auf der Abgangsseite wird sich bei Bochum etwas tun. Colin Kleine-Bekel (22\/kam im Sommer abl\u00f6sefrei aus Kiel) reiste am Dienstagmorgen ab, steht vor einer Leihe zum Schweiz-Klub St. Gallen. Letzte Details sollen noch zu kl\u00e4ren sein. Wenn in der Innenverteidigung nichts mehr passieren, wird es auf dieser Position keine Verpflichtung mehr geben. Schlie\u00dflich hat R\u00f6sler mit Noah Loosli (28), Philipp Strompf (27), Kevin Vogt (34) und Erhan Masovic (27) vier Optionen. Sollte Ibrahima Sissoko (28\/aktuell mit Mali beim Afrika-Cup) den Verein noch verlassen, w\u00e4re ein Kandidat schon vor Ort. Marcel Sobottka (31) kennt R\u00f6sler aus seiner D\u00fcsseldorf-Zeit, ist aktuell ohne Vertrag und w\u00e4re daher g\u00fcnstig zu haben. <\/p>\n<p><img decoding=\"async\" width=\"992\" height=\"558\" alt=\"Hohe Belastung: Marcel Sobottka (31) schwitzt f\u00fcr einen Vertrag in Bochum\" src=\"https:\/\/www.europesays.com\/de\/wp-content\/uploads\/2026\/01\/04221a3c690da51a9f4b6f2a6ef53b8b,75309f9d.jpeg\"   class=\"landscape\" loading=\"lazy\"\/><\/p>\n<p class=\"fig__caption__text\">Hohe Belastung: Marcel Sobottka (31) schwitzt f\u00fcr einen Vertrag in Bochum<\/p>\n<p>Foto: Klemm\/BILD <\/p>\n<p>\u00dcbrigens: Bei der ersten Einheit heute, die p\u00fcnktlich um 10 Uhr startete, fehlte neben Kleine-Bekel auch Francis Onyeka (18\/Magenbeschwerden). Romario R\u00f6sch (26) beendete das Training ebenfalls mit Magenproblemen fr\u00fcher als geplant. F\u00fcr Kleine-Bekel soll niemand nachreisen. Abgesehen von m\u00f6glichen Neuzug\u00e4ngen.<\/p>\n","protected":false},"excerpt":{"rendered":"W\u00e4hrend die Konkurrenz flei\u00dfig verpflichtet, kommt auch der Transferball in Bochum langsam ins Rollen. Zum Trainingslager-Start am Montag&hellip;\n","protected":false},"author":2,"featured_media":697509,"comment_status":"","ping_status":"","sticky":false,"template":"","format":"standard","meta":{"footnotes":""},"categories":[1839],"tags":[621,15941,7507,3364,29,347,30,89456,91498,134674,110579,1209,119671,3856,87004,26475,265,819,45,3171,143,8173,784],"class_list":{"0":"post-697508","1":"post","2":"type-post","3":"status-publish","4":"format-standard","5":"has-post-thumbnail","7":"category-bochum","8":"tag-2-bundesliga","9":"tag-antalya","10":"tag-bochum","11":"tag-de","12":"tag-deutschland","13":"tag-fussball","14":"tag-germany","15":"tag-holtmann-gerrit","16":"tag-horn-timo","17":"tag-klemm-constantin","18":"tag-luthe-andreas","19":"tag-nordrhein-westfalen","20":"tag-roesler-uwe","21":"tag-ruhrgebiet","22":"tag-ruhrgebiet-regional-sport","23":"tag-sobottka-marcel","24":"tag-sport","25":"tag-sport-leuchtturm-essen","26":"tag-texttospeech","27":"tag-trainingslager","28":"tag-tuerkei","29":"tag-vfl-bochum","30":"tag-zweite-bundesliga"},"share_on_mastodon":{"url":"https:\/\/pubeurope.com\/@de\/115848122497671355","error":""},"_links":{"self":[{"href":"https:\/\/www.europesays.com\/de\/wp-json\/wp\/v2\/posts\/697508","targetHints":{"allow":["GET"]}}],"collection":[{"href":"https:\/\/www.europesays.com\/de\/wp-json\/wp\/v2\/posts"}],"about":[{"href":"https:\/\/www.europesays.com\/de\/wp-json\/wp\/v2\/types\/post"}],"author":[{"embeddable":true,"href":"https:\/\/www.europesays.com\/de\/wp-json\/wp\/v2\/users\/2"}],"replies":[{"embeddable":true,"href":"https:\/\/www.europesays.com\/de\/wp-json\/wp\/v2\/comments?post=697508"}],"version-history":[{"count":0,"href":"https:\/\/www.europesays.com\/de\/wp-json\/wp\/v2\/posts\/697508\/revisions"}],"wp:featuredmedia":[{"embeddable":true,"href":"https:\/\/www.europesays.com\/de\/wp-json\/wp\/v2\/media\/697509"}],"wp:attachment":[{"href":"https:\/\/www.europesays.com\/de\/wp-json\/wp\/v2\/media?parent=697508"}],"wp:term":[{"taxonomy":"category","embeddable":true,"href":"https:\/\/www.europesays.com\/de\/wp-json\/wp\/v2\/categories?post=697508"},{"taxonomy":"post_tag","embeddable":true,"href":"https:\/\/www.europesays.com\/de\/wp-json\/wp\/v2\/tags?post=697508"}],"curies":[{"name":"wp","href":"https:\/\/api.w.org\/{rel}","templated":true}]}}