{"id":697610,"date":"2026-01-06T13:19:10","date_gmt":"2026-01-06T13:19:10","guid":{"rendered":"https:\/\/www.europesays.com\/de\/697610\/"},"modified":"2026-01-06T13:19:10","modified_gmt":"2026-01-06T13:19:10","slug":"major-groenland-als-teil-der-usa-verkuendung-sehr-wahrscheinlich-ndr-de","status":"publish","type":"post","link":"https:\/\/www.europesays.com\/de\/697610\/","title":{"rendered":"Major: Gr\u00f6nland als Teil der USA? Verk\u00fcndung &quot;sehr wahrscheinlich&quot; &#8211; NDR.de"},"content":{"rendered":"<ol>\n<li><a href=\"https:\/\/news.google.com\/rss\/articles\/CBMi1gFBVV95cUxQaUw5UEp6d1JBY2Z3dWQzWVVaQ3dCcGVvRFNGbmpjcktGQTczLUp2ZmNjN3FQTnJrTG5iQVN5bktBT0tUR0twRUJRTmk5R0o2U3V6a2NLYWxGWnMyQTFXcTU4ZUdnRm43S056VXZFTDk3dEhvYlJXR0ZwYkNwa2RraTFTYzgwSHNER2F0eE83TlU4UU5IUS1IVmtYSDM1bE1WajNPRG5uRldTVWY3cHhwS2tQdUdzTXRsbGdRR2JvcDQ5Mm0zSjA1TjdybUktRzMyZjYzQWln?oc=5\" target=\"_blank\" rel=\"noopener\">Major: Gr\u00f6nland als Teil der USA? Verk\u00fcndung &#8222;sehr wahrscheinlich&#8220;<\/a>&nbsp;&nbsp;NDR.de<\/li>\n<li><a href=\"https:\/\/news.google.com\/rss\/articles\/CBMidkFVX3lxTE03S29wcFhzd1BBdWJwSmN0OUN1aGRXZmNDdjdKOGZ2dUV1YkpFbFkwalM0bVZuOFF1bTdlZHdlYTFfSUZ3U1AzdWtycnJCN19fVmlKQ2JJNGpTNXBrdTFBQXl5RmplOGxSbFN4S0FzTjVQcFlOaVE?oc=5\" target=\"_blank\" rel=\"noopener\">D\u00e4nische Regierungschefin: US-Angriff auf Gr\u00f6nland w\u00e4re Ende der NATO<\/a>&nbsp;&nbsp;tagesschau.de<\/li>\n<li><a href=\"https:\/\/news.google.com\/rss\/articles\/CBMi3wFBVV95cUxQb0lYNnpCYVE1NnQyS1Y2czJySXZjUVNKd1ZBNUMyNzEwSFBGbkc5NFBlXzVPVXdPMENBQlpmaFhSLVROMERGRlFhelVndlZ0cldFWlU1T2RCYzg5YjNNV3gwUmpTOS0tQXBva1NXZmp5eElqdEFNankwV292dmF6ZlpyazVQSVBCSU4wcV80TGd5allITGRiOHAxM0t3OUc1VHozOEtxUEZNbGN0R3hyc1ZYYzZsTUFWMVAzVW1PUE9HQjl2SVVWSnRzYUk0aWtTckhLXzNRMTVLQ0pVN0g4?oc=5\" target=\"_blank\" rel=\"noopener\">Konflikte &#8211; Europ\u00e4ische L\u00e4nder stellen sich hinter Gr\u00f6nland &#8211; Politik<\/a>&nbsp;&nbsp;SZ.de<\/li>\n<li><a href=\"https:\/\/news.google.com\/rss\/articles\/CBMirwFBVV95cUxPUWhjOThlUXEydjJDSFd6dE9lc21oWDZNZFA4WGNaZGNYSjFWTjRUTFZXSDQ5YWk4VW41Wm1nYkRVNHBjTlljQXljbXNwQjFPOXBJdG1SUy14RDBZN1otXzlUdGpHbjVaRS11bmtZX1BWa2d0R3lWYjg1dHRoUlJaMEFUZzZncGFPQVJOV3hQbFJLQ19VakpGY25ETi1DaXdwZEFCNndrX2lDU3hXeml3?oc=5\" target=\"_blank\" rel=\"noopener\">&#8222;Dann ist alles vorbei&#8220;: D\u00e4nische Premierministerin sieht Gr\u00f6nland als Nato-Zerrei\u00dfprobe<\/a>&nbsp;&nbsp;Ntv<\/li>\n<li><a href=\"https:\/\/news.google.com\/rss\/articles\/CBMiowJBVV95cUxQUDNOS1NjVVppRFYwSjdrWlhNVTN6TXBqakhmTTAtSGFmeVJsWnlJb24tV3dvdEJGUnNfbFZHOThJSzBOcmFTWGpURTN1bUZFUmhIcEtOa3ctNk9KZTlsMlJtU3ZPWVhhX19iV1d1X1NadHlTemRKOE84YUNELWpuOU84UkROcnlXUGEybkthdXpvQndqSmNrbjlxbEh5NUs2cEtGVEtTaUdVLWtsc1Z5V3NKZmM2OUFNaFRpaG54Mm9jamxOZmFwZXJxRnp6bUI3RkhIb3ZNZ2dPWjltZHdfRmpmTTNBZzgtdThCSm5BYkljNmx4Wk9qQVNELWFsdV9CV1phRFNFT0lwcTlUSHhtbVVZbFlBZlJNdVhkSmJFSEh5OEU?oc=5\" target=\"_blank\" rel=\"noopener\">\u201eDie eigentliche Frage ist, mit welchem Recht beansprucht D\u00e4nemark die Kontrolle \u00fcber Gr\u00f6nland\u201c<\/a>&nbsp;&nbsp;WELT<\/li>\n<\/ol>\n","protected":false},"excerpt":{"rendered":"Major: Gr\u00f6nland als Teil der USA? Verk\u00fcndung &#8222;sehr wahrscheinlich&#8220;&nbsp;&nbsp;NDR.de D\u00e4nische Regierungschefin: US-Angriff auf Gr\u00f6nland w\u00e4re Ende der NATO&nbsp;&nbsp;tagesschau.de&hellip;\n","protected":false},"author":2,"featured_media":697611,"comment_status":"","ping_status":"","sticky":false,"template":"","format":"standard","meta":{"footnotes":""},"categories":[3],"tags":[35909,117699,26292,36720,452,13,2134,14,15,12,10,8,9,11,113,64,103,104],"class_list":{"0":"post-697610","1":"post","2":"type-post","3":"status-publish","4":"format-standard","5":"has-post-thumbnail","7":"category-welt","8":"tag-annexion","9":"tag-at-aktualitaet","10":"tag-claudia-major","11":"tag-expertin","12":"tag-groenland","13":"tag-headlines","14":"tag-interview","15":"tag-nachrichten","16":"tag-news","17":"tag-schlagzeilen","18":"tag-top-news","19":"tag-top-meldungen","20":"tag-topmeldungen","21":"tag-topnews","22":"tag-trump","23":"tag-usa","24":"tag-welt","25":"tag-world"},"share_on_mastodon":{"url":"https:\/\/pubeurope.com\/@de\/115848358409232646","error":""},"_links":{"self":[{"href":"https:\/\/www.europesays.com\/de\/wp-json\/wp\/v2\/posts\/697610","targetHints":{"allow":["GET"]}}],"collection":[{"href":"https:\/\/www.europesays.com\/de\/wp-json\/wp\/v2\/posts"}],"about":[{"href":"https:\/\/www.europesays.com\/de\/wp-json\/wp\/v2\/types\/post"}],"author":[{"embeddable":true,"href":"https:\/\/www.europesays.com\/de\/wp-json\/wp\/v2\/users\/2"}],"replies":[{"embeddable":true,"href":"https:\/\/www.europesays.com\/de\/wp-json\/wp\/v2\/comments?post=697610"}],"version-history":[{"count":0,"href":"https:\/\/www.europesays.com\/de\/wp-json\/wp\/v2\/posts\/697610\/revisions"}],"wp:featuredmedia":[{"embeddable":true,"href":"https:\/\/www.europesays.com\/de\/wp-json\/wp\/v2\/media\/697611"}],"wp:attachment":[{"href":"https:\/\/www.europesays.com\/de\/wp-json\/wp\/v2\/media?parent=697610"}],"wp:term":[{"taxonomy":"category","embeddable":true,"href":"https:\/\/www.europesays.com\/de\/wp-json\/wp\/v2\/categories?post=697610"},{"taxonomy":"post_tag","embeddable":true,"href":"https:\/\/www.europesays.com\/de\/wp-json\/wp\/v2\/tags?post=697610"}],"curies":[{"name":"wp","href":"https:\/\/api.w.org\/{rel}","templated":true}]}}