{"id":697617,"date":"2026-01-06T13:23:17","date_gmt":"2026-01-06T13:23:17","guid":{"rendered":"https:\/\/www.europesays.com\/de\/697617\/"},"modified":"2026-01-06T13:23:17","modified_gmt":"2026-01-06T13:23:17","slug":"bundespolizei-fasst-marokkaner-mit-sieben-identitaeten","status":"publish","type":"post","link":"https:\/\/www.europesays.com\/de\/697617\/","title":{"rendered":"Bundespolizei fasst Marokkaner mit sieben Identit\u00e4ten"},"content":{"rendered":"<p>Marokkaner in Haft <\/p>\n<p>Polizei fasst Mann mit sieben Identit\u00e4ten<\/p>\n<p>Aktualisiert am 06.01.2026 &#8211; 13:45 UhrLesedauer: 1 Min.<\/p>\n<p><a href=\"#focus-0\" class=\"transition-colors duration-200 block text-current relative\" data-sctrack=\"FocusGalleryImage.Reference\"><img fetchpriority=\"high\" data-testid=\"Opener.Image\" style=\"--lqipURL:url('https:\/\/images.t-online.de\/2026\/01\/bIqYwceaXupZ\/0x209:4000x2250\/fit-in\/150x0\/filters:blur(25)\/aachen-hbf-hauptbahnhof-aachen-nordrhein-westfalen-deutschland-aachen-central-station-aachen-main-station-north-rhine-westphalia-germany.jpg')\"   loading=\"eager\" src=\"https:\/\/www.europesays.com\/de\/wp-content\/uploads\/2026\/01\/aachen-hbf-hauptbahnhof-aachen-nordrhein-westfalen-deutschland-aachen-central-station-aachen-main-st.jpeg\" alt=\"imago images 0820912025\" title=\"imago images 0820912025\" width=\"4000\" height=\"2250\" class=\"bg-[url:var(--lqipURL)] bg-cover bg-center flex h-full w-full max-w-full\" decoding=\"async\"\/><img style=\"--width:32;--height:32\" loading=\"lazy\" src=\"https:\/\/www.t-online.de\/s\/paper\/_next\/static\/media\/zoom-in.f7dae02f.svg\" alt=\"Vergr\u00f6\u00dfern des Bildes\" title=\"Vergr\u00f6\u00dfern des Bildes\" class=\"block h-[calc(var(--height)_\/_16_*_1rem)] w-[calc(var(--width)_\/_16_*_1rem)] max-w-none absolute bottom-8 right-8 rounded-4 bg-snow p-8\" decoding=\"async\"\/><\/a><\/p>\n<p>Aachener Hauptbahnhof (Archivbild): Hier fasste die Polizei den Mann. (Quelle: IMAGO\/Olaf D\u00f6ring\/imago)<\/p>\n<p class=\"font-bold text-18 leading-17\">Ein junger Mann ger\u00e4t in den Fokus der Bundespolizei, sein Identit\u00e4tsnachweis macht die Beamten stutzig. Die anschlie\u00dfende \u00dcberpr\u00fcfung bringt Kurioses ans Licht.<\/p>\n<p class=\"text-18 leading-17\">Bundespolizisten haben in Nordrhein-Westfalen einen 21-J\u00e4hrigen gefasst, der unter einer Reihe von verschiedenen Identit\u00e4ten unterwegs war.<\/p>\n<p class=\"text-18 leading-17\">Wie die Polizei am Dienstag mitteilte, ging der junge Mann am Montagmorgen am Hauptbahnhof von <a class=\"transition-colors duration-200 cursor-pointer text-inherit no-underline text-salemsfur md:hover:text-magenta md:hover:border-magenta md:focus:text-magenta border-current border-b border-solid break-words\" href=\"https:\/\/aachen.t-online.de\/region\/aachen\/\" data-sctrack=\"BodyAnchor\" target=\"_blank\" rel=\"noopener\">Aachen<\/a> ins Netz. Er war um 7.30 Uhr aus <a class=\"transition-colors duration-200 cursor-pointer text-inherit no-underline text-salemsfur md:hover:text-magenta md:hover:border-magenta md:focus:text-magenta border-current border-b border-solid break-words\" href=\"https:\/\/www.t-online.de\/themen\/belgien\/\" data-sctrack=\"BodyAnchor\" target=\"_blank\" rel=\"noopener\">Belgien<\/a> kommend eingereist. Die Beamten beschlossen, den aus <a class=\"transition-colors duration-200 cursor-pointer text-inherit no-underline text-salemsfur md:hover:text-magenta md:hover:border-magenta md:focus:text-magenta border-current border-b border-solid break-words\" href=\"https:\/\/www.t-online.de\/themen\/marokko\/\" data-sctrack=\"BodyAnchor\" target=\"_blank\" rel=\"noopener\">Marokko<\/a> stammenden Mann zu kontrollieren.<\/p>\n<p class=\"text-18 leading-17\">Der 21-J\u00e4hrige h\u00e4ndigte lediglich einen Bewohnerausweis von einer belgischen Asylunterkunft aus, die Beamten \u00fcberpr\u00fcften daraufhin seine Fingerabdr\u00fccke. Diese f\u00fchrten der Bundespolizei zufolge zu sieben verschiedenen Personaldaten.<\/p>\n<p class=\"text-18 leading-17\">Unter seinen sieben Identit\u00e4ten war der Mann zudem mehrfach auff\u00e4llig geworden. Insgesamt elf verschiedene Fahndungen lagen gegen ihn vor, berichtete die Polizei. Diese stammen aus dem ganzen Bundesgebiet, unter anderem von Staatsanwaltschaften in <a class=\"transition-colors duration-200 cursor-pointer text-inherit no-underline text-salemsfur md:hover:text-magenta md:hover:border-magenta md:focus:text-magenta border-current border-b border-solid break-words\" href=\"https:\/\/koeln.t-online.de\/region\/koeln\/\" data-sctrack=\"BodyAnchor\" target=\"_blank\" rel=\"noopener\">K\u00f6ln<\/a>, Freiburg, Mainz, <a class=\"transition-colors duration-200 cursor-pointer text-inherit no-underline text-salemsfur md:hover:text-magenta md:hover:border-magenta md:focus:text-magenta border-current border-b border-solid break-words\" href=\"https:\/\/dortmund.t-online.de\/region\/dortmund\/\" data-sctrack=\"BodyAnchor\" target=\"_blank\" rel=\"noopener\">Dortmund<\/a> und <a class=\"transition-colors duration-200 cursor-pointer text-inherit no-underline text-salemsfur md:hover:text-magenta md:hover:border-magenta md:focus:text-magenta border-current border-b border-solid break-words\" href=\"https:\/\/www.t-online.de\/themen\/offenburg\/\" data-sctrack=\"BodyAnchor\" target=\"_blank\" rel=\"noopener\">Offenburg<\/a>.<\/p>\n<p class=\"text-18 leading-17\">Bemerkenswert sei dabei, dass der 21-J\u00e4hrige erst im Oktober 2024 nach Deutschland eingereist sei. Seitdem wurde er unter anderem wegen Delikten wie Verst\u00f6\u00dfen gegen das Aufenthaltsgesetz, Diebstahl, Erschleichen von Leistungen und Hausfriedensbruch gesucht. Zwei Haftbefehle lagen ebenfalls vor: eine Strafvollstreckung von 484,50 Euro Geldstrafe oder 10 Tagen Haft wegen Erschleichens von Leistungen von der Staatsanwaltschaft Heilbronn; au\u00dferdem ein von der Bundespolizeidirektion <a class=\"transition-colors duration-200 cursor-pointer text-inherit no-underline text-salemsfur md:hover:text-magenta md:hover:border-magenta md:focus:text-magenta border-current border-b border-solid break-words\" href=\"https:\/\/stuttgart.t-online.de\/region\/stuttgart\/\" data-sctrack=\"BodyAnchor\" target=\"_blank\" rel=\"noopener\">Stuttgart<\/a> hinterlegter Haftbefehl mit Einreise- und Aufenthaltsverbot.<\/p>\n<p class=\"text-18 leading-17\">Die Bundespolizisten nahmen den Marokkaner fest und brachten ihn nach Beendigung aller polizeilichen Ma\u00dfnahmen in die JVA Aachen. Dort befindet er sich jetzt in Haft.<\/p>\n","protected":false},"excerpt":{"rendered":"Marokkaner in Haft Polizei fasst Mann mit sieben Identit\u00e4ten Aktualisiert am 06.01.2026 &#8211; 13:45 UhrLesedauer: 1 Min. Aachener&hellip;\n","protected":false},"author":2,"featured_media":697618,"comment_status":"","ping_status":"","sticky":false,"template":"","format":"standard","meta":{"footnotes":""},"categories":[1853],"tags":[1434,1424,1423,421,3364,950,29,548,663,3934,30,3601,13,161180,3876,14,15,1209,121,12],"class_list":{"0":"post-697617","1":"post","2":"type-post","3":"status-publish","4":"format-standard","5":"has-post-thumbnail","7":"category-aachen","8":"tag-1434","9":"tag-aachen","10":"tag-belgien","11":"tag-bundespolizei","12":"tag-de","13":"tag-deutscher-wetterdienst","14":"tag-deutschland","15":"tag-eu","16":"tag-europa","17":"tag-europe","18":"tag-germany","19":"tag-hauptbahnhof","20":"tag-headlines","21":"tag-identitaetsnachweis","22":"tag-marokko","23":"tag-nachrichten","24":"tag-news","25":"tag-nordrhein-westfalen","26":"tag-polizei","27":"tag-schlagzeilen"},"share_on_mastodon":{"url":"https:\/\/pubeurope.com\/@de\/115848374279633991","error":""},"_links":{"self":[{"href":"https:\/\/www.europesays.com\/de\/wp-json\/wp\/v2\/posts\/697617","targetHints":{"allow":["GET"]}}],"collection":[{"href":"https:\/\/www.europesays.com\/de\/wp-json\/wp\/v2\/posts"}],"about":[{"href":"https:\/\/www.europesays.com\/de\/wp-json\/wp\/v2\/types\/post"}],"author":[{"embeddable":true,"href":"https:\/\/www.europesays.com\/de\/wp-json\/wp\/v2\/users\/2"}],"replies":[{"embeddable":true,"href":"https:\/\/www.europesays.com\/de\/wp-json\/wp\/v2\/comments?post=697617"}],"version-history":[{"count":0,"href":"https:\/\/www.europesays.com\/de\/wp-json\/wp\/v2\/posts\/697617\/revisions"}],"wp:featuredmedia":[{"embeddable":true,"href":"https:\/\/www.europesays.com\/de\/wp-json\/wp\/v2\/media\/697618"}],"wp:attachment":[{"href":"https:\/\/www.europesays.com\/de\/wp-json\/wp\/v2\/media?parent=697617"}],"wp:term":[{"taxonomy":"category","embeddable":true,"href":"https:\/\/www.europesays.com\/de\/wp-json\/wp\/v2\/categories?post=697617"},{"taxonomy":"post_tag","embeddable":true,"href":"https:\/\/www.europesays.com\/de\/wp-json\/wp\/v2\/tags?post=697617"}],"curies":[{"name":"wp","href":"https:\/\/api.w.org\/{rel}","templated":true}]}}