{"id":697621,"date":"2026-01-06T13:25:12","date_gmt":"2026-01-06T13:25:12","guid":{"rendered":"https:\/\/www.europesays.com\/de\/697621\/"},"modified":"2026-01-06T13:25:12","modified_gmt":"2026-01-06T13:25:12","slug":"strahlende-kinderaugen-und-gespitzte-ohren-bei-abschluss-von-lichtenau-liest","status":"publish","type":"post","link":"https:\/\/www.europesays.com\/de\/697621\/","title":{"rendered":"Strahlende Kinderaugen und gespitzte Ohren bei Abschluss von \u201eLichtenau liest\u201c"},"content":{"rendered":"<p>Mit einer atmosph\u00e4rischen <a href=\"https:\/\/www.blick.de\/thema\/schlagwort\/lesung\" title=\"Lesung\" class=\"internal-article-link\" data-ct=\"ENTITY\/KEYWORD\/LESUNG\" target=\"_blank\" rel=\"noopener\">Lesung<\/a> in den R\u00e4umen der Firma Newtec ist am Montagabend die diesj\u00e4hrige Veranstaltungsreihe \u201eLichtenau liest\u201c feierlich zu Ende gegangen.<\/p>\n<p>\u00dcber 50 G\u00e4ste waren der Einladung in die festlich geschm\u00fcckte Verkaufshalle in der Auerswalder Stra\u00dfe gefolgt und erlebten einen besonderen literarischen Abend.<\/p>\n<p>\n        Lesung in ungew\u00f6hnlicher Kulisse\n    <\/p>\n<p>Zwischen einem beleuchteten Traktor und landwirtschaftlicher Technik entfaltete sich eine ganz eigene Atmosph\u00e4re. Die festlich dekorierte Halle bot einen stimmungsvollen Rahmen, der sich bereits bei fr\u00fcheren Veranstaltungen bew\u00e4hrt hatte.<\/p>\n<p>\n        Viel Applaus f\u00fcr Beate D\u00fcber\n    <\/p>\n<p>Diplom-Schauspielerin Beate D\u00fcber begeisterte mit ihren lebendig vorgetragenen Geschichten gro\u00dfe und kleine Zuh\u00f6rer gleicherma\u00dfen. Freudige Kinderaugen und gespannte Stille w\u00e4hrend der Lesung wechselten sich ab, am Ende dankte das Publikum der Vorleserin mit langem Applaus.<\/p>\n<p>\n        Musikalische Begleitung aus Auerswalde\n    <\/p>\n<p>Musikalisch umrahmt wurde der Abend vom Posaunenchor <a href=\"https:\/\/www.blick.de\/thema\/ort\/auerswalde\" title=\"Auerswalde\" class=\"internal-article-link\" data-ct=\"ENTITY\/LOCATION\/AUERSWALDE\" target=\"_blank\" rel=\"noopener\">Auerswalde<\/a>, dessen Beitr\u00e4ge die besondere Stimmung in der Traktorhalle zus\u00e4tzlich unterstrichen und den literarischen Abend abrundeten. Beim \u201eFeierabend\u201c-Lied wurde symbolisch das Licht ausgeblasen.<\/p>\n<p>\n        Imbiss nach der Lesung\n    <\/p>\n<p>Nach zwei der vorgetragenen Geschichten lud das Team der Firma Newtec die G\u00e4ste zu einem kleinen Imbiss ein. Bei Wienern und Keksen kamen Besucher und Mitwirkende miteinander ins Gespr\u00e4ch und lie\u00dfen den Abend in geselliger Runde ausklingen.<\/p>\n<p>\n        Vorfreude auf die n\u00e4chste Auflage\n    <\/p>\n<p>Anke Ludwig von der Gemeinde <a href=\"https:\/\/www.blick.de\/thema\/ort\/lichtenau\" title=\"Lichtenau\" class=\"internal-article-link\" data-ct=\"ENTITY\/LOCATION\/LICHTENAU\" target=\"_blank\" rel=\"noopener\">Lichtenau<\/a> zeigte sich zufrieden mit dem gelungenen Abschluss der Reihe.<\/p>\n<p>\u201eDas war ein w\u00fcrdiger Abschluss von ,Lichtenau liest\u2018. Es ist sch\u00f6n zu sehen, wie Literatur Menschen zusammenbringt \u2013 und wir laden schon jetzt herzlich zur n\u00e4chsten Auflage in der kommenden Adventszeit ein\u201c, sagte sie.<\/p>\n<p>\n        Verschiedene Aktionen in der Adventszeit\n    <\/p>\n<p>Die Lesung bei Newtec bildete den Schlusspunkt des lebendigen Lese-Adventskalenders, der sich seit Anfang Dezember durch alle Ortsteile der Gemeinde zog. Mit Veranstaltungen in Kitas, Vereinen, Feuerwehren und Bibliotheken zeigte \u201eLichtenau liest\u201c erneut, wie vielf\u00e4ltig und lebendig Literatur im Dorfleben verankert sein kann. <\/p>\n<p>\t<a href=\"https:\/\/www.blick.de\/mittelsachsen\/27-steiner-chemnitztalschau-in-der-turnhalle-stein-artikel14088234\" title=\"27. Steiner Chemnitztalschau in der Turnhalle Stein\" class=\"teaser teaser--side-by-side-desktop-larger\" data-ct=\"&quot;ARTICLE\/ADDITIONAL-LINK\/TEASER-1&quot;\" target=\"_blank\" rel=\"noopener\"><\/p>\n<p>\t\t\t\t\t\t\t        \t\t\t\t<img decoding=\"async\" class=\"media-image teaser__img\" loading=\"lazy\" src=\"https:\/\/www.europesays.com\/de\/wp-content\/uploads\/2026\/01\/17864170_W360C2040x1360o0x0.jpg\" alt=\"27. Steiner Chemnitztalschau in der Turnhalle Stein - Eine Zwergente mit Haube.\"   style=\"&#10;&#9;&#9;&#9;aspect-ratio:2040\/1360;&#10;&#9;&#9;&#9;background: url(data:image\/jpg;base64,\/9j\/4AAQSkZJRgABAQEASABIAAD\/2wBDAAUDBAQEAwUEBAQFBQUGBwwIBwcHBw8LCwkMEQ8SEhEPERETFhwXExQaFRERGCEYGh0dHx8fExciJCIeJBweHx7\/2wBDAQUFBQcGBw4ICA4eFBEUHh4eHh4eHh4eHh4eHh4eHh4eHh4eHh4eHh4eHh4eHh4eHh4eHh4eHh4eHh4eHh4eHh7\/wAARCAAHAAoDASIAAhEBAxEB\/8QAFgABAQEAAAAAAAAAAAAAAAAAAAUH\/8QAJBAAAQMCBAcAAAAAAAAAAAAAAQIDBAARBQYSQRMhIzEyYWL\/xAAUAQEAAAAAAAAAAAAAAAAAAAAF\/8QAGBEAAwEBAAAAAAAAAAAAAAAAAAERAgP\/2gAMAwEAAhEDEQA\/AL+SncuuYdKzRj8pScPi6nW+BrPJHkVJ0g3B2B27mspfnsyX3JMV+SuO6oraU8eopJNwVfVrX90pRLSgpz066f\/Z) no-repeat left top; background-size: cover;&#9;&#9;&#9;width: 100%;&#9;&#9;\"\/><\/p>\n<p>\t\t\t\t\t\t27. Steiner Chemnitztalschau in der Turnhalle Stein<\/p>\n<p class=\"teaser__text\">Ged\u00e4chtnisschau f\u00fcr Ehrenmitglied Christian Raschke<\/p>\n<p>\t<\/a><\/p>\n","protected":false},"excerpt":{"rendered":"Mit einer atmosph\u00e4rischen Lesung in den R\u00e4umen der Firma Newtec ist am Montagabend die diesj\u00e4hrige Veranstaltungsreihe \u201eLichtenau liest\u201c&hellip;\n","protected":false},"author":2,"featured_media":697622,"comment_status":"","ping_status":"","sticky":false,"template":"","format":"standard","meta":{"footnotes":""},"categories":[1851],"tags":[2770,3364,29,548,663,3934,30,13,14,15,859,12,3866],"class_list":{"0":"post-697621","1":"post","2":"type-post","3":"status-publish","4":"format-standard","5":"has-post-thumbnail","7":"category-chemnitz","8":"tag-chemnitz","9":"tag-de","10":"tag-deutschland","11":"tag-eu","12":"tag-europa","13":"tag-europe","14":"tag-germany","15":"tag-headlines","16":"tag-nachrichten","17":"tag-news","18":"tag-sachsen","19":"tag-schlagzeilen","20":"tag-veranstaltungen"},"share_on_mastodon":{"url":"https:\/\/pubeurope.com\/@de\/115848382027267454","error":""},"_links":{"self":[{"href":"https:\/\/www.europesays.com\/de\/wp-json\/wp\/v2\/posts\/697621","targetHints":{"allow":["GET"]}}],"collection":[{"href":"https:\/\/www.europesays.com\/de\/wp-json\/wp\/v2\/posts"}],"about":[{"href":"https:\/\/www.europesays.com\/de\/wp-json\/wp\/v2\/types\/post"}],"author":[{"embeddable":true,"href":"https:\/\/www.europesays.com\/de\/wp-json\/wp\/v2\/users\/2"}],"replies":[{"embeddable":true,"href":"https:\/\/www.europesays.com\/de\/wp-json\/wp\/v2\/comments?post=697621"}],"version-history":[{"count":0,"href":"https:\/\/www.europesays.com\/de\/wp-json\/wp\/v2\/posts\/697621\/revisions"}],"wp:featuredmedia":[{"embeddable":true,"href":"https:\/\/www.europesays.com\/de\/wp-json\/wp\/v2\/media\/697622"}],"wp:attachment":[{"href":"https:\/\/www.europesays.com\/de\/wp-json\/wp\/v2\/media?parent=697621"}],"wp:term":[{"taxonomy":"category","embeddable":true,"href":"https:\/\/www.europesays.com\/de\/wp-json\/wp\/v2\/categories?post=697621"},{"taxonomy":"post_tag","embeddable":true,"href":"https:\/\/www.europesays.com\/de\/wp-json\/wp\/v2\/tags?post=697621"}],"curies":[{"name":"wp","href":"https:\/\/api.w.org\/{rel}","templated":true}]}}