{"id":697639,"date":"2026-01-06T13:34:10","date_gmt":"2026-01-06T13:34:10","guid":{"rendered":"https:\/\/www.europesays.com\/de\/697639\/"},"modified":"2026-01-06T13:34:10","modified_gmt":"2026-01-06T13:34:10","slug":"ehemaliger-zdf-korrespondent-klaus-proempers-zu-gast-bei-abendforum","status":"publish","type":"post","link":"https:\/\/www.europesays.com\/de\/697639\/","title":{"rendered":"Ehemaliger ZDF-Korrespondent Klaus Pr\u00f6mpers zu Gast bei Abendforum"},"content":{"rendered":"<p>06.01.2026, 12:20 Uhr, Bistum M\u00fcnster, Stadtdekanat M\u00fcnster&#13;\n<\/p>\n<p>Der Umbau der Demokratie in den Vereinigten Staaten ist in vollem Gang. Welche katholischen Akteure und Institutionen daran mitwirken und welche Grundhaltung sie antreibt, darum soll es am Dienstag, 20. Januar, von 19 bis 21 Uhr bei einem Abendforum in der Akademie Franz Hitze Haus in M\u00fcnster gehen. Referent ist der ehemalige ZDF-Korrespondent in Washington, Klaus Pr\u00f6mpers. Das Forum steht unter dem Titel \u201eMit Gott in den autorit\u00e4ren Staat?! Donald Trump und der Umbau der Demokratie in den USA \u201c.<\/p>\n<p><a href=\"https:\/\/www.franz-hitze-haus.de\/info\/26-502\" target=\"_blank\" rel=\"noreferrer noopener\" class=\"no-icon\"><img loading=\"lazy\" decoding=\"async\" src=\"https:\/\/www.europesays.com\/de\/wp-content\/uploads\/2026\/01\/2024-11-13-FHH-teaser.jpg\" width=\"1324\" height=\"760\" alt=\"\"\/><\/a><\/p>\n<p>Mit einem Klick auf das Logo gelangen Sie zur Anmeldung!<\/p>\n<p>Das Abendforum findet genau ein Jahr nach Beginn der zweiten Amtszeit von US-Pr\u00e4sident Donald Trump statt. Trump setzt seither das von der nationalistisch-konservativen Heritage-Foundation konzipierte \u201eProject 2025\u201c um, indem er das politische System so umgestaltet, dass der Pr\u00e4sident nahezu uneingeschr\u00e4nkt mit Dekreten regieren kann. Das Kontrollsystem der \u201eChecks and Balances\u201d, auf dem die Verfassung der USA basiert, wird so ausgehebelt.<\/p>\n<p>Besonders augenf\u00e4llig wird der Umbau der Demokratie im Einsatz der Nationalgarde in von Demokraten regierten Bundesstaaten und St\u00e4dten sowie in der massenhaften Internierung und Deportation von Migrantinnen und Migranten ohne rechtsstaatliche Verfahren. Trumps Vorgehen in Venezuela verlieh dem Thema k\u00fcrzlich weitere Brisanz. Gesellschaftlicher Widerstand gegen diese Vorg\u00e4nge ist kaum erkennbar.\u00a0<\/p>\n<p>Gleichzeitig sehen konservative Evangelikale und Katholiken in Trump eine Kraft, mit deren Hilfe sie die Gesellschaft in ihrem Sinne umgestalten und Liberalisierungen r\u00fcckg\u00e4ngig machen k\u00f6nnen. Weithin bekannt ist der zum Katholizismus konvertierte Vizepr\u00e4sident J.D. Vance, aber auch an anderen wichtigen Positionen wirken Katholiken mit am Aufbau des autorit\u00e4ren Staates. Ihre Ziele und Strategien sollen beim Abendforum erl\u00e4utert werden.\u00a0<\/p>\n<p>Die Teilnahme kostet 15 Euro, erm\u00e4\u00dfigt acht Euro. Mit Kultursemesterticket ist sie kostenfrei. Anmeldungen sollten erfolgen.<\/p>\n<p>Anke Lucht<\/p>\n","protected":false},"excerpt":{"rendered":"06.01.2026, 12:20 Uhr, Bistum M\u00fcnster, Stadtdekanat M\u00fcnster&#13; Der Umbau der Demokratie in den Vereinigten Staaten ist in vollem&hellip;\n","protected":false},"author":2,"featured_media":697640,"comment_status":"","ping_status":"","sticky":false,"template":"","format":"standard","meta":{"footnotes":""},"categories":[1843],"tags":[161191,161190,161189,161192,161195,3364,29,106,30,161187,161188,8970,1209,161193,161186,4019,320,161194],"class_list":{"0":"post-697639","1":"post","2":"type-post","3":"status-publish","4":"format-standard","5":"has-post-thumbnail","7":"category-muenster","8":"tag-19-bis-21-uhr","9":"tag-20-januar","10":"tag-abendforum","11":"tag-akademie-franz-hitze-haus","12":"tag-autoritaerer-staat","13":"tag-de","14":"tag-deutschland","15":"tag-donald-trump","16":"tag-germany","17":"tag-katholische-akteure","18":"tag-katholische-institutionen","19":"tag-muenster","20":"tag-nordrhein-westfalen","21":"tag-referent-klaus-proempers","22":"tag-umbau-der-demokratie","23":"tag-vereinigte-staaten","24":"tag-washington","25":"tag-zdf-korrespondent"},"share_on_mastodon":{"url":"https:\/\/pubeurope.com\/@de\/115848417475823842","error":""},"_links":{"self":[{"href":"https:\/\/www.europesays.com\/de\/wp-json\/wp\/v2\/posts\/697639","targetHints":{"allow":["GET"]}}],"collection":[{"href":"https:\/\/www.europesays.com\/de\/wp-json\/wp\/v2\/posts"}],"about":[{"href":"https:\/\/www.europesays.com\/de\/wp-json\/wp\/v2\/types\/post"}],"author":[{"embeddable":true,"href":"https:\/\/www.europesays.com\/de\/wp-json\/wp\/v2\/users\/2"}],"replies":[{"embeddable":true,"href":"https:\/\/www.europesays.com\/de\/wp-json\/wp\/v2\/comments?post=697639"}],"version-history":[{"count":0,"href":"https:\/\/www.europesays.com\/de\/wp-json\/wp\/v2\/posts\/697639\/revisions"}],"wp:featuredmedia":[{"embeddable":true,"href":"https:\/\/www.europesays.com\/de\/wp-json\/wp\/v2\/media\/697640"}],"wp:attachment":[{"href":"https:\/\/www.europesays.com\/de\/wp-json\/wp\/v2\/media?parent=697639"}],"wp:term":[{"taxonomy":"category","embeddable":true,"href":"https:\/\/www.europesays.com\/de\/wp-json\/wp\/v2\/categories?post=697639"},{"taxonomy":"post_tag","embeddable":true,"href":"https:\/\/www.europesays.com\/de\/wp-json\/wp\/v2\/tags?post=697639"}],"curies":[{"name":"wp","href":"https:\/\/api.w.org\/{rel}","templated":true}]}}