{"id":697655,"date":"2026-01-06T13:42:14","date_gmt":"2026-01-06T13:42:14","guid":{"rendered":"https:\/\/www.europesays.com\/de\/697655\/"},"modified":"2026-01-06T13:42:14","modified_gmt":"2026-01-06T13:42:14","slug":"venezuela-so-reagieren-russische-medien-auf-maduro-entfuehrung","status":"publish","type":"post","link":"https:\/\/www.europesays.com\/de\/697655\/","title":{"rendered":"Venezuela: So reagieren russische Medien auf Maduro-Entf\u00fchrung"},"content":{"rendered":"<p>Die Reaktionen auf die US-amerikanische Maduro-Festnahme sind in Russland heftig ausgefallen. Was die kremlnahe Berichterstattung eint, ist eine z\u00e4hneknirschende Bewunderung in Richtung des Rivalen. Und die Frage: Warum kann die USA, was Russland schon seit Jahren versucht?<\/p>\n<p class=\"is-first-paragraph\" data-external=\"Article.FirstParagraph\">Am 3. Januar wurde der Diktator Nicolas Maduro im Rahmen einer US-amerikanischen Milit\u00e4roperation aus Venezuela festgenommen und in die USA gebracht, <a class=\"is-link c-block-items__link c-link--rich-text-renderer\" href=\"https:\/\/www.welt.de\/politik\/ausland\/article6958ef97441b06c4906d1ccf\/venezuela-liveticker-eindeutig-grundlegendes-prinzip-des-voelkerrechts-untergraben-un-ruegen-us-militaereinsatz.html\" data-internal-tracking-enabled=\"true\" data-internal-tracking=\"{&quot;action&quot;:&quot;click&quot;,&quot;label&quot;:&quot;link&quot;,&quot;name&quot;:&quot;Inline Element&quot;,&quot;data&quot;:{&quot;source&quot;:&quot;&quot;,&quot;target&quot;:&quot;https:\/\/www.welt.de\/politik\/ausland\/article6958ef97441b06c4906d1ccf\/venezuela-liveticker-eindeutig-grundlegendes-prinzip-des-voelkerrechts-untergraben-un-ruegen-us-militaereinsatz.html&quot;,&quot;trackingName&quot;:&quot;&quot;,&quot;trackingLabel&quot;:&quot;&quot;}}\" target=\"_blank\" rel=\"noopener\">wo er wenige Tage sp\u00e4ter vor Gericht gestellt wurde<\/a>. <\/p>\n<p>US-Pr\u00e4sident Donald Trump handelte dabei auf eigene Faust. Ein UN-Mandat hatte er nicht. Dementsprechend heftig sind die internationalen Reaktionen \u2013 auch in Russland, einem traditionell engen Verb\u00fcndeten des s\u00fcdamerikanischen Landes. <\/p>\n<p><b>Alle Entwicklungen zu Venezuela lesen Sie <\/b><a class=\"is-link c-block-items__link c-link--rich-text-renderer\" href=\"https:\/\/www.welt.de\/politik\/ausland\/article6958ef97441b06c4906d1ccf\/venezuela-liveticker-eindeutig-grundlegendes-prinzip-des-voelkerrechts-untergraben-un-ruegen-us-militaereinsatz.html\" data-internal-tracking-enabled=\"true\" data-internal-tracking=\"{&quot;action&quot;:&quot;click&quot;,&quot;label&quot;:&quot;link&quot;,&quot;name&quot;:&quot;Inline Element&quot;,&quot;data&quot;:{&quot;source&quot;:&quot;&quot;,&quot;target&quot;:&quot;https:\/\/www.welt.de\/politik\/ausland\/article6958ef97441b06c4906d1ccf\/venezuela-liveticker-eindeutig-grundlegendes-prinzip-des-voelkerrechts-untergraben-un-ruegen-us-militaereinsatz.html&quot;,&quot;trackingName&quot;:&quot;&quot;,&quot;trackingLabel&quot;:&quot;&quot;}}\" target=\"_blank\" rel=\"noopener\"><b>in unserem Liveticker<\/b><\/a><\/p>\n<p>Viele russische Medien relativieren mit der Maduro-Entf\u00fchrung das russische Vorgehen in der Ukraine, andere fordern H\u00e4rte und bedauern, dass Russland nun an globalem Einfluss verloren habe. Auch die Professionalit\u00e4t der Operation wird anerkannt und sie fragen sich, warum die Amerikaner ihre Spezialoperation in wenigen Stunden beenden k\u00f6nne, w\u00e4hrend die Russen schon vier Jahre daf\u00fcr ben\u00f6tigen. <\/p>\n<p>Akteure im kremlnahen Fernsehen und in den Kan\u00e4len sogenannter Kriegsblogger bringen den USA Neid und z\u00e4hneknirschende Bewunderung entgegen. <a class=\"is-link c-block-items__link is-external c-link--rich-text-renderer\" href=\"https:\/\/t.me\/Agdchan\/24577\" target=\"_blank\" title=\"(Link wird in einem neuen Tab ge\u00f6ffnet)\" rel=\"nofollow noopener\" data-internal-tracking-enabled=\"true\" data-internal-tracking=\"{&quot;action&quot;:&quot;click&quot;,&quot;label&quot;:&quot;link&quot;,&quot;name&quot;:&quot;Inline Element&quot;,&quot;data&quot;:{&quot;source&quot;:&quot;&quot;,&quot;target&quot;:&quot;https:\/\/t.me\/Agdchan\/24577&quot;,&quot;trackingName&quot;:&quot;&quot;,&quot;trackingLabel&quot;:&quot;&quot;}}\">Der Philosoph Alexander Dugin meint<\/a>: \u201eGanz Russland stellt sich jetzt die Frage: Warum gehen wir mit unseren Feinden nicht auch so um? Es gibt doch konkrete Personen, die Schuld am ukrainischen Terror tragen, an denen das Blut russischer Kinder klebt. Warum laufen sie frei rum, als wenn nichts gewesen w\u00e4re?\u201c <\/p>\n<p>Die Fernsehpropagandistin Margarita Simonjan gibt zu, angesichts der amerikanischen Operation \u201eneidisch\u201c zu sein. Der Telegram-Kanal \u201eMilit\u00e4rischer Beobachter\u201c schreibt: Es bleibe die Frage, \u201ewarum zum Teufel Russland nicht in der ersten Woche der Spezialoperation die gesamte Kiewer Hunta (abf\u00e4llig f\u00fcr F\u00fchrungsebene, d.Red.) enthauptet\u201c habe. Der Kanal meint, russische Politologen h\u00e4tten jahrelang Unfug erz\u00e4hlt, dar\u00fcber, wie zivilisiert <a class=\"is-link c-block-items__link c-link--rich-text-renderer\" href=\"https:\/\/www.welt.de\/politik\/ausland\/article695b502cfb77630dac277a28\/ukraine-krieg-kriegsdienstverweigerer-sind-niedere-kreaturen-kiews-einberufungszentrum-beklagt-hunderte-angriffe-liveticker.html\" data-internal-tracking-enabled=\"true\" data-internal-tracking=\"{&quot;action&quot;:&quot;click&quot;,&quot;label&quot;:&quot;link&quot;,&quot;name&quot;:&quot;Inline Element&quot;,&quot;data&quot;:{&quot;source&quot;:&quot;&quot;,&quot;target&quot;:&quot;https:\/\/www.welt.de\/politik\/ausland\/article695b502cfb77630dac277a28\/ukraine-krieg-kriegsdienstverweigerer-sind-niedere-kreaturen-kiews-einberufungszentrum-beklagt-hunderte-angriffe-liveticker.html&quot;,&quot;trackingName&quot;:&quot;&quot;,&quot;trackingLabel&quot;:&quot;&quot;}}\" target=\"_blank\" rel=\"noopener\">die russische Milit\u00e4roperation angeblich ablaufe<\/a>. \u201eUnd hier ist ein Beweis daf\u00fcr\u201c, dass es auch anders gehe.<\/p>\n<p>Ein anderer Kriegskanal namens \u201eZwei Majore\u201c schreibt anerkennend: \u201eSpa\u00df beiseite! Ohne \u00fcberm\u00e4\u00dfige Ehrfurcht vor den Amis \u2013 Das war wirklich sauber durchgef\u00fchrt.\u201c Der Kanal \u201eStarzhe Eddi\u201c bewundert: \u201eDie Amerikaner haben bewiesen, dass sie keine Probleme mit der Planung und Durchf\u00fchrung von Spezialoperationen haben.\u201c<\/p>\n<p>Jagdsaison auf Putin er\u00f6ffnet<\/p>\n<p>Der <a class=\"is-link c-block-items__link c-link--rich-text-renderer\" href=\"https:\/\/www.welt.de\/themen\/dimitrij-medwedjew\/\" data-internal-tracking-enabled=\"true\" data-internal-tracking=\"{&quot;action&quot;:&quot;click&quot;,&quot;label&quot;:&quot;link&quot;,&quot;name&quot;:&quot;Inline Element&quot;,&quot;data&quot;:{&quot;source&quot;:&quot;&quot;,&quot;target&quot;:&quot;https:\/\/www.welt.de\/themen\/dimitrij-medwedjew\/&quot;,&quot;trackingName&quot;:&quot;&quot;,&quot;trackingLabel&quot;:&quot;&quot;}}\" target=\"_blank\" rel=\"noopener\">ehemalige russische Ministerpr\u00e4sident Dmitrij Medwedjew<\/a> sieht die Entf\u00fchrung kritischer. \u201eMaduro hat wiederholt gesagt, dass das wahre Ziel der derzeitigen US-Regierung darin bestehe, sich das \u00d6l und andere Bodensch\u00e4tze unter den Nagel zu rei\u00dfen.\u201c Trump mache daraus kein Geheimnis. \u201eWir sagen den Genossen aus dem sonnigen Amiland ganz offen: Sp\u00e4testens jetzt k\u00f6nnen sie unserem Land wirklich gar nichts mehr ankreiden.\u201c<\/p>\n<p>Und der Publizist Egor Holmogorow schreibt: \u201eJetzt gibt es zwei M\u00f6glichkeiten: Entweder Russland r\u00e4umt Selenskyj schnell aus dem Weg, oder wir treten tats\u00e4chlich in eine Phase ein, in der (&#8230;) die Jagdsaison auf Putin er\u00f6ffnet ist.\u201c<\/p>\n<p><a class=\"is-link c-block-items__link is-external c-link--rich-text-renderer\" href=\"https:\/\/www.welt.de\/autor\/julius-fitzke\/\" target=\"_blank\" title=\"(Link wird in einem neuen Tab ge\u00f6ffnet)\" rel=\"nofollow noopener\" data-internal-tracking-enabled=\"true\" data-internal-tracking=\"{&quot;action&quot;:&quot;click&quot;,&quot;label&quot;:&quot;link&quot;,&quot;name&quot;:&quot;Inline Element&quot;,&quot;data&quot;:{&quot;source&quot;:&quot;&quot;,&quot;target&quot;:&quot;https:\/\/www.welt.de\/autor\/julius-fitzke\/&quot;,&quot;trackingName&quot;:&quot;&quot;,&quot;trackingLabel&quot;:&quot;&quot;}}\"><b>Julius Fitzke<\/b><\/a><b> ist seit Juli 2025 Volont\u00e4r bei WELT.<\/b><\/p>\n","protected":false},"excerpt":{"rendered":"Die Reaktionen auf die US-amerikanische Maduro-Festnahme sind in Russland heftig ausgefallen. Was die kremlnahe Berichterstattung eint, ist eine&hellip;\n","protected":false},"author":2,"featured_media":697656,"comment_status":"","ping_status":"","sticky":false,"template":"","format":"standard","meta":{"footnotes":""},"categories":[4013],"tags":[331,332,114,13,14,15,110,111,4043,4044,850,307,15725,115,12,113,716,112],"class_list":{"0":"post-697655","1":"post","2":"type-post","3":"status-publish","4":"format-standard","5":"has-post-thumbnail","7":"category-russland","8":"tag-aktuelle-nachrichten","9":"tag-aktuelle-news","10":"tag-donald-geb-1946","11":"tag-headlines","12":"tag-nachrichten","13":"tag-news","14":"tag-newsteam","15":"tag-putin","16":"tag-russia","17":"tag-russian-federation","18":"tag-russische-foederation","19":"tag-russland","20":"tag-russland-politik","21":"tag-russland-ukraine-krieg-24-2-2022","22":"tag-schlagzeilen","23":"tag-trump","24":"tag-usa-politik","25":"tag-wladimir"},"share_on_mastodon":{"url":"https:\/\/pubeurope.com\/@de\/115848449004839357","error":""},"_links":{"self":[{"href":"https:\/\/www.europesays.com\/de\/wp-json\/wp\/v2\/posts\/697655","targetHints":{"allow":["GET"]}}],"collection":[{"href":"https:\/\/www.europesays.com\/de\/wp-json\/wp\/v2\/posts"}],"about":[{"href":"https:\/\/www.europesays.com\/de\/wp-json\/wp\/v2\/types\/post"}],"author":[{"embeddable":true,"href":"https:\/\/www.europesays.com\/de\/wp-json\/wp\/v2\/users\/2"}],"replies":[{"embeddable":true,"href":"https:\/\/www.europesays.com\/de\/wp-json\/wp\/v2\/comments?post=697655"}],"version-history":[{"count":0,"href":"https:\/\/www.europesays.com\/de\/wp-json\/wp\/v2\/posts\/697655\/revisions"}],"wp:featuredmedia":[{"embeddable":true,"href":"https:\/\/www.europesays.com\/de\/wp-json\/wp\/v2\/media\/697656"}],"wp:attachment":[{"href":"https:\/\/www.europesays.com\/de\/wp-json\/wp\/v2\/media?parent=697655"}],"wp:term":[{"taxonomy":"category","embeddable":true,"href":"https:\/\/www.europesays.com\/de\/wp-json\/wp\/v2\/categories?post=697655"},{"taxonomy":"post_tag","embeddable":true,"href":"https:\/\/www.europesays.com\/de\/wp-json\/wp\/v2\/tags?post=697655"}],"curies":[{"name":"wp","href":"https:\/\/api.w.org\/{rel}","templated":true}]}}