{"id":699021,"date":"2026-01-07T02:10:13","date_gmt":"2026-01-07T02:10:13","guid":{"rendered":"https:\/\/www.europesays.com\/de\/699021\/"},"modified":"2026-01-07T02:10:13","modified_gmt":"2026-01-07T02:10:13","slug":"wetterdienst-warnt-vor-tueckischer-glaette","status":"publish","type":"post","link":"https:\/\/www.europesays.com\/de\/699021\/","title":{"rendered":"Wetterdienst warnt vor t\u00fcckischer Gl\u00e4tte"},"content":{"rendered":"<p>Fast 20 Zentimeter <\/p>\n<p>Schneesturm trifft Bremen mit voller Wucht \u2013 Wetterdienst warnt<\/p>\n<p>Aktualisiert am 07.01.2026 &#8211; 00:39 UhrLesedauer: 2 Min.<\/p>\n<p><a href=\"#focus-0\" class=\"transition-colors duration-200 block text-current relative\" data-sctrack=\"FocusGalleryImage.Reference\"><img fetchpriority=\"high\" data-testid=\"Opener.Image\" style=\"--lqipURL:url('https:\/\/images.t-online.de\/2024\/12\/KLT0Yz0FR1nw\/416x466:3455x1944\/fit-in\/150x0\/filters:blur(25)\/wetter-am-wochenende-eisige-polarluft-aus-dem-norden-sorgt-in-deutschland-fuer-einen-dramatischen-wetterumbruch.jpg')\"   loading=\"eager\" src=\"https:\/\/www.europesays.com\/de\/wp-content\/uploads\/2026\/01\/wetter-am-wochenende-eisige-polarluft-aus-dem-norden-sorgt-in-deutschland-fuer-einen-dramatischen-we.jpeg\" alt=\"Eine Frau k\u00e4mpft gegen einen Schneesturm: Eisige Polarluft aus dem Norden sorgt in Deutschland f\u00fcr einen dramatischen Wetterumbruch.\" title=\"Eine Frau k\u00e4mpft gegen einen Schneesturm: Eisige Polarluft aus dem Norden sorgt in Deutschland f\u00fcr einen dramatischen Wetterumbruch.\" width=\"3455\" height=\"1944\" class=\"bg-[url:var(--lqipURL)] bg-cover bg-center flex h-full w-full max-w-full\" decoding=\"async\"\/><img style=\"--width:32;--height:32\" loading=\"lazy\" src=\"https:\/\/bremen.t-online.de\/s\/paper\/_next\/static\/media\/zoom-in.f7dae02f.svg\" alt=\"Vergr\u00f6\u00dfern des Bildes\" title=\"Vergr\u00f6\u00dfern des Bildes\" class=\"block h-[calc(var(--height)_\/_16_*_1rem)] w-[calc(var(--width)_\/_16_*_1rem)] max-w-none absolute bottom-8 right-8 rounded-4 bg-snow p-8\" decoding=\"async\"\/><\/a><\/p>\n<p>Spaziergang bei Schneesturm (Symbolfoto): Vor allem in Richtung Wochenende soll sich die Wetterlage deutlich zuspitzen. (Quelle: Wolfgang Maria Weber)<\/p>\n<p class=\"font-bold text-18 leading-17\">Noch ist es ruhig am Himmel \u00fcber Bremen, doch die kommenden Tage k\u00f6nnten massiven Schneefall bringen. Der Deutsche Wetterdienst warnt.<\/p>\n<p class=\"text-18 leading-17\">Was kommt da in den kommenden Tagen auf Bremer zu? Die Prognosen des Deutschen Wetterdienstes (DWD) und Berechnungen von &#8222;kachelmannwetter.com&#8220; zeigen: Es k\u00f6nnte ein massiver Schneesturm auf die Hansestadt zusteuern \u2013 mit fast 20 Zentimetern Neuschnee und der gro\u00dfen Gefahr glatter Stra\u00dfen. Vor allem an einem Tag ist die Wahrscheinlichkeit besonders hoch.<\/p>\n<p class=\"text-18 leading-17\">Am Dienstag zeigt sich das Wetter noch best\u00e4ndig. Zwar seien rund um Bremen vereinzelte Flocken m\u00f6glich, besonders viel Schnee d\u00fcrfte jedoch bei Werten um den Gefrierpunkt nicht fallen, so die Vorhersagen des <a class=\"transition-colors duration-200 cursor-pointer text-inherit no-underline text-salemsfur md:hover:text-magenta md:hover:border-magenta md:focus:text-magenta border-current border-b border-solid break-words\" href=\"https:\/\/www.t-online.de\/themen\/deutscher-wetterdienst\/\" data-sctrack=\"BodyAnchor\" target=\"_blank\" rel=\"noopener\">DWD<\/a>. Die Nacht zu Mittwoch wird in Bremen und Umgebung ebenfalls vergleichsweise mild: Lediglich \u20133 Grad erwarten die Meteorologen. Weiter s\u00fcdlich sind jedoch auch Werte von \u20137 Grad m\u00f6glich.<\/p>\n<p class=\"text-18 leading-17\">Am Mittwoch selbst klettert das Thermometer nicht \u00fcber 2 Grad, meist sind Temperaturen um \u20132 Grad vorhergesagt. Schnee ist vorerst jedoch nicht in Sicht, was auch am Donnerstag so sein d\u00fcrfte, geht es nach den Vorhersagen.<\/p>\n<p class=\"text-18 leading-17\">Am Freitag \u00e4ndert sich die Wetterlage grundlegend. Dann ziehen laut den Prognosen nicht nur kr\u00e4ftige B\u00f6en mit Geschwindigkeiten von bis zu 80 Kilometern pro Stunde auf. Daneben soll auch eine massive Schneefront den Nordwesten erreichen. Im Gep\u00e4ck: bis zu 20 Zentimeter Neuschnee.<\/p>\n<p class=\"text-18 leading-17\">Bereits ab den Morgenstunden setzt laut &#8222;kachelmannwetter.com&#8220; kr\u00e4ftiger Schneefall ein, im Tagesverlauf \u2013 vor allem aber am Mittag und Nachmittag \u2013 muss mit bis zu 12 Zentimetern Schnee gerechnet werden. Da sich die Temperaturen um den Gefrierpunkt bewegen und auch Schneeregen m\u00f6glich ist, k\u00f6nnten viele Stra\u00dfen spiegelglatt sein. Laut &#8222;kachelmannwetter.com&#8220; k\u00f6nnten Schneeverwehungen Stra\u00dfen blockieren. Wer exponiert wohne, sollte sicherheitshalber Vorr\u00e4te anlegen, hei\u00dft es in einem Beitrag bei X.<\/p>\n<p class=\"text-18 leading-17\">Auch das Wochenende bringt laut den Meteorologen weiter Schnee. Zwar sind am Samstag und Sonntag dann nur noch bis zu 7 Zentimeter Neuschnee vorhergesagt, in Summe mit den dann wom\u00f6glich bereits gefallenen Mengen k\u00f6nnte das Chaos auf den Stra\u00dfen jedoch anhalten.<\/p>\n","protected":false},"excerpt":{"rendered":"Fast 20 Zentimeter Schneesturm trifft Bremen mit voller Wucht \u2013 Wetterdienst warnt Aktualisiert am 07.01.2026 &#8211; 00:39 UhrLesedauer:&hellip;\n","protected":false},"author":2,"featured_media":699022,"comment_status":"","ping_status":"","sticky":false,"template":"","format":"standard","meta":{"footnotes":""},"categories":[1824],"tags":[2420,3364,950,29,4906,30,140601,140435,161476,126383,1411,137711,97394,160362,140599,1973,2257,2255,25902],"class_list":{"0":"post-699021","1":"post","2":"type-post","3":"status-publish","4":"format-standard","5":"has-post-thumbnail","7":"category-bremen","8":"tag-bremen","9":"tag-de","10":"tag-deutscher-wetterdienst","11":"tag-deutschland","12":"tag-dwd","13":"tag-germany","14":"tag-glatteis","15":"tag-glatteisgefahr","16":"tag-glatteiswarnung","17":"tag-neuschnee","18":"tag-niedersachsen","19":"tag-schneefall","20":"tag-schneesturm","21":"tag-schneeverwehung","22":"tag-strassenglaette","23":"tag-wetter","24":"tag-wetterlage","25":"tag-wettervorhersage","26":"tag-wetterwarnung"},"share_on_mastodon":{"url":"https:\/\/pubeurope.com\/@de\/115851390286741197","error":""},"_links":{"self":[{"href":"https:\/\/www.europesays.com\/de\/wp-json\/wp\/v2\/posts\/699021","targetHints":{"allow":["GET"]}}],"collection":[{"href":"https:\/\/www.europesays.com\/de\/wp-json\/wp\/v2\/posts"}],"about":[{"href":"https:\/\/www.europesays.com\/de\/wp-json\/wp\/v2\/types\/post"}],"author":[{"embeddable":true,"href":"https:\/\/www.europesays.com\/de\/wp-json\/wp\/v2\/users\/2"}],"replies":[{"embeddable":true,"href":"https:\/\/www.europesays.com\/de\/wp-json\/wp\/v2\/comments?post=699021"}],"version-history":[{"count":0,"href":"https:\/\/www.europesays.com\/de\/wp-json\/wp\/v2\/posts\/699021\/revisions"}],"wp:featuredmedia":[{"embeddable":true,"href":"https:\/\/www.europesays.com\/de\/wp-json\/wp\/v2\/media\/699022"}],"wp:attachment":[{"href":"https:\/\/www.europesays.com\/de\/wp-json\/wp\/v2\/media?parent=699021"}],"wp:term":[{"taxonomy":"category","embeddable":true,"href":"https:\/\/www.europesays.com\/de\/wp-json\/wp\/v2\/categories?post=699021"},{"taxonomy":"post_tag","embeddable":true,"href":"https:\/\/www.europesays.com\/de\/wp-json\/wp\/v2\/tags?post=699021"}],"curies":[{"name":"wp","href":"https:\/\/api.w.org\/{rel}","templated":true}]}}