{"id":699421,"date":"2026-01-07T06:20:58","date_gmt":"2026-01-07T06:20:58","guid":{"rendered":"https:\/\/www.europesays.com\/de\/699421\/"},"modified":"2026-01-07T06:20:58","modified_gmt":"2026-01-07T06:20:58","slug":"28-jaehriger-bei-angriff-am-stellwerk-verletzt-zwei-tatverdaechtige-festgenommen","status":"publish","type":"post","link":"https:\/\/www.europesays.com\/de\/699421\/","title":{"rendered":"28-J\u00e4hriger bei Angriff am Stellwerk verletzt &#8211; Zwei Tatverd\u00e4chtige festgenommen"},"content":{"rendered":"<p>Am Samstagnachmittag, 03.01.2026, haben zwei T\u00e4ter auf dem Vorplatz des Kontakt- und Konsumraums \u201eStellwerk\u201c in Hannover einen 28-J\u00e4hrigen geschlagen, getreten und damit verletzt. Die Polizei nahm zwei Tatverd\u00e4chtige noch vor Ort fest. Inzwischen hat ein Gericht auf Antrag der Staatsanwaltschaft Untersuchungshaft angeordnet.<\/p>\n<p>Nach bisherigen Erkenntnissen des Polizeikommissariats (PK) Hannover-Mitte gerieten gegen 16:10 Uhr in der <a href=\"https:\/\/www.hannover-entdecken.de\/fernroder-strasse-hannover\/\" data-internallinksmanager029f6b8e52c=\"2245\" title=\"Fernroder Stra\u00dfe\" target=\"_blank\" rel=\"noopener\">Fernroder Stra\u00dfe<\/a> drei Personen in einen Streit. Im Verlauf der Auseinandersetzung schlugen und traten T\u00e4ter gemeinschaftlich und mehrfach auf einen 28-J\u00e4hrigen ein \u2013 auch nachdem er bereits zu Boden gegangen war. Der Angegriffene erlitt leichte Verletzungen.<\/p>\n<p>Alarmierte Einsatzkr\u00e4fte der Polizei nahmen vor Ort zwei Tatverd\u00e4chtige vorl\u00e4ufig fest und brachten sie in Gewahrsam. Bei den Tatverd\u00e4chtigen handelt es sich um einen 38-j\u00e4hrigen Mann und einen 15-J\u00e4hrigen. Auf Antrag der Staatsanwaltschaft Hannover ordnete das zust\u00e4ndige Gericht Untersuchungshaft f\u00fcr beide an.<\/p>\n<p>Das PK Hannover-Mitte hat ein Ermittlungsverfahren wegen gef\u00e4hrlicher K\u00f6rperverletzung eingeleitet. Die Ermittlungen zum genauen Tatablauf dauern an.<\/p>\n<p class=\"isc_image_list_title\">Bildquellen:<\/p>\n<ul class=\"isc_image_list\">\n<li>Polizei Nachrichten: www.hannover-entdecken.de<\/li>\n<\/ul>\n<p>Kategorie: <a href=\"https:\/\/www.hannover-entdecken.de\/category\/aktuelles\/blaulicht\/\" rel=\"category tag noopener\" target=\"_blank\">Blaulicht<\/a>, <a href=\"https:\/\/www.hannover-entdecken.de\/category\/stadtbezirke\/stadtbezirk-mitte\/\" rel=\"category tag noopener\" target=\"_blank\">Mitte<\/a>                <\/p>\n<p><a href=\"https:\/\/www.hannover-entdecken.de\/author\/pressemitteilung-polizei\/\" title=\"Alle Artikel von Pressemitteilung Polizei Hannover\" target=\"_blank\" rel=\"noopener\">Pressemitteilung Polizei Hannover<\/a>                                <\/p>\n","protected":false},"excerpt":{"rendered":"Am Samstagnachmittag, 03.01.2026, haben zwei T\u00e4ter auf dem Vorplatz des Kontakt- und Konsumraums \u201eStellwerk\u201c in Hannover einen 28-J\u00e4hrigen&hellip;\n","protected":false},"author":2,"featured_media":442852,"comment_status":"","ping_status":"","sticky":false,"template":"","format":"standard","meta":{"footnotes":""},"categories":[1836],"tags":[3364,29,30,46,1411],"class_list":{"0":"post-699421","1":"post","2":"type-post","3":"status-publish","4":"format-standard","5":"has-post-thumbnail","7":"category-hannover","8":"tag-de","9":"tag-deutschland","10":"tag-germany","11":"tag-hannover","12":"tag-niedersachsen"},"share_on_mastodon":{"url":"https:\/\/pubeurope.com\/@de\/115852376986210106","error":""},"_links":{"self":[{"href":"https:\/\/www.europesays.com\/de\/wp-json\/wp\/v2\/posts\/699421","targetHints":{"allow":["GET"]}}],"collection":[{"href":"https:\/\/www.europesays.com\/de\/wp-json\/wp\/v2\/posts"}],"about":[{"href":"https:\/\/www.europesays.com\/de\/wp-json\/wp\/v2\/types\/post"}],"author":[{"embeddable":true,"href":"https:\/\/www.europesays.com\/de\/wp-json\/wp\/v2\/users\/2"}],"replies":[{"embeddable":true,"href":"https:\/\/www.europesays.com\/de\/wp-json\/wp\/v2\/comments?post=699421"}],"version-history":[{"count":0,"href":"https:\/\/www.europesays.com\/de\/wp-json\/wp\/v2\/posts\/699421\/revisions"}],"wp:featuredmedia":[{"embeddable":true,"href":"https:\/\/www.europesays.com\/de\/wp-json\/wp\/v2\/media\/442852"}],"wp:attachment":[{"href":"https:\/\/www.europesays.com\/de\/wp-json\/wp\/v2\/media?parent=699421"}],"wp:term":[{"taxonomy":"category","embeddable":true,"href":"https:\/\/www.europesays.com\/de\/wp-json\/wp\/v2\/categories?post=699421"},{"taxonomy":"post_tag","embeddable":true,"href":"https:\/\/www.europesays.com\/de\/wp-json\/wp\/v2\/tags?post=699421"}],"curies":[{"name":"wp","href":"https:\/\/api.w.org\/{rel}","templated":true}]}}