{"id":699504,"date":"2026-01-07T07:06:16","date_gmt":"2026-01-07T07:06:16","guid":{"rendered":"https:\/\/www.europesays.com\/de\/699504\/"},"modified":"2026-01-07T07:06:16","modified_gmt":"2026-01-07T07:06:16","slug":"willi-wichtig-in-aachen-morsche-knochen-alberner-gang","status":"publish","type":"post","link":"https:\/\/www.europesays.com\/de\/699504\/","title":{"rendered":"Willi Wichtig in Aachen: Morsche Knochen, alberner Gang"},"content":{"rendered":"<p class=\"Paragraph_paragraph__exhQA Paragraph_paragraph--default-lg-default__8QZrI articleParagraph paragraph_dropcap__P25Rr\">Kennen Sie das Ministry Of Silly Walks, das Ministerium des albernen Gangs? Wenn nicht: unbedingt mal googeln. Der gleichnamige Sketch der bis heute unerreichten Komikertruppe Monty Python ist allerfeinster Nonsens und ein veritabler Klassiker. Das haben sich wohl auch ein paar eingefleischte Fans im tschechischen Brno gedacht und 2012 den \u201eInternational Silly Walks Day\u201c ins Leben gerufen, der seitdem und warum auch immer am 7. Januar (Achtung: Wortspiel!) begangen wird.<\/p>\n<p class=\"Paragraph_paragraph__exhQA Paragraph_paragraph--default-lg-default__8QZrI articleParagraph\">Willi feiert selbstverst\u00e4ndlich mit. Denn er ist nicht nur Schriftf\u00fchrer des \u00f6rtlichen Monty Python-Fanclubs, sondern auch selbst praktizierender Alberng\u00e4nger. Und zwar regelm\u00e4\u00dfig morgens, direkt nach dem Aufstehen. Dass das wenig mit Nonsens und viel mit morschen Knochen zu tun hat, sei hier nur am Rande erw\u00e4hnt, wa.<\/p>\n","protected":false},"excerpt":{"rendered":"Kennen Sie das Ministry Of Silly Walks, das Ministerium des albernen Gangs? Wenn nicht: unbedingt mal googeln. Der&hellip;\n","protected":false},"author":2,"featured_media":666803,"comment_status":"","ping_status":"","sticky":false,"template":"","format":"standard","meta":{"footnotes":""},"categories":[1853],"tags":[1424,3364,29,548,663,3934,30,13,14,15,1209,12],"class_list":{"0":"post-699504","1":"post","2":"type-post","3":"status-publish","4":"format-standard","5":"has-post-thumbnail","7":"category-aachen","8":"tag-aachen","9":"tag-de","10":"tag-deutschland","11":"tag-eu","12":"tag-europa","13":"tag-europe","14":"tag-germany","15":"tag-headlines","16":"tag-nachrichten","17":"tag-news","18":"tag-nordrhein-westfalen","19":"tag-schlagzeilen"},"share_on_mastodon":{"url":"https:\/\/pubeurope.com\/@de\/115852554017837404","error":""},"_links":{"self":[{"href":"https:\/\/www.europesays.com\/de\/wp-json\/wp\/v2\/posts\/699504","targetHints":{"allow":["GET"]}}],"collection":[{"href":"https:\/\/www.europesays.com\/de\/wp-json\/wp\/v2\/posts"}],"about":[{"href":"https:\/\/www.europesays.com\/de\/wp-json\/wp\/v2\/types\/post"}],"author":[{"embeddable":true,"href":"https:\/\/www.europesays.com\/de\/wp-json\/wp\/v2\/users\/2"}],"replies":[{"embeddable":true,"href":"https:\/\/www.europesays.com\/de\/wp-json\/wp\/v2\/comments?post=699504"}],"version-history":[{"count":0,"href":"https:\/\/www.europesays.com\/de\/wp-json\/wp\/v2\/posts\/699504\/revisions"}],"wp:featuredmedia":[{"embeddable":true,"href":"https:\/\/www.europesays.com\/de\/wp-json\/wp\/v2\/media\/666803"}],"wp:attachment":[{"href":"https:\/\/www.europesays.com\/de\/wp-json\/wp\/v2\/media?parent=699504"}],"wp:term":[{"taxonomy":"category","embeddable":true,"href":"https:\/\/www.europesays.com\/de\/wp-json\/wp\/v2\/categories?post=699504"},{"taxonomy":"post_tag","embeddable":true,"href":"https:\/\/www.europesays.com\/de\/wp-json\/wp\/v2\/tags?post=699504"}],"curies":[{"name":"wp","href":"https:\/\/api.w.org\/{rel}","templated":true}]}}