{"id":699619,"date":"2026-01-07T08:19:19","date_gmt":"2026-01-07T08:19:19","guid":{"rendered":"https:\/\/www.europesays.com\/de\/699619\/"},"modified":"2026-01-07T08:19:19","modified_gmt":"2026-01-07T08:19:19","slug":"indische-architektur-spiritualitaet-auf-dem-vitra-campus","status":"publish","type":"post","link":"https:\/\/www.europesays.com\/de\/699619\/","title":{"rendered":"Indische Architektur: Spiritualit\u00e4t auf dem Vitra-Campus"},"content":{"rendered":"<p class=\"mb-2 font-sans text-base font-thin leading-[26px] md:mb-[16px] md:text-xl md:leading-[32px]\">Auf dem Vitra-Campus erweitert indische Spiritualit\u00e4t in gebauter Form eines begehbaren Schreins die Vielfalt internationaler Architektur.<\/p>\n<p>Gabriele Detterer07.01.2026, 05.30 Uhr<img decoding=\"async\" src=\"https:\/\/www.europesays.com\/de\/wp-content\/uploads\/2026\/01\/f518aa16-d502-4c01-83c3-14cb5c309f1b.jpg\" class=\"absolute left-0 top-0 block h-full w-full  \"  width=\"9017\" height=\"5989\" alt=\"Einer der in den Boden versenkten Zugangspfade zum Doshi Retreat auf dem Vitra-Campus.\" style=\"cursor:pointer;transform:scale(1)\" loading=\"eager\" fetchpriority=\"high\" \/>Einer der in den Boden versenkten Zugangspfade zum Doshi Retreat auf dem Vitra-Campus.<\/p>\n<p>Julien Lanoo \/ Vitra<\/p>\n<p class=\"articlecomponent text-paper-950 dark:text-paper-50 darknzz:text-paper-50 dark:lightnzz:text-paper-950 font-serif text-lg font-normal leading-[1.56] md:text-xl md:leading-[1.6]\" id=\"id-doc-1je9e42it0\" componenttype=\"p\" data-team-paragraph=\"true\">Doshi Retreat nennt sich das Bauwerk von Balkrishna Doshi. Bei dem Entwurf dieses frei zug\u00e4nglichen Orts innerer Einkehr handelt es sich um das letzte Projekt des 2023 verstorbenen indischen Architekten. Ihm hatte er sich zuletzt zusammen mit seiner Enkelin, der Architektin Khushnu Panthaki Hoof, und dem deutschen Architekten S\u00f6nke Hoof gewidmet. Das Refugium auf dem Vitra-Campus in Weil am Rhein ist gleichzeitig das erste Projekt des Pritzkerpreistr\u00e4gers, das ausserhalb von Indien realisiert wurde.<\/p>\n<p>Optimieren Sie Ihre Browsereinstellungen<\/p>\n<p>NZZ.ch ben\u00f6tigt JavaScript f\u00fcr wichtige Funktionen. Ihr Browser oder Adblocker verhindert dies momentan.<\/p>\n<p>Bitte passen Sie die Einstellungen an.<\/p>\n<p class=\"nzzinteraction articlecomponent text-paper-950 dark:text-paper-50 darknzz:text-paper-50 dark:lightnzz:text-paper-950 font-serif text-lg font-normal leading-[1.56] md:text-xl md:leading-[1.6]\" id=\"id-doc-1je9e42it1\" componenttype=\"p\" data-team-paragraph=\"true\">Das Ein-Raum-Geh\u00e4use ist eine charakteristische Ausformung von Doshis Baudenken. Er liess sich daf\u00fcr von indischen Tempelst\u00e4dten wie Fatehpur Sikri inspirieren, aber auch von Le Corbusier, Louis Kahn und der Architekturmoderne, die er selber an die Bed\u00fcrfnisse der indischen Gesellschaft anpasste. Offene R\u00e4ume zu gestalten, die Zugeh\u00f6rigkeit vermitteln, war eines der Ziele dieses bedeutenden indischen Architekten. Auch Doppeldeutigkeit und Gegens\u00e4tze flossen in seine Formensprache ein, da Widerspr\u00fcche, so Doshi, einen festen Bestandteil des Lebens bilden.<\/p>\n<p class=\"nzzinteraction articlecomponent text-paper-950 dark:text-paper-50 darknzz:text-paper-50 dark:lightnzz:text-paper-950 font-serif text-lg font-normal leading-[1.56] md:text-xl md:leading-[1.6]\" id=\"id-doc-1je9e42it2\" componenttype=\"p\" data-team-paragraph=\"true\">Schon auf dem Weg hin zum Ort der Kontemplation wird sichtbar, dass das Ziel, den Geist zu erhellen, nicht mit dem Motto \u00abVorw\u00e4rts und geradeaus!\u00bb erreichbar ist. Denn Doshi entwarf zwei gewundene, sich kreuzende Zugangspfade, die bis zu zwei Meter tief in die Rasenfl\u00e4che versenkt wurden und von Stahlplatten abgest\u00fctzt werden.<\/p>\n<p><img decoding=\"async\" src=\"https:\/\/www.europesays.com\/de\/wp-content\/uploads\/2026\/01\/fa277f20-452d-47dc-82fa-b4943ef69d36.jpg\" class=\"absolute left-0 top-0 block h-full w-full  \"  width=\"8284\" height=\"5502\" alt=\"Wie zwei ineinander verschlungene Schlangen: Doshis Wegf\u00fchrung zum Retreat.\" style=\"cursor:pointer;transform:scale(1)\" loading=\"lazy\" \/>Wie zwei ineinander verschlungene Schlangen: Doshis Wegf\u00fchrung zum Retreat.<\/p>\n<p>Julien Lanoo \/ Vitra<\/p>\n<p>Wegf\u00fchrung als Sinnbild<\/p>\n<p class=\"nzzinteraction articlecomponent text-paper-950 dark:text-paper-50 darknzz:text-paper-50 dark:lightnzz:text-paper-950 font-serif text-lg font-normal leading-[1.56] md:text-xl md:leading-[1.6]\" id=\"id-doc-1je9e42it4\" componenttype=\"p\" data-team-paragraph=\"true\">Ein seltenes Gef\u00fchl von Geerdet-Sein stellt sich beim Gang durch die tiefergelegten Pfade ein. Diese Empfindung steht im Gegensatz zur Lebensweise in der \u00abfl\u00fcchtigen Moderne\u00bb, die, so der polnisch-britische Philosoph Zygmunt Bauman, Bindungen aufl\u00f6st und das Verwurzeltsein untergr\u00e4bt.<\/p>\n<p class=\"nzzinteraction articlecomponent text-paper-950 dark:text-paper-50 darknzz:text-paper-50 dark:lightnzz:text-paper-950 font-serif text-lg font-normal leading-[1.56] md:text-xl md:leading-[1.6]\" id=\"id-doc-1je9e42it5\" componenttype=\"p\" data-team-paragraph=\"true\">Laut Doshi stellt die Wegf\u00fchrung zum Refugium das Sinnbild zweier ineinander verschlungener Schlangen dar, die im Hinduismus sch\u00f6pferische Lebensenergie und Transformation bedeuten. Der Doppelpfad bezieht sich auf die Kundalini-Urkraft einer uralten indischen Meditationspraxis.<\/p>\n<p class=\"nzzinteraction articlecomponent text-paper-950 dark:text-paper-50 darknzz:text-paper-50 dark:lightnzz:text-paper-950 font-serif text-lg font-normal leading-[1.56] md:text-xl md:leading-[1.6]\" id=\"id-doc-1jea2bj541\" componenttype=\"p\" data-team-paragraph=\"true\">Leise T\u00f6ne sind auf dem Pfad zu h\u00f6ren. Die Kl\u00e4nge verraten, dass der Architekt auch als Psychologe wirkte. Er durchdachte die Raumgestaltung stets sensomotorisch und setzte hierf\u00fcr sinnliche Wahrnehmung von Licht, Farbe, Klang und Materialien als Gestaltungselementen ein.<\/p>\n<p><img decoding=\"async\" src=\"https:\/\/www.europesays.com\/de\/wp-content\/uploads\/2026\/01\/daac3b20-6415-4a1f-a6e1-e6247427b043.jpg\" class=\"absolute left-0 top-0 block h-full w-full  \"  width=\"9172\" height=\"6091\" alt=\"Der indische Architekt Balkrishna Doshi setzte Licht, Farbe und Klang als Gestaltungselemente ein.\" style=\"cursor:pointer;transform:scale(1)\" loading=\"lazy\" \/>Der indische Architekt Balkrishna Doshi setzte Licht, Farbe und Klang als Gestaltungselemente ein.<\/p>\n<p>Julien Lanoo \/ Vitra<\/p>\n<p>Gong und Mandala<\/p>\n<p class=\"nzzinteraction articlecomponent text-paper-950 dark:text-paper-50 darknzz:text-paper-50 dark:lightnzz:text-paper-950 font-serif text-lg font-normal leading-[1.56] md:text-xl md:leading-[1.6]\" id=\"id-doc-1je9e42it7\" componenttype=\"p\" data-team-paragraph=\"true\">Der Innenraum selbst verbirgt sich hinter der schalenf\u00f6rmigen Aussenh\u00fclle aus Stahl, hergestellt mit geringen CO2-Emissionen, und aus rezykliertem Stahlschrott. Geformt wurden die st\u00e4hlernen Elemente f\u00fcr die skulpturale Konstruktion durch das Unternehmen Ostseestaal in Stralsund.<\/p>\n<p class=\"nzzinteraction articlecomponent text-paper-950 dark:text-paper-50 darknzz:text-paper-50 dark:lightnzz:text-paper-950 font-serif text-lg font-normal leading-[1.56] md:text-xl md:leading-[1.6]\" id=\"id-doc-1je9e42it8\" componenttype=\"p\" data-team-paragraph=\"true\">Ein erster Blick durch den r\u00f6hrenf\u00f6rmigen Eingang in das Refugium f\u00e4llt auf die schimmernde Messingscheibe eines Gongs. Kunsthandwerker aus Ahmedabad schufen das Klanginstrument. Ebenso aus geh\u00e4mmertem Messing besteht die Unterseite der kreisrunden Decke. Sie sch\u00fctzt den Innenraum nicht rundum, so dass ein Ausschnitt des Himmels sichtbar wird und nachts der Kosmos in den Raum hineinleuchtet. Ein Wasserbecken und die Messingdecke als Mandala inspirieren dazu, sich auf den Steinb\u00e4nken auszuruhen, durchzuatmen und loszulassen.<\/p>\n<p><img decoding=\"async\" src=\"https:\/\/www.europesays.com\/de\/wp-content\/uploads\/2026\/01\/7ef03e28-469d-48e0-bd9a-3d0f6ced22e4.jpg\" class=\"absolute left-0 top-0 block h-full w-full  \"  width=\"1440\" height=\"960\" alt=\"Ein Gong aus Messing und Steinb\u00e4nke sowie eine Decke aus Messing bestimmen das Innere von Doshis meditativer Architektur.\" style=\"cursor:pointer;transform:scale(1)\" loading=\"lazy\" \/>Ein Gong aus Messing und Steinb\u00e4nke sowie eine Decke aus Messing bestimmen das Innere von Doshis meditativer Architektur.<\/p>\n<p>Vitra<\/p>\n<p class=\"nzzinteraction articlecomponent text-paper-950 dark:text-paper-50 darknzz:text-paper-50 dark:lightnzz:text-paper-950 font-serif text-lg font-normal leading-[1.56] md:text-xl md:leading-[1.6]\" id=\"id-doc-1je9e42it9\" componenttype=\"p\" data-team-paragraph=\"true\">Wie aber hat die Idee von Architektur als erlebbarem Kraftspender und Stimmungsaufheller den Weg auf den Vitra-Campus in Weil am Rhein gefunden? Ein kleiner Schrein im hinduistischen Modhera-Sonnentempel bewog Rolf Fehlbaum, Chairman Emeritus von Vitra, bei Doshi anzufragen, ob er nicht f\u00fcr Vitra einen Ort der Ruhe entwerfen m\u00f6chte. Der Architekt sagte zu und schuf einen Gegenpol zum benachbarten Konferenzpavillon von Tadao Ando.<\/p>\n<p class=\"nzzinteraction articlecomponent text-paper-950 dark:text-paper-50 darknzz:text-paper-50 dark:lightnzz:text-paper-950 font-serif text-lg font-normal leading-[1.56] md:text-xl md:leading-[1.6]\" id=\"id-doc-1je9e42it10\" componenttype=\"p\" data-team-paragraph=\"true\">Beim Verlassen des Refugiums f\u00e4llt der Blick vom r\u00f6tlich gekiesten Pfad aus nach oben auf Grashalme. Ein Gong t\u00f6nt leise, mischt sich mit Ger\u00e4uschen des Vitra-Werkverkehrs. Gegens\u00e4tze bestimmen unser Leben, allerorten.<\/p>\n<p><img decoding=\"async\" src=\"https:\/\/www.europesays.com\/de\/wp-content\/uploads\/2026\/01\/1bc096e8-9bf7-4b87-8368-879d84033fd5.jpg\" class=\"absolute left-0 top-0 block h-full w-full  \"  width=\"9164\" height=\"6087\" alt=\"Die Elemente f\u00fcr die skulpturale Konstruktion wurden aus Stahl und Stahlschrott hergestellt.\" style=\"cursor:pointer;transform:scale(1)\" loading=\"lazy\" \/>Die Elemente f\u00fcr die skulpturale Konstruktion wurden aus Stahl und Stahlschrott hergestellt.<\/p>\n<p>Julien Lanoo \/ Vitra<\/p>\n","protected":false},"excerpt":{"rendered":"Auf dem Vitra-Campus erweitert indische Spiritualit\u00e4t in gebauter Form eines begehbaren Schreins die Vielfalt internationaler Architektur. Gabriele Detterer07.01.2026,&hellip;\n","protected":false},"author":2,"featured_media":699620,"comment_status":"","ping_status":"","sticky":false,"template":"","format":"standard","meta":{"footnotes":""},"categories":[1775],"tags":[1793,29,214,30,1794,215],"class_list":{"0":"post-699619","1":"post","2":"type-post","3":"status-publish","4":"format-standard","5":"has-post-thumbnail","7":"category-kunst-und-design","8":"tag-art-and-design","9":"tag-deutschland","10":"tag-entertainment","11":"tag-germany","12":"tag-kunst-und-design","13":"tag-unterhaltung"},"share_on_mastodon":{"url":"https:\/\/pubeurope.com\/@de\/115852841242927034","error":""},"_links":{"self":[{"href":"https:\/\/www.europesays.com\/de\/wp-json\/wp\/v2\/posts\/699619","targetHints":{"allow":["GET"]}}],"collection":[{"href":"https:\/\/www.europesays.com\/de\/wp-json\/wp\/v2\/posts"}],"about":[{"href":"https:\/\/www.europesays.com\/de\/wp-json\/wp\/v2\/types\/post"}],"author":[{"embeddable":true,"href":"https:\/\/www.europesays.com\/de\/wp-json\/wp\/v2\/users\/2"}],"replies":[{"embeddable":true,"href":"https:\/\/www.europesays.com\/de\/wp-json\/wp\/v2\/comments?post=699619"}],"version-history":[{"count":0,"href":"https:\/\/www.europesays.com\/de\/wp-json\/wp\/v2\/posts\/699619\/revisions"}],"wp:featuredmedia":[{"embeddable":true,"href":"https:\/\/www.europesays.com\/de\/wp-json\/wp\/v2\/media\/699620"}],"wp:attachment":[{"href":"https:\/\/www.europesays.com\/de\/wp-json\/wp\/v2\/media?parent=699619"}],"wp:term":[{"taxonomy":"category","embeddable":true,"href":"https:\/\/www.europesays.com\/de\/wp-json\/wp\/v2\/categories?post=699619"},{"taxonomy":"post_tag","embeddable":true,"href":"https:\/\/www.europesays.com\/de\/wp-json\/wp\/v2\/tags?post=699619"}],"curies":[{"name":"wp","href":"https:\/\/api.w.org\/{rel}","templated":true}]}}