{"id":699683,"date":"2026-01-07T08:56:09","date_gmt":"2026-01-07T08:56:09","guid":{"rendered":"https:\/\/www.europesays.com\/de\/699683\/"},"modified":"2026-01-07T08:56:09","modified_gmt":"2026-01-07T08:56:09","slug":"eqs-news-nordex-group-erhaelt-auftraege-ueber-414-mw-aus-frankreich-belgien-und-portugal","status":"publish","type":"post","link":"https:\/\/www.europesays.com\/de\/699683\/","title":{"rendered":"EQS-News: Nordex Group erh\u00e4lt Auftr\u00e4ge \u00fcber 414 MW aus Frankreich, Belgien und Portugal"},"content":{"rendered":"<p>EQS-News: Nordex SE<\/p>\n<p> \/ Schlagwort(e): Auftragseing\u00e4nge<\/p>\n<p>Nordex Group erh\u00e4lt Auftr\u00e4ge \u00fcber 414 MW aus Frankreich, Belgien und Portugal <\/p>\n<p>07.01.2026 \/ 07:30 CET\/CEST<br \/>F\u00fcr den Inhalt der Mitteilung ist der Emittent \/ Herausgeber verantwortlich.<\/p>\n<p><b>Hamburg, 7. Januar 2025. <\/b>Ende 2025 hat die Nordex Group weitere bedeutende Auftr\u00e4ge f\u00fcr 15 Windenergieprojekte aus Frankreich, Belgien und Portugal erhalten. Diese Projekte umfassen mit 78 Turbinen eine Gesamtkapazit\u00e4t von \u00fcber 414 MW. Jeder Vertrag beinhaltet eine mehrj\u00e4hrige Service- und Wartungsvereinbarung, um die langfristige Zuverl\u00e4ssigkeit und optimale Leistung der Turbinen sicherzustellen.<\/p>\n<p>Die Auslieferung der Turbinen ist f\u00fcr das Jahr 2027 vorgesehen. Dabei kommen Nordex-Modelle wie die N117\/3600, N131\/3600, N149\/5.X, N163\/5.X, N163\/6.X und N175\/6.X mit Nabenh\u00f6hen zwischen 76 und 134 Metern zum Einsatz, um maximale Ertr\u00e4ge zu gew\u00e4hrleisten.<\/p>\n<p>Mit diesen Auftr\u00e4gen st\u00e4rkt Nordex seine Position als ein f\u00fchrender Anbieter von Windkraftanlagen in den franz\u00f6sischsprachigen L\u00e4ndern Europas sowie in Portugal.<\/p>\n<p>Die Namen der Kunden und der Windparks werden nicht bekannt gegeben.<\/p>\n<p><b>Die Nordex Group im Profil<\/b><\/p>\n<p>Die Gruppe hat in ihrer Unternehmensgeschichte bislang insgesamt rund 57 GW Windenergieleistung in \u00fcber 40 M\u00e4rkten installiert und erzielte einen Konzernumsatz von rund 7,3 Mrd. EUR im Jahr 2024. Das Unternehmen besch\u00e4ftigt derzeit mehr als 10.400 Mitarbeiter. Zum Fertigungsverbund geh\u00f6ren Werke in Deutschland, Spanien, Brasilien, Indien, USA und Mexiko. Das Produktprogramm konzentriert sich auf Onshore-Turbinen vor allem der Klassen 4 bis 7 MW+, die auf die Marktanforderungen von L\u00e4ndern mit begrenzten Ausbaufl\u00e4chen und Regionen mit begrenzten Netzkapazit\u00e4ten ausgelegt sind.<\/p>\n<p>Ansprechpartner f\u00fcr R\u00fcckfragen der Presse:<br \/>Nordex SE<br \/>Felix Losada<br \/>Telefon: 040 \/ 300 30 \u2013 1141<br \/><a href=\"https:\/\/www.boerse.de\/cdn-cgi\/l\/email-protection\" class=\"__cf_email__\" data-cfemail=\"d3b5bfbca0b2b7b293bdbca1b7b6abfebcbdbfbabdb6fdb0bcbe\" target=\"_blank\" rel=\"noopener\">[email\u00a0protected]<\/a><\/p>\n<p>Ansprechpartnerin f\u00fcr R\u00fcckfragen von Investoren:<br \/>Nordex SE<br \/>Anja Siehler<br \/>Telefon: +49 162 3515 334<br \/><a href=\"https:\/\/www.boerse.de\/cdn-cgi\/l\/email-protection\" class=\"__cf_email__\" data-cfemail=\"accddfc5c9c4c0c9deecc2c3dec8c9d481c3c2c0c5c2c982cfc3c1\" target=\"_blank\" rel=\"noopener\">[email\u00a0protected]<\/a><\/p>\n<p>\u00a0<\/p>\n<p>\u00a0<\/p>\n<p>\n07.01.2026 CET\/CEST Ver\u00f6ffentlichung einer Corporate News\/Finanznachricht, \u00fcbermittelt durch EQS News &#8211; ein Service der EQS Group.<br \/>F\u00fcr den Inhalt der Mitteilung ist der Emittent \/ Herausgeber verantwortlich.<\/p>\n<p>Die EQS Distributionsservices umfassen gesetzliche Meldepflichten, Corporate News\/Finanznachrichten und Pressemitteilungen.<br \/>Originalinhalt anzeigen: <a href=\"https:\/\/eqs-cockpit.com\/cgi-bin\/fncls.ssp?fn=redirect&amp;url=f0d4097e8bf1ffaa25ec6e713165f2f7&amp;application_id=2255342&amp;site_id=boerse_de~~~6004312b-fb70-4f7c-bbaa-0e214e1c316e&amp;application_name=news\" target=\"_blank\" rel=\"noopener\">EQS News<\/a><\/p>\n","protected":false},"excerpt":{"rendered":"EQS-News: Nordex SE \/ Schlagwort(e): Auftragseing\u00e4nge Nordex Group erh\u00e4lt Auftr\u00e4ge \u00fcber 414 MW aus Frankreich, Belgien und Portugal&hellip;\n","protected":false},"author":2,"featured_media":629652,"comment_status":"","ping_status":"","sticky":false,"template":"","format":"standard","meta":{"footnotes":""},"categories":[3974],"tags":[331,332,161587,161586,548,663,3934,3980,156,13,14,15,12],"class_list":{"0":"post-699683","1":"post","2":"type-post","3":"status-publish","4":"format-standard","5":"has-post-thumbnail","7":"category-frankreich","8":"tag-aktuelle-nachrichten","9":"tag-aktuelle-news","10":"tag-belgien-und-portugal-boerse-de","11":"tag-eqs-news-nordex-group-erhaelt-auftraege-ueber-414-mw-aus-frankreich","12":"tag-eu","13":"tag-europa","14":"tag-europe","15":"tag-france","16":"tag-frankreich","17":"tag-headlines","18":"tag-nachrichten","19":"tag-news","20":"tag-schlagzeilen"},"share_on_mastodon":{"url":"https:\/\/pubeurope.com\/@de\/115852986445170778","error":""},"_links":{"self":[{"href":"https:\/\/www.europesays.com\/de\/wp-json\/wp\/v2\/posts\/699683","targetHints":{"allow":["GET"]}}],"collection":[{"href":"https:\/\/www.europesays.com\/de\/wp-json\/wp\/v2\/posts"}],"about":[{"href":"https:\/\/www.europesays.com\/de\/wp-json\/wp\/v2\/types\/post"}],"author":[{"embeddable":true,"href":"https:\/\/www.europesays.com\/de\/wp-json\/wp\/v2\/users\/2"}],"replies":[{"embeddable":true,"href":"https:\/\/www.europesays.com\/de\/wp-json\/wp\/v2\/comments?post=699683"}],"version-history":[{"count":0,"href":"https:\/\/www.europesays.com\/de\/wp-json\/wp\/v2\/posts\/699683\/revisions"}],"wp:featuredmedia":[{"embeddable":true,"href":"https:\/\/www.europesays.com\/de\/wp-json\/wp\/v2\/media\/629652"}],"wp:attachment":[{"href":"https:\/\/www.europesays.com\/de\/wp-json\/wp\/v2\/media?parent=699683"}],"wp:term":[{"taxonomy":"category","embeddable":true,"href":"https:\/\/www.europesays.com\/de\/wp-json\/wp\/v2\/categories?post=699683"},{"taxonomy":"post_tag","embeddable":true,"href":"https:\/\/www.europesays.com\/de\/wp-json\/wp\/v2\/tags?post=699683"}],"curies":[{"name":"wp","href":"https:\/\/api.w.org\/{rel}","templated":true}]}}