{"id":699821,"date":"2026-01-07T10:12:11","date_gmt":"2026-01-07T10:12:11","guid":{"rendered":"https:\/\/www.europesays.com\/de\/699821\/"},"modified":"2026-01-07T10:12:11","modified_gmt":"2026-01-07T10:12:11","slug":"russlands-rueckkehr-in-den-weltsport-fechten-unter-der-kriegsflagge","status":"publish","type":"post","link":"https:\/\/www.europesays.com\/de\/699821\/","title":{"rendered":"Russlands R\u00fcckkehr in den Weltsport: Fechten unter der Kriegsflagge"},"content":{"rendered":"<p class=\"bodytext paragraph first  typo-bodytext is-block column pv-0 is-8-tablet mgh-auto-tablet mobile-order-1\" pos=\"1\">R ussland und Belarus kehren auf die olympische B\u00fchne zur\u00fcck \u2013 mit Fahne, Hymne und allem nationalen Klimbim, der eben dazu geh\u00f6rt zu internationalen Sportwettk\u00e4mpfen. Nein, bei den anstehenden Olympischen Winterspielen in Mailand und Cortina d&#8217;Ampezzo ist es noch nicht so weit. Da d\u00fcrfen nur ein paar handverlesene Athletinnen und Athleten aus den beiden kriegf\u00fchrenden L\u00e4ndern als sogenannte Neutrale an den Start gehen.<\/p>\n<p class=\"bodytext paragraph  typo-bodytext is-block column pv-0 is-8-tablet mgh-auto-tablet mobile-order-2\" pos=\"2\">Bei den Olympischen Jugendspielen im Sommer im senegalesischen Dakar sollen die Fahnen der Russischen F\u00f6deration und von Belarus indes gehisst werden. Es w\u00e4re das erste Mal seit dem \u00dcberfall Russlands auf die Ukraine im Februar 2022, dass die beiden L\u00e4nder ihre Nationalsymbole wieder in der olympischen Arena zeigen d\u00fcrfen.<\/p>\n<p>      Neue Regeln bis zum Sommer<\/p>\n<p class=\"bodytext paragraph  typo-bodytext is-block column pv-0 is-8-tablet mgh-auto-tablet mobile-order-4\" pos=\"4\">Auf Vorgabe der Exekutive des Internationalen Olympischen Komitees wurde auf dem sogenannten Olympic Summit Anfang Dezember die Empfehlung beschlossen, k\u00fcnftig Jugendsportlerinnen und -sportler aus Russland und Belarus wieder zu internationalen Wettbewerben zuzulassen. Den Empfehlungen dieses Einladungsgremiums, dem neben IOC-Pr\u00e4sidentin Kristy Coventry und ihren Stellvertretern ausgew\u00e4hlte Chefs nationaler Olympiakomitees und internationaler Sportverb\u00e4nde wie Oberleichtathlet Sebastian Coe und Fifa-Boss Gianni Infantino angeh\u00f6ren, wird in der Sportwelt f\u00fcr gew\u00f6hnlich Folge geleistet.<\/p>\n<p class=\"bodytext paragraph  typo-bodytext is-block column pv-0 is-8-tablet mgh-auto-tablet mobile-order-5\" pos=\"5\">Die Erwartung, dass die Sportfachverb\u00e4nde die neuen Regeln bis zu den Jugendspielen im Sommer umgesetzt haben, <a href=\"https:\/\/www.olympics.com\/ioc\/news\/olympic-summit-reaffirms-athletes-fundamental-rights-to-access-sport-without-political-interference\" target=\"_blank\" class=\"link in-text-link\" rel=\"noopener\">geht aus der Mitteilung des IOC unmissverst\u00e4ndlich hervor<\/a>. Was den Erwachsenensport betrifft, bleibt es erst mal bei den Vorgaben des IOC, die dazu raten, nur russische und belarussische Athletinnen und Athleten, die nach einer Pr\u00fcfung nicht als Propagandasprachrohre oder Milit\u00e4rangeh\u00f6rige zu identifizieren sind, unter neutraler Flagge starten zu lassen.<\/p>\n<p>\n\ue80f\n<\/p>\n<p>            Belarus soll wieder internationale Wettk\u00e4mpfe ausrichten d\u00fcrfen<\/p>\n<p class=\"bodytext paragraph  typo-bodytext is-block column pv-0 is-8-tablet mgh-auto-tablet mobile-order-7\" pos=\"6\">Und f\u00fcr Belarus gab es noch ein besonderes Schmankerl vom IOC. W\u00e4hrend in Russland weiterhin keine internationalen Sportereignisse ausgetragen werden sollen, darf Belarus k\u00fcnftig die Sportwelt wieder zu sich einladen. W\u00e4hrend die Zulassung der Nachwuchssportlerinnen und -sportler vom IOC damit begr\u00fcndet wurde, dass diese \u201enicht f\u00fcr Handlungen ihrer Regierungen verantwortlich gemacht werden sollen\u201c, gibt es f\u00fcr den speziellen Belarus-Bonus keine spezielle Erkl\u00e4rung.<\/p>\n<p class=\"bodytext paragraph  typo-bodytext is-block column pv-0 is-8-tablet mgh-auto-tablet mobile-order-8\" pos=\"7\">Vielleicht hebt das Land ja seine Hand, wenn es um die Neuvergabe der Fecht-EM geht, die eigentlich im kommenden Sommer in Estland stattfinden soll. Dem Land des Olympiasiegerinnenteams von 2021 im Degenfechten k\u00f6nnte das Gastgeberrecht wieder entzogen werden, weil sich Estlands Regierung weigert, Fechterinnen und Fechtern aus Belarus Visa auszustellen.<\/p>\n<p class=\"bodytext paragraph  typo-bodytext is-block column pv-0 is-8-tablet mgh-auto-tablet mobile-order-10\" pos=\"8\">\u201eDie Regierungsposition ist klar: An Athleten aus den Aggressorstaaten werden keine Visa ausgegeben\u201c, <a href=\"https:\/\/news.err.ee\/1609898332\/estonia-likely-to-forfeit-hosting-top-fencing-event-over-opposition-to-russian-competitors\" target=\"_blank\" class=\"link in-text-link\" rel=\"noopener\">hei\u00dft es aus dem Au\u00dfenministerium<\/a>. Allen Qualifizierten die Anreise zu erm\u00f6glichen, ist aber eine der Voraussetzungen bei der Vergabe von Turnieren der European Fencing Confederation.<\/p>\n<p class=\"bodytext paragraph  typo-bodytext is-block column pv-0 is-8-tablet mgh-auto-tablet mobile-order-11\" pos=\"9\">Deren internationaler Mutterverband, die FIE, hat derweil die neuen IOC-Empfehlungen schon umgesetzt und jugendliche Fechterinnen und Fechter aus Russland und Belarus wieder zu Wettbewerben zugelassen. Alle nationalen Symbole sollen dabei erlaubt sein. In der Ukraine ist man \u00fcber diesen Schritt entsetzt.<\/p>\n<p class=\"bodytext paragraph last  typo-bodytext is-block column pv-0 is-8-tablet mgh-auto-tablet mobile-order-13\" pos=\"10\"><a href=\"https:\/\/taz.de\/Ukrainische-Athletinnen-bei-Olympia\/!6023792\/\" class=\"link in-text-link\" target=\"_blank\" rel=\"noopener\">S\u00e4belfechterin und zweifache Olympiasiegerin Olha Charlan<\/a>, die wegen ihrer zwei Olympiasiege und ihrer kompromisslosen Haltung gegen\u00fcber Russland als nationale Ikone gilt, <a href=\"https:\/\/www.instagram.com\/p\/DSz6ZiWjR1c\/?img_index=1\" target=\"_blank\" class=\"link in-text-link\" rel=\"noopener\">schrieb Ende Dezember auf Instagram<\/a>: \u201eAls Sportlerin aus der Ukraine kann ich das nicht akzeptieren. Ich vertrete ein Land, das 1.399 Tage Vollinvasion hinter sich hat und fast 12 Jahre Krieg, T\u00f6ten, Besatzung, Entf\u00fchrungen und Terror. All das geschieht unter ebenjener Flagge und Hymne.\u201c<\/p>\n<p><script async src=\"\/\/www.instagram.com\/embed.js\"><\/script><\/p>\n","protected":false},"excerpt":{"rendered":"R ussland und Belarus kehren auf die olympische B\u00fchne zur\u00fcck \u2013 mit Fahne, Hymne und allem nationalen Klimbim,&hellip;\n","protected":false},"author":2,"featured_media":699822,"comment_status":"","ping_status":"","sticky":false,"template":"","format":"standard","meta":{"footnotes":""},"categories":[4013],"tags":[331,332,13,14,15,4043,4044,850,307,12],"class_list":{"0":"post-699821","1":"post","2":"type-post","3":"status-publish","4":"format-standard","5":"has-post-thumbnail","7":"category-russland","8":"tag-aktuelle-nachrichten","9":"tag-aktuelle-news","10":"tag-headlines","11":"tag-nachrichten","12":"tag-news","13":"tag-russia","14":"tag-russian-federation","15":"tag-russische-foederation","16":"tag-russland","17":"tag-schlagzeilen"},"share_on_mastodon":{"url":"https:\/\/pubeurope.com\/@de\/115853285654411024","error":""},"_links":{"self":[{"href":"https:\/\/www.europesays.com\/de\/wp-json\/wp\/v2\/posts\/699821","targetHints":{"allow":["GET"]}}],"collection":[{"href":"https:\/\/www.europesays.com\/de\/wp-json\/wp\/v2\/posts"}],"about":[{"href":"https:\/\/www.europesays.com\/de\/wp-json\/wp\/v2\/types\/post"}],"author":[{"embeddable":true,"href":"https:\/\/www.europesays.com\/de\/wp-json\/wp\/v2\/users\/2"}],"replies":[{"embeddable":true,"href":"https:\/\/www.europesays.com\/de\/wp-json\/wp\/v2\/comments?post=699821"}],"version-history":[{"count":0,"href":"https:\/\/www.europesays.com\/de\/wp-json\/wp\/v2\/posts\/699821\/revisions"}],"wp:featuredmedia":[{"embeddable":true,"href":"https:\/\/www.europesays.com\/de\/wp-json\/wp\/v2\/media\/699822"}],"wp:attachment":[{"href":"https:\/\/www.europesays.com\/de\/wp-json\/wp\/v2\/media?parent=699821"}],"wp:term":[{"taxonomy":"category","embeddable":true,"href":"https:\/\/www.europesays.com\/de\/wp-json\/wp\/v2\/categories?post=699821"},{"taxonomy":"post_tag","embeddable":true,"href":"https:\/\/www.europesays.com\/de\/wp-json\/wp\/v2\/tags?post=699821"}],"curies":[{"name":"wp","href":"https:\/\/api.w.org\/{rel}","templated":true}]}}