{"id":699870,"date":"2026-01-07T10:43:12","date_gmt":"2026-01-07T10:43:12","guid":{"rendered":"https:\/\/www.europesays.com\/de\/699870\/"},"modified":"2026-01-07T10:43:12","modified_gmt":"2026-01-07T10:43:12","slug":"maskierte-maenner-bedrohen-kioskbesitzer-zeugen-gesucht","status":"publish","type":"post","link":"https:\/\/www.europesays.com\/de\/699870\/","title":{"rendered":"Maskierte M\u00e4nner bedrohen Kioskbesitzer \u2013 Zeugen gesucht"},"content":{"rendered":"<p>Raubversuch in Oberbilk <\/p>\n<p>Maskierte M\u00e4nner bedrohen Kioskbesitzer \u2013 der wehrt sich<\/p>\n<p>07.01.2026 &#8211; 10:12 UhrLesedauer: 1 Min.<\/p>\n<p><a href=\"#focus-0\" class=\"transition-colors duration-200 block text-current relative\" data-sctrack=\"FocusGalleryImage.Reference\"><img fetchpriority=\"high\" data-testid=\"Opener.Image\" style=\"--lqipURL:url('https:\/\/images.t-online.de\/2026\/01\/t3Wh7RYzWn61\/0x209:4000x2250\/fit-in\/150x0\/filters:blur(25)\/image.jpg')\"   loading=\"eager\" src=\"https:\/\/www.europesays.com\/de\/wp-content\/uploads\/2026\/01\/1767782592_78_image.jpg\" alt=\"imago images 0831575515\" title=\"imago images 0831575515\" width=\"4000\" height=\"2250\" class=\"bg-[url:var(--lqipURL)] bg-cover bg-center flex h-full w-full max-w-full\" decoding=\"async\"\/><img style=\"--width:32;--height:32\" loading=\"lazy\" src=\"https:\/\/duesseldorf.t-online.de\/s\/paper\/_next\/static\/media\/zoom-in.f7dae02f.svg\" alt=\"Vergr\u00f6\u00dfern des Bildes\" title=\"Vergr\u00f6\u00dfern des Bildes\" class=\"block h-[calc(var(--height)_\/_16_*_1rem)] w-[calc(var(--width)_\/_16_*_1rem)] max-w-none absolute bottom-8 right-8 rounded-4 bg-snow p-8\" decoding=\"async\"\/><\/a><\/p>\n<p>Ein maskierter Mann droht mit einem Messer (Symbolbild): In D\u00fcsseldorf gab es am Montagabend einen versuchten Raub auf einen Kiosk. (Quelle: IMAGO\/Michael Bihlmayer)<\/p>\n<p class=\"font-bold text-18 leading-17\">In einem Kiosk kommt es zu einem versuchten Raub\u00fcberfall. Die T\u00e4ter fliehen ohne Beute, der Besitzer wird leicht verletzt.<\/p>\n<p class=\"text-18 leading-17\">In einem Kiosk in D\u00fcsseldorf-Oberbilk kam es am Montagabend zu einem versuchten Raub. Wie die Polizei mitteilte, sollen zwei maskierte T\u00e4ter gegen 22.45 Uhr den Kiosk an der Volksgartenstra\u00dfe betreten haben.<\/p>\n<p class=\"text-18 leading-17\">Nach bisherigen Erkenntnissen der Polizei h\u00e4tten die Unbekannten den Betreiber mit einem Messer bedroht und versucht, in den Kassenbereich zu gelangen. Den Ermittlungen zufolge habe sich der Ladenbesitzer zur Wehr gesetzt und die T\u00e4ter vertrieben. Dabei zog er sich leichte Schnittverletzungen zu, die ambulant behandelt wurden.<\/p>\n<p class=\"text-18 leading-17\">Ersten Ermittlungen zufolge seien die R\u00e4uber zu Fu\u00df ohne Beute in Richtung Auf&#8220;m Hennekamp geflohen. Eine Fahndung der Polizei verlief ohne Erfolg.<\/p>\n<p class=\"text-18 leading-17\">Laut Polizeibeschreibung wird einer der Tatverd\u00e4chtigen als 20 bis 25 Jahre alt, schlank und etwa 1,75 Meter gro\u00df beschrieben. Er soll schwarz gekleidet gewesen sein und eine Maskierung getragen haben, sodass nur die Augen zu sehen waren. Zum zweiten T\u00e4ter liegt keine Beschreibung vor.<\/p>\n<p class=\"text-18 leading-17\">Das Raubkommissariat KK 13 hat die Ermittlungen aufgenommen und bittet um Zeugenhinweise unter der Telefonnummer 0211 8700.<\/p>\n","protected":false},"excerpt":{"rendered":"Raubversuch in Oberbilk Maskierte M\u00e4nner bedrohen Kioskbesitzer \u2013 der wehrt sich 07.01.2026 &#8211; 10:12 UhrLesedauer: 1 Min. Ein&hellip;\n","protected":false},"author":2,"featured_media":699871,"comment_status":"","ping_status":"","sticky":false,"template":"","format":"standard","meta":{"footnotes":"","_share_on_mastodon":"0"},"categories":[1831],"tags":[722,17161,3364,29,3405,30,4141,3467,1981,1209,176,37707,121,5309,29872],"class_list":["post-699870","post","type-post","status-publish","format-standard","has-post-thumbnail","category-duesseldorf","tag-722","tag-17161","tag-de","tag-deutschland","tag-duesseldorf","tag-germany","tag-kiosk","tag-landeshauptstadt","tag-messer","tag-nordrhein-westfalen","tag-nrw","tag-oberbilk","tag-polizei","tag-raubueberfall","tag-raubversuch"],"share_on_mastodon":{"url":"https:\/\/pubeurope.com\/@de\/115853407436268537","error":""},"_links":{"self":[{"href":"https:\/\/www.europesays.com\/de\/wp-json\/wp\/v2\/posts\/699870","targetHints":{"allow":["GET"]}}],"collection":[{"href":"https:\/\/www.europesays.com\/de\/wp-json\/wp\/v2\/posts"}],"about":[{"href":"https:\/\/www.europesays.com\/de\/wp-json\/wp\/v2\/types\/post"}],"author":[{"embeddable":true,"href":"https:\/\/www.europesays.com\/de\/wp-json\/wp\/v2\/users\/2"}],"replies":[{"embeddable":true,"href":"https:\/\/www.europesays.com\/de\/wp-json\/wp\/v2\/comments?post=699870"}],"version-history":[{"count":0,"href":"https:\/\/www.europesays.com\/de\/wp-json\/wp\/v2\/posts\/699870\/revisions"}],"wp:featuredmedia":[{"embeddable":true,"href":"https:\/\/www.europesays.com\/de\/wp-json\/wp\/v2\/media\/699871"}],"wp:attachment":[{"href":"https:\/\/www.europesays.com\/de\/wp-json\/wp\/v2\/media?parent=699870"}],"wp:term":[{"taxonomy":"category","embeddable":true,"href":"https:\/\/www.europesays.com\/de\/wp-json\/wp\/v2\/categories?post=699870"},{"taxonomy":"post_tag","embeddable":true,"href":"https:\/\/www.europesays.com\/de\/wp-json\/wp\/v2\/tags?post=699870"}],"curies":[{"name":"wp","href":"https:\/\/api.w.org\/{rel}","templated":true}]}}