{"id":699884,"date":"2026-01-07T10:50:11","date_gmt":"2026-01-07T10:50:11","guid":{"rendered":"https:\/\/www.europesays.com\/de\/699884\/"},"modified":"2026-01-07T10:50:11","modified_gmt":"2026-01-07T10:50:11","slug":"harry-und-sally-im-muenchner-filmmuseum-muenchen","status":"publish","type":"post","link":"https:\/\/www.europesays.com\/de\/699884\/","title":{"rendered":"&#8222;Harry und Sally&#8220; im M\u00fcnchner Filmmuseum &#8211; M\u00fcnchen"},"content":{"rendered":"<p data-manual=\"paragraph\" data-schema-org-speakable=\"true\" class=\"css-1eosz7k\">Mit Liebeserkl\u00e4rungen ist das so eine Sache: Was die Liebeserkl\u00e4renden mit pochendem Herzen hervorbringen, kommt bei ihren Adressaten nicht immer so an. Mal werden die Botschaften als kitschig empfunden, mal als banal oder auswendig gelernt. Ganz so einfach ist es eben nicht, die richtigen Worte zu finden.<\/p>\n<p data-manual=\"paragraph\" data-schema-org-speakable=\"true\" class=\"css-1eosz7k\">Das wei\u00df auch der Titelheld der romantischen Kom\u00f6die \u201eHarry und Sally\u201c, am Ende versucht er (Billy Crystal) es aber trotzdem mit einem Liebes-Outing: \u201eIch liebe dich daf\u00fcr, dass dir kalt ist, wenn drau\u00dfen 25 Grad sind. Ich liebe dich daf\u00fcr, dass du anderthalb Stunden brauchst, um ein Sandwich zu bestellen. Ich liebe dich daf\u00fcr, dass du eine Falte \u00fcber der Nase kriegst, wenn du mich so ansiehst.\u201c<\/p>\n<p><a href=\"https:\/\/www.sueddeutsche.de\/muenchen\/christian-friedel-woods-of-birnam-hollywood-zone-of-interest-the-white-lotus-tour-li.3355539\" aria-label=\"Artikelverlinkung:\" data-track-szde=\"{&quot;event&quot;:&quot;teaser_clicked&quot;,&quot;teaser_clicked&quot;:{&quot;article_title&quot;:&quot;ich_habe_jetzt_ganz_viele_filme_abgesagt_wo_ich_wieder_einen_nazi_spielen_sollte&quot;,&quot;doctype&quot;:&quot;&quot;,&quot;label&quot;:&quot;szplus&quot;,&quot;main_topic&quot;:&quot;kultur_in_muenchen&quot;,&quot;object_id&quot;:&quot;li.3355539&quot;,&quot;pcat&quot;:&quot;paid&quot;,&quot;section&quot;:&quot;muenchen&quot;,&quot;teaser_type&quot;:&quot;article_teaser_top&quot;}}\" data-manual=\"teaser-url\" data-tb-link=\"\" aria-labelledby=\"teaser-httpswwwsueddeutschedemuenchenchristian-friedel-woods-of-birnam-hollywood-zone-of-interest-the-white-lotus-tour-li3355539\" class=\"css-14tg8sh\" target=\"_blank\" rel=\"noopener\"><img decoding=\"async\" src=\"https:\/\/www.europesays.com\/de\/wp-content\/uploads\/2026\/01\/63b1694f-fb32-4dc2-870e-e440c5c09b4e.jpg\"   alt=\"\" loading=\"lazy\" class=\"css-8atqhb\"\/><\/p>\n<p>\u201eThe Zone of Interest\u201c-Star Christian Friedel  auf Konzert-Tour<\/p>\n<p>:\u201eIch habe jetzt ganz viele Filme abgesagt, wo ich wieder einen Nazi spielen sollte\u201c<\/p>\n<p class=\"css-a6ecqs\" data-manual=\"teaser-text\" data-tb-description=\"\" data-schema-org-speakable=\"true\">Er ist Deutschlands feinster Mann in Hollywood: Christian Friedel spielte in \u201eDas Wei\u00dfe Band\u201c wie im Oscar-Film \u201eThe Zone of Interest\u201c. In der Erfolgsserie \u201eThe White Lotus\u201c durfte der Falckenberg-Sch\u00fcler auch seine gro\u00dfe Leidenschaft einbringen: die Musik.<\/p>\n<p>SZ PlusInterview von Michael Zirnstein<\/p>\n<p data-manual=\"paragraph\" data-schema-org-speakable=\"true\" class=\"css-1eosz7k\">Das geht noch eine ganze Weile so weiter. Am Ende ist sie (Meg Ryan) so ergriffen von seinen Worten, dass sie ihn k\u00fcsst. Drei Monate sp\u00e4ter sind die beiden verheiratet. Dabei war dieses Happy End urspr\u00fcnglich gar nicht vorgesehen: Als der Regisseur <a href=\"https:\/\/www.sueddeutsche.de\/thema\/Rob_Reiner\" target=\"_blank\" rel=\"noopener\">Rob Reiner<\/a> w\u00e4hrend der Dreharbeiten die Fotografin Michele Singer kennen lernte, sich in sie verliebte und kurz darauf heiratete, \u00e4nderte er kurzerhand das Ende des Films. Zumindest erz\u00e4hlte er das so vor einigen Jahren in einem Interview. Rob und Michele Reiner waren 36 Jahre verheiratet und bekamen drei Kinder, Mitte Dezember <a href=\"https:\/\/www.sueddeutsche.de\/kultur\/rob-reiner-nachruf-hollywood-regisseur-li.3354590\" target=\"_blank\" rel=\"noopener\">wurden sie brutal aus dem Leben gerissen<\/a>.<\/p>\n<p data-manual=\"paragraph\" data-schema-org-speakable=\"true\" class=\"css-1eosz7k\">Das Filmmuseum <a href=\"https:\/\/www.sueddeutsche.de\/muenchen\" target=\"_blank\" rel=\"noopener\">M\u00fcnchen<\/a> erinnert an sie im Rahmen einer Open Scene. Auf dem Programm steht der l\u00e4ngst zum Klassiker gewordene <a href=\"https:\/\/www.sueddeutsche.de\/thema\/Film\" target=\"_blank\" rel=\"noopener\">Film<\/a>, bei dem die beiden zusammengekommen waren.<\/p>\n<p data-manual=\"paragraph\" data-schema-org-speakable=\"true\" class=\"css-1eosz7k\"><strong>When Harry Met Sally\u2026, USA 1989, Regie: Rob Reiner, Drehbuch: Nora Ephron, Donnerstag, 8. Januar, 19 Uhr, Originalversion mit deutschen Untertiteln, <\/strong><strong><a href=\"https:\/\/www.muenchner-stadtmuseum.de\/film\" target=\"_blank\" rel=\"noopener\">Filmmuseum M\u00fcnchen<\/a><\/strong><strong>, St.-Jakobs-Platz 1<\/strong><\/p>\n","protected":false},"excerpt":{"rendered":"Mit Liebeserkl\u00e4rungen ist das so eine Sache: Was die Liebeserkl\u00e4renden mit pochendem Herzen hervorbringen, kommt bei ihren Adressaten&hellip;\n","protected":false},"author":2,"featured_media":699885,"comment_status":"","ping_status":"","sticky":false,"template":"","format":"standard","meta":{"footnotes":""},"categories":[1827],"tags":[2396,772,29,56334,30,14830,2392,114119,1268,151975,149],"class_list":{"0":"post-699884","1":"post","2":"type-post","3":"status-publish","4":"format-standard","5":"has-post-thumbnail","7":"category-muenchen","8":"tag-ausstellung-muenchen","9":"tag-bayern","10":"tag-deutschland","11":"tag-filmmuseum-muenchen","12":"tag-germany","13":"tag-kino-in-muenchen","14":"tag-kultur-in-muenchen","15":"tag-liebe-und-beziehung","16":"tag-muenchen","17":"tag-rob-reiner","18":"tag-sueddeutsche-zeitung"},"share_on_mastodon":{"url":"https:\/\/pubeurope.com\/@de\/115853434923052752","error":""},"_links":{"self":[{"href":"https:\/\/www.europesays.com\/de\/wp-json\/wp\/v2\/posts\/699884","targetHints":{"allow":["GET"]}}],"collection":[{"href":"https:\/\/www.europesays.com\/de\/wp-json\/wp\/v2\/posts"}],"about":[{"href":"https:\/\/www.europesays.com\/de\/wp-json\/wp\/v2\/types\/post"}],"author":[{"embeddable":true,"href":"https:\/\/www.europesays.com\/de\/wp-json\/wp\/v2\/users\/2"}],"replies":[{"embeddable":true,"href":"https:\/\/www.europesays.com\/de\/wp-json\/wp\/v2\/comments?post=699884"}],"version-history":[{"count":0,"href":"https:\/\/www.europesays.com\/de\/wp-json\/wp\/v2\/posts\/699884\/revisions"}],"wp:featuredmedia":[{"embeddable":true,"href":"https:\/\/www.europesays.com\/de\/wp-json\/wp\/v2\/media\/699885"}],"wp:attachment":[{"href":"https:\/\/www.europesays.com\/de\/wp-json\/wp\/v2\/media?parent=699884"}],"wp:term":[{"taxonomy":"category","embeddable":true,"href":"https:\/\/www.europesays.com\/de\/wp-json\/wp\/v2\/categories?post=699884"},{"taxonomy":"post_tag","embeddable":true,"href":"https:\/\/www.europesays.com\/de\/wp-json\/wp\/v2\/tags?post=699884"}],"curies":[{"name":"wp","href":"https:\/\/api.w.org\/{rel}","templated":true}]}}