{"id":699903,"date":"2026-01-07T11:00:12","date_gmt":"2026-01-07T11:00:12","guid":{"rendered":"https:\/\/www.europesays.com\/de\/699903\/"},"modified":"2026-01-07T11:00:12","modified_gmt":"2026-01-07T11:00:12","slug":"nach-monaten-des-bangens-loredana-wollnys-zweites-baby-ist-da","status":"publish","type":"post","link":"https:\/\/www.europesays.com\/de\/699903\/","title":{"rendered":"&#8222;Nach Monaten des Bangens&#8220;: Loredana Wollnys zweites Baby ist da"},"content":{"rendered":"<p>&#8222;Nach Monaten des Bangens&#8220;Loredana Wollnys zweites Baby ist da<\/p>\n<p>07.01.2026, 09:52 Uhr <\/p>\n<p>Artikel anh\u00f6ren(02:47 min)<\/p>\n<p><img decoding=\"async\" class=\"Image_img__fQCi0 Image_Img_16_9__4BLfH widget-picture-inline_maximizable__t_E7h\" loading=\"eager\" fetchpriority=\"high\" src=\"https:\/\/www.europesays.com\/de\/wp-content\/uploads\/2026\/01\/79801301-944a-44c1-8997-87411bc8281e.original.webp.webp\" alt=\"79801301-944a-44c1-8997-87411bc8281e.original\"\/>Loredana Wollny und ihr Partner Servet \u00d6zbek leben in der T\u00fcrkei. (Foto: Instagram\/loredanawollny)TeilenFolgen auf:<a href=\"https:\/\/www.whatsapp.com\/channel\/0029Va5cdVJD8SDp5YZgYF01\" title=\"Auf WhatsApp folgen\" target=\"_blank\" rel=\"noopener\"><img decoding=\"async\" src=\"https:\/\/www.n-tv.de\/socialIcons\/whatsapp.svg\" alt=\"whatsapp\" class=\"ArticleShare_icon__FsrC2\"\/><\/a><a href=\"https:\/\/news.google.com\/publications\/CAAiEPMdif5mpRNxiLOeUpHCwwsqFAgKIhDzHYn-ZqUTcYiznlKRwsML?hl=de&amp;gl=DE&amp;ceid=DE%3Ade\" title=\"Auf Google News folgen\" target=\"_blank\" rel=\"noopener\"><img decoding=\"async\" src=\"https:\/\/www.n-tv.de\/socialIcons\/google.svg\" alt=\"whatsapp\" class=\"ArticleShare_icon__FsrC2\"\/><\/a><\/p>\n<p class=\"Typography_text-m__XI0da Typography_weight-bold__uT6mq storyline_lead_text_leadtext__q_wg8\">Silvia Wollny wird zum 19. mal Gro\u00dfmutter: Auf Instagram verk\u00fcndet Loredana Wollny die Geburt ihres zweites Kindes. Die Influencerin schw\u00e4rmt von ihrem Baby &#8211; erinnert aber auch an eine herausfordernde Schwangerschaft.<\/p>\n<p class=\"Typography_text-default__P3otY Typography_weight-normal__pqUbH storyline_paragraph_p__qSR5N\">Die Familie Wollny w\u00e4chst und w\u00e4chst: Loredana Wollny und ihr Partner Servet \u00d6zbek sind erneut Eltern geworden. Das teilten die frischgebackenen Eltern auf Instagram mit. &#8222;Wir haben es geschafft. Nach all den Monaten des Wartens, Hoffens, Bangens und Tr\u00e4umens bist du nun endlich da. Unser Baby. Unser Wunder&#8220;, schrieben sie zu einem Foto, das die H\u00e4nde der kleinen Familie zeigt &#8211; ihre, die ihres Sohnes Aurelio und die kleine Hand des neugeborenen Babys.<\/p>\n<p class=\"Typography_text-default__P3otY Typography_weight-normal__pqUbH storyline_paragraph_p__qSR5N\">Die Schwangerschaft war nicht einfach, aufgrund von gesundheitlichen Problemen musste die 21-J\u00e4hrige ihre Wahlheimat T\u00fcrkei verlassen und ihren Partner und Sohn zur\u00fccklassen. Erst Mitte November wurde die kleine Familie wieder vereint. Doch mit der Geburt des Babys ist nun offenbar alles Schwierige der vergangenen Monate in den Hintergrund ger\u00fcckt: &#8222;In dem Moment, in dem wir dich zum ersten Mal gesehen und gehalten haben, stand die Welt f\u00fcr einen Augenblick still. Alles, was vorher wichtig war, trat in den Hintergrund &#8211; geblieben ist nur unendliche Liebe, Dankbarkeit und Staunen.&#8220; <\/p>\n<p class=\"Typography_text-default__P3otY Typography_weight-normal__pqUbH storyline_paragraph_p__qSR5N\">&#8222;Du bist kleiner als wir es uns je vorstellen konnten und gleichzeitig gr\u00f6\u00dfer als alles, was wir je gekannt haben. Mit deinem ersten Atemzug hast du unsere Herzen f\u00fcr immer ver\u00e4ndert&#8220;, schw\u00e4rmt Loredana Wollny. Und weiter: &#8222;Wir haben es geschafft &#8211; und doch beginnt jetzt erst unsere gr\u00f6\u00dfte Reise. Wir versprechen dir, dich zu lieben, zu sch\u00fctzen, f\u00fcr dich da zu sein und dich auf deinem Weg durchs Leben zu begleiten. Willkommen auf dieser Welt, kleines Wunder. Du bist genau richtig. Du bist unendlich geliebt.&#8220; Ob es ein M\u00e4dchen oder ein Junge ist, und wie das Baby hei\u00dft, verriet Loredana Wollny bisher nicht.<\/p>\n<p class=\"Typography_text-default__P3otY Typography_weight-normal__pqUbH storyline_paragraph_p__qSR5N\">Auch Oma Silvia Wollny freut sich \u00fcber den Familienzuwachs. Auf Instagram teilte sie das Foto der H\u00e4nde und schrieb: &#8222;Willkommen auf der Welt kleines Wunder. Wir freuen uns sehr f\u00fcr euch.&#8220; F\u00fcr die Mutter von elf Kindern ist es mindestens das 19. Enkelkind.<\/p>\n<p class=\"Typography_text-s__wu_cm Typography_weight-normal__pqUbH Typography_color-darkgrey__sZEnP article-detail-footer_source__KslPc\">Quelle: ntv.de, spl\/spot<\/p>\n","protected":false},"excerpt":{"rendered":"&#8222;Nach Monaten des Bangens&#8220;Loredana Wollnys zweites Baby ist da 07.01.2026, 09:52 Uhr Artikel anh\u00f6ren(02:47 min) Loredana Wollny und&hellip;\n","protected":false},"author":2,"featured_media":699904,"comment_status":"","ping_status":"","sticky":false,"template":"","format":"standard","meta":{"footnotes":""},"categories":[1776],"tags":[1290,1801,29,214,30,1802,215],"class_list":{"0":"post-699903","1":"post","2":"type-post","3":"status-publish","4":"format-standard","5":"has-post-thumbnail","7":"category-prominente","8":"tag-baby","9":"tag-celebrities","10":"tag-deutschland","11":"tag-entertainment","12":"tag-germany","13":"tag-prominente","14":"tag-unterhaltung"},"share_on_mastodon":{"url":"https:\/\/pubeurope.com\/@de\/115853474252034313","error":""},"_links":{"self":[{"href":"https:\/\/www.europesays.com\/de\/wp-json\/wp\/v2\/posts\/699903","targetHints":{"allow":["GET"]}}],"collection":[{"href":"https:\/\/www.europesays.com\/de\/wp-json\/wp\/v2\/posts"}],"about":[{"href":"https:\/\/www.europesays.com\/de\/wp-json\/wp\/v2\/types\/post"}],"author":[{"embeddable":true,"href":"https:\/\/www.europesays.com\/de\/wp-json\/wp\/v2\/users\/2"}],"replies":[{"embeddable":true,"href":"https:\/\/www.europesays.com\/de\/wp-json\/wp\/v2\/comments?post=699903"}],"version-history":[{"count":0,"href":"https:\/\/www.europesays.com\/de\/wp-json\/wp\/v2\/posts\/699903\/revisions"}],"wp:featuredmedia":[{"embeddable":true,"href":"https:\/\/www.europesays.com\/de\/wp-json\/wp\/v2\/media\/699904"}],"wp:attachment":[{"href":"https:\/\/www.europesays.com\/de\/wp-json\/wp\/v2\/media?parent=699903"}],"wp:term":[{"taxonomy":"category","embeddable":true,"href":"https:\/\/www.europesays.com\/de\/wp-json\/wp\/v2\/categories?post=699903"},{"taxonomy":"post_tag","embeddable":true,"href":"https:\/\/www.europesays.com\/de\/wp-json\/wp\/v2\/tags?post=699903"}],"curies":[{"name":"wp","href":"https:\/\/api.w.org\/{rel}","templated":true}]}}