{"id":699905,"date":"2026-01-07T11:01:32","date_gmt":"2026-01-07T11:01:32","guid":{"rendered":"https:\/\/www.europesays.com\/de\/699905\/"},"modified":"2026-01-07T11:01:32","modified_gmt":"2026-01-07T11:01:32","slug":"zwei-meter-schnee-viel-gespraechsstoff-penis-skulptur-ist-drebachs-winter-aufreger","status":"publish","type":"post","link":"https:\/\/www.europesays.com\/de\/699905\/","title":{"rendered":"Zwei Meter Schnee, viel Gespr\u00e4chsstoff: Penis-Skulptur ist Drebachs Winter-Aufreger"},"content":{"rendered":"<p class=\"bold\">\n\t\t\t\t\t\t\t\t\t\tAn prominenter Stelle steht seit wenigen Tagen eine \u00fcber zwei Meter hohe Schneeskulptur mit eindeutiger Form. Das verg\u00e4ngliche Kunstwerk sorgt f\u00fcr Schmunzeln, Spott und Debatten \u2013 und erinnert an fr\u00fchere Schneeaktionen im Erzgebirge.\t\t\t\t<\/p>\n<p>\t\t\t\t Wer auf der Stra\u00dfe aus Richtung Zschopau nach Scharfenstein unterwegs ist, bekommt am Abzweig nach Grie\u00dfbach einen Anblick, der kurz irritiert \u2013 und dann schmunzeln l\u00e4sst. Auf der kleinen Verkehrsinsel steht dort, schneewei\u00df und un\u00fcbersehbar, eine \u00fcber zwei Meter hohe Skulptur. Ihre Form ist eindeutig, ihr Material verg\u00e4nglich. Und&#8230;<\/p>\n<p>\t\t<img decoding=\"async\" class=\"fp-plus-logo\" src=\"https:\/\/www.freiepresse.de\/img\/fpplus.svg\" alt=\"Freie Presse plus Logo\"\/><\/p>\n<p>Registrieren und testen.<\/p>\n<p>Jetzt mit Ihrer Registrierung 1 Monat gratis testen und alle Beitr\u00e4ge lesen.<\/p>\n<p>Schon Abonnent? Melden Sie sich mit ihren Zugangsdaten an.<\/p>\n","protected":false},"excerpt":{"rendered":"An prominenter Stelle steht seit wenigen Tagen eine \u00fcber zwei Meter hohe Schneeskulptur mit eindeutiger Form. Das verg\u00e4ngliche&hellip;\n","protected":false},"author":2,"featured_media":699906,"comment_status":"","ping_status":"","sticky":false,"template":"","format":"standard","meta":{"footnotes":""},"categories":[1775],"tags":[1793,29,214,30,2839,1794,215],"class_list":{"0":"post-699905","1":"post","2":"type-post","3":"status-publish","4":"format-standard","5":"has-post-thumbnail","7":"category-kunst-und-design","8":"tag-art-and-design","9":"tag-deutschland","10":"tag-entertainment","11":"tag-germany","12":"tag-kommunalpolitik","13":"tag-kunst-und-design","14":"tag-unterhaltung"},"share_on_mastodon":{"url":"https:\/\/pubeurope.com\/@de\/115853478043017594","error":""},"_links":{"self":[{"href":"https:\/\/www.europesays.com\/de\/wp-json\/wp\/v2\/posts\/699905","targetHints":{"allow":["GET"]}}],"collection":[{"href":"https:\/\/www.europesays.com\/de\/wp-json\/wp\/v2\/posts"}],"about":[{"href":"https:\/\/www.europesays.com\/de\/wp-json\/wp\/v2\/types\/post"}],"author":[{"embeddable":true,"href":"https:\/\/www.europesays.com\/de\/wp-json\/wp\/v2\/users\/2"}],"replies":[{"embeddable":true,"href":"https:\/\/www.europesays.com\/de\/wp-json\/wp\/v2\/comments?post=699905"}],"version-history":[{"count":0,"href":"https:\/\/www.europesays.com\/de\/wp-json\/wp\/v2\/posts\/699905\/revisions"}],"wp:featuredmedia":[{"embeddable":true,"href":"https:\/\/www.europesays.com\/de\/wp-json\/wp\/v2\/media\/699906"}],"wp:attachment":[{"href":"https:\/\/www.europesays.com\/de\/wp-json\/wp\/v2\/media?parent=699905"}],"wp:term":[{"taxonomy":"category","embeddable":true,"href":"https:\/\/www.europesays.com\/de\/wp-json\/wp\/v2\/categories?post=699905"},{"taxonomy":"post_tag","embeddable":true,"href":"https:\/\/www.europesays.com\/de\/wp-json\/wp\/v2\/tags?post=699905"}],"curies":[{"name":"wp","href":"https:\/\/api.w.org\/{rel}","templated":true}]}}