{"id":699911,"date":"2026-01-07T11:05:12","date_gmt":"2026-01-07T11:05:12","guid":{"rendered":"https:\/\/www.europesays.com\/de\/699911\/"},"modified":"2026-01-07T11:05:12","modified_gmt":"2026-01-07T11:05:12","slug":"marvel-star-soll-sich-dem-dc-kinofilm-anschliessen","status":"publish","type":"post","link":"https:\/\/www.europesays.com\/de\/699911\/","title":{"rendered":"Marvel-Star soll sich dem DC-Kinofilm anschlie\u00dfen &#8211;"},"content":{"rendered":"<p class=\"intro-text\">Regisseur Matt Reeves f\u00fcllt die Reihen f\u00fcr sein d\u00fcsteres Gotham: Berichten zufolge soll sich ein Marvel-Veteran in Gespr\u00e4chen f\u00fcr eine Rolle in \u201eThe Batman: Part 2\u201c befinden.<br \/>&#13;\n<\/p>\n<p>Das Casting von Robert Pattinson f\u00fcr die Rolle des Dunklen Ritters in Matt Reeves\u2019 \u201eThe Batman\u201c l\u00f6ste seinerzeit einen regelrechten Shitstorm aus. Doch im Nachhinein gab der Erfolg dem Darsteller recht, der zum damaligen Zeitpunkt f\u00fcr einen Gro\u00dfteil des Mainstream-Publikums noch immer fest mit dem Image des Edward Cullen aus der \u201eTwilight\u201c-Saga verkn\u00fcpft war.<\/p>\n<p>\u00dcber 770 Millionen US-Dollar sp\u00fclte der Film weltweit in die Kassen, w\u00e4hrend Pattinson mit seiner Darstellung eines d\u00fcsteren, geerdeten Bruce Wayne sowohl Kritiker als auch Fans \u00fcberzeugen konnte. Entsprechend gro\u00df ist mittlerweile die Vorfreude auf die Fortsetzung. Doch die stellt die Geduld der Community derzeit auf eine harte Probe.<\/p>\n<p>Urspr\u00fcnglich f\u00fcr das Jahr 2025 angesetzt, wurde <strong><a href=\"https:\/\/www.play3.de\/tag\/the-batman-2\/\" target=\"_blank\" rel=\"noopener\">\u201eThe Batman: Part 2\u201c<\/a><\/strong> aufgrund diverser <strong><a href=\"https:\/\/www.play3.de\/2024\/12\/28\/the-batman-2-kinostart-auf-2027-verschoben-drehbuch-noch-nicht-fertig\/\" target=\"_blank\" rel=\"noopener\">Verschiebungen<\/a><\/strong> mittlerweile auf September 2027 datiert. Doch immerhin nimmt das Projekt hinter den Kulissen nun sp\u00fcrbar an Fahrt auf: Neuesten Berichten zufolge soll sich ein prominenter Marvel-Star dem Cast anschlie\u00dfen.<\/p>\n<p>Winter-Soldier-Darsteller Sebastian Stan f\u00fcr tragende Rolle gehandelt<\/p>\n<p>Wie <strong><a href=\"https:\/\/variety.com\/2026\/film\/news\/batman-2-cast-robert-pattinson-sebastian-stan-1236607867\/\" target=\"_blank\" rel=\"noopener\">Variety<\/a><\/strong> (via <a href=\"https:\/\/www.ign.com\/articles\/sebastian-stan-reportedly-cast-in-the-batman-part-ii-in-an-unspecified-role\" target=\"_blank\" rel=\"noopener\"><strong>IGN<\/strong><\/a>) exklusiv in Erfahrung bringen konnte, steht Schauspieler Sebastian Stan kurz vor einem Deal f\u00fcr \u201eThe Batman: Part 2\u201c. Bekannt ist Stan vor allem f\u00fcr seine Rolle als Bucky Barnes bzw. Winter Soldier, mit der er das <strong><a href=\"https:\/\/www.play3.de\/tag\/mcu\/\" target=\"_blank\" rel=\"noopener\">MCU<\/a><\/strong> in neun Kinofilmen und zwei Serien \u00fcber ein Jahrzehnt lang entscheidend mitpr\u00e4gte.<\/p>\n<p>Zuletzt sicherte sich Stan zudem eine Oscar-Nominierung f\u00fcr seine Darstellung des jungen Donald Trump in \u201eThe Apprentice\u201c. Welche Rolle er genau in Reeves\u2019 Superhelden-Sequel \u00fcbernehmen wird, ist offiziell zwar noch nicht best\u00e4tigt, doch den Berichten zufolge handelt es sich um eine \u201egeheimnisvolle, aber tragende Rolle\u201c.<\/p>\n<p>Die Community spekuliert dementsprechend bereits kr\u00e4ftig \u00fcber Stans m\u00f6gliches DC-Deb\u00fct. Dabei sehen viele Fans den Schauspieler als absolute Idealbesetzung f\u00fcr Harvey Dent, jenen charismatischen Staatsanwalt, der im Verlauf der Geschichte zum tragischen B\u00f6sewicht Two-Face wird.<\/p>\n<p>Avengers-Reunion in Gotham?<\/p>\n<p>Dar\u00fcber hinaus k\u00f6nnte es im Falle von Stans Verpflichtung wom\u00f6glich auch zu einer Avengers-Reunion in \u201eThe Batman: Part 2\u201c kommen: Erst Anfang Dezember tauchten Berichte auf, denen zufolge sich auch Scarlett Johansson \u2013 bekannt als Black Widow \u2013 dem Cast angeschlossen und eine zentrale Rolle \u00fcbernommen hat. Ger\u00fcchten zufolge k\u00f6nnte Johansson sogar in die Rolle von Gilda Dent schl\u00fcpfen, der Ehefrau von Harvey Dent.<\/p>\n<p>                    <a href=\"https:\/\/www.play3.de\/2025\/12\/04\/the-batman-part-2-ohne-catwoman-marvel-star-soll-mysterioese-rolle-im-dc-film-spielen\/\" title=\"The Batman Part 2: Ohne Catwoman? Marvel-Star soll mysteri\u00f6se Rolle im DC-Film spielen\" target=\"_blank\" rel=\"noopener\"><\/p>\n<p>                <img decoding=\"async\" src=\"data:image\/svg+xml,%3Csvg%20xmlns=\" http:=\"\" class=\"img-fluid media-image\" alt=\"The Batman Part 2: Ohne Catwoman? Marvel-Star soll mysteri\u00f6se Rolle im DC-Film spielen\" data-lazy-src=\"https:\/\/www.europesays.com\/de\/wp-content\/uploads\/2026\/01\/The-Batman-Part-2-Marvel-Star-Scarlett-Johansson-Black-Widow-Rolle-DC-Comics-Beitragsbild-300x169.jp.jpeg\"\/><\/p>\n<p>        <\/a><\/p>\n<p>Abseits dessen gibt es aber noch weitere spannende Updates aus dem Umfeld der Produktion: Laut Variety wird erwartet, dass der von Barry Keoghan gespielte Joker in \u201eThe Batman: Part 2\u201c eine wesentlich gr\u00f6\u00dfere Rolle spielen wird als sein kurzer Cameo am Ende des ersten Films.<\/p>\n<p>Bereits als R\u00fcckkehrer best\u00e4tigt wurden Jeffrey Wright (\u201eWestworld\u201c) als James Gordon, Andy Serkis (\u201eAndor\u201c) als Alfred und Colin Farrell (\u201eThe Gentlemen\u201c) als der Pinguin. Und auch der Drehstart soll nicht mehr lange auf sich warten lassen: Im Fr\u00fchjahr 2026 sollen die Kameras in Gro\u00dfbritannien endlich rollen.<\/p>\n<p>Wie schon beim ersten Film wird sich Matt Reeves aber nicht nur f\u00fcr die Inszenierung verantworten, sondern auch das Drehbuch schreiben \u2013 und zwar gemeinsam mit Mattson Tomlin (\u201eTerminator Zero\u201c).\u00a0<\/p>\n<p>Hierzulande ist der Kinostart von \u201eThe Batman: Part 2\u201c f\u00fcr den 30. September 2027 angesetzt.<\/p>\n<p><img decoding=\"async\" class=\"wp-worthy-pixel-img skip-lazy \" src=\"https:\/\/www.europesays.com\/de\/wp-content\/uploads\/2026\/01\/1d29aa778bc2423e881812368370c701.gif\" loading=\"eager\" data-no-lazy=\"1\" data-skip-lazy=\"1\" alt=\"\"\/>                                <\/p>\n<p>                    <a href=\"https:\/\/www.play3.de\" class=\"home\" target=\"_blank\" rel=\"noopener\">Startseite<\/a><br \/>\n                    <a href=\"https:\/\/www.play3.de\/forum\/\" class=\"forum\" target=\"_blank\" rel=\"noopener\">Im Forum diskutieren<\/a><\/p>\n<p> Bei Links zu Amazon, Media Markt, Saturn und einigen anderen H\u00e4ndlern handelt es sich in der Regel um Affiliate-Links. Bei einem Einkauf erhalten wir eine kleine Provision, mit der wir die kostenlos nutzbare Seite finanzieren k\u00f6nnen. Ihr habt dabei keine Nachteile.<\/p>\n","protected":false},"excerpt":{"rendered":"Regisseur Matt Reeves f\u00fcllt die Reihen f\u00fcr sein d\u00fcsteres Gotham: Berichten zufolge soll sich ein Marvel-Veteran in Gespr\u00e4chen&hellip;\n","protected":false},"author":2,"featured_media":699912,"comment_status":"","ping_status":"","sticky":false,"template":"","format":"standard","meta":{"footnotes":""},"categories":[1771],"tags":[1778,29,214,30,95,1777,215],"class_list":{"0":"post-699911","1":"post","2":"type-post","3":"status-publish","4":"format-standard","5":"has-post-thumbnail","7":"category-kino","8":"tag-cinema","9":"tag-deutschland","10":"tag-entertainment","11":"tag-germany","12":"tag-kino","13":"tag-movie","14":"tag-unterhaltung"},"share_on_mastodon":{"url":"https:\/\/pubeurope.com\/@de\/115853493837754126","error":""},"_links":{"self":[{"href":"https:\/\/www.europesays.com\/de\/wp-json\/wp\/v2\/posts\/699911","targetHints":{"allow":["GET"]}}],"collection":[{"href":"https:\/\/www.europesays.com\/de\/wp-json\/wp\/v2\/posts"}],"about":[{"href":"https:\/\/www.europesays.com\/de\/wp-json\/wp\/v2\/types\/post"}],"author":[{"embeddable":true,"href":"https:\/\/www.europesays.com\/de\/wp-json\/wp\/v2\/users\/2"}],"replies":[{"embeddable":true,"href":"https:\/\/www.europesays.com\/de\/wp-json\/wp\/v2\/comments?post=699911"}],"version-history":[{"count":0,"href":"https:\/\/www.europesays.com\/de\/wp-json\/wp\/v2\/posts\/699911\/revisions"}],"wp:featuredmedia":[{"embeddable":true,"href":"https:\/\/www.europesays.com\/de\/wp-json\/wp\/v2\/media\/699912"}],"wp:attachment":[{"href":"https:\/\/www.europesays.com\/de\/wp-json\/wp\/v2\/media?parent=699911"}],"wp:term":[{"taxonomy":"category","embeddable":true,"href":"https:\/\/www.europesays.com\/de\/wp-json\/wp\/v2\/categories?post=699911"},{"taxonomy":"post_tag","embeddable":true,"href":"https:\/\/www.europesays.com\/de\/wp-json\/wp\/v2\/tags?post=699911"}],"curies":[{"name":"wp","href":"https:\/\/api.w.org\/{rel}","templated":true}]}}