{"id":699923,"date":"2026-01-07T11:11:09","date_gmt":"2026-01-07T11:11:09","guid":{"rendered":"https:\/\/www.europesays.com\/de\/699923\/"},"modified":"2026-01-07T11:11:09","modified_gmt":"2026-01-07T11:11:09","slug":"wohnflaeche-wohnungen-in-deutschland-werden-im-schnitt-erstmals-nicht-groesser","status":"publish","type":"post","link":"https:\/\/www.europesays.com\/de\/699923\/","title":{"rendered":"Wohnfl\u00e4che: Wohnungen in Deutschland werden im Schnitt erstmals nicht gr\u00f6\u00dfer"},"content":{"rendered":"<p class=\"paragraph article__item\">Nach Jahrzehnten<br \/>\nkontinuierlich wachsender <a href=\"https:\/\/www.zeit.de\/wirtschaft\/2024-05\/wohnungsgroesse-flaeche-vergleich-durchschnitt-miete-eigentum\" class=\"\" target=\"_blank\" rel=\"noopener\">Wohnfl\u00e4chen<\/a> deutet sich einer Studie<br \/>\nzufolge eine Trendwende an. Erstmals seit Beginn der Erhebungen<br \/>\nstagniere die durchschnittliche Wohnungsgr\u00f6\u00dfe in Deutschland und<br \/>\nd\u00fcrfte in den kommenden Jahren sogar schrumpfen, hei\u00dft es in einer der \u200dNachrichtenagentur Reuters vorliegenden<br \/>\nUntersuchung des <a class=\"rtr-entity\" href=\"https:\/\/www.zeit.de\/thema\/diw\" target=\"_blank\" rel=\"noopener\">Deutschen Instituts f\u00fcr Wirtschaftsforschung<\/a><br \/>\n(DIW). \u200b\n<\/p>\n<p class=\"paragraph article__item\">Allein seit 1965 habe sich die durchschnittliche<br \/>\nWohnungsgr\u00f6\u00dfe \u200cvon 69 auf 94 Quadratmeter erh\u00f6ht und damit um<br \/>\nmehr als ein Drittel. Parallel dazu habe sich \u2060die Wohnfl\u00e4che pro<br \/>\nPerson von knapp 20 auf \u200bgut 49 Quadratmeter mehr als verdoppelt.<\/p>\n<p class=\"paragraph article__item\">Doch seit etwa 2005 werden Neubauwohnungen wieder kleiner,<br \/>\nfanden die Berliner Forscherinnen und Forscher heraus. Das mache sich nach und<br \/>\nnach auch \u2060im Bestand bemerkbar. Bis 2050 d\u00fcrfte die<br \/>\ndurchschnittliche Wohnung etwa sechs Quadratmeter kleiner sein<br \/>\nals heute und bei etwa 88,5 Quadratmetern liegen.\n<\/p>\n<p>        Kleinere Haushalte und hohe Immobilienpreise        <\/p>\n<p class=\"paragraph article__item\">&#8222;\u00dcber Jahrzehnte haben steigende Einkommen und der Wunsch nach mehr Komfort dazu gef\u00fchrt, dass unsere Wohnungen immer gr\u00f6\u00dfer wurden&#8220;, sagte DIW-Immobilienexperte und Studienautor Konstantin Kholodilin. &#8222;Doch die Wachstumsphase scheint vorbei. Der R\u00fcckgang der Neubaugr\u00f6\u00dfen signalisiert einen strukturellen Wandel auf dem gesamten Wohnungsmarkt.&#8220;\n<\/p>\n<p class=\"paragraph article__item\">Ursache daf\u00fcr sind demnach kleinere Haushalte und gestiegene Immobilienpreise. Die Entwicklung in Deutschland \u00e4hnele der in vielen anderen Industriel\u00e4ndern. In Belgien, \u200dJapan oder Norwegen seien Neubauwohnungen bereits um die Jahrtausendwende durchschnittlich kleiner geworden, in Frankreich, Polen und Russland wenige Jahre sp\u00e4ter.\n<\/p>\n<p>        Nach wie vor mehr gro\u00dfe Wohnungen        <\/p>\n<p class=\"paragraph article__item\">Die demografische Entwicklung gilt \u2060als Hauptfaktor f\u00fcr die durchschnittliche Wohnungsgr\u00f6\u00dfe. Der Anteil der <a href=\"https:\/\/www.zeit.de\/2025\/51\/doris-doerrie-wohnen-moebel-einrichtung\" class=\"\" target=\"_blank\" rel=\"noopener\">Einpersonenhaushalte<\/a> in Deutschland hat sich dem DIW zufolge seit den 1960er-Jahren auf 41 Prozent verdoppelt. In Gro\u00dfst\u00e4dten wie Berlin oder M\u00fcnchen liegt er sogar bei rund 50 \u2060Prozent.\u00a0\n<\/p>\n<p>                            \u00a9\u00a0Lea Dohle<\/p>\n<p>\n                                        Newsletter<br \/>\n                                        Was jetzt? \u2013 Der t\u00e4gliche Morgen\u00fcberblick<\/p>\n<p class=\"newsletter-signup__text\">Starten Sie mit unserem kurzen Nachrichten-Newsletter in den Tag. Erhalten Sie zudem freitags das digitale Magazin ZEIT am Wochenende.<\/p>\n<p class=\"newsletter-signup__datapolicy\" hidden=\"\">\n            Mit Ihrer Registrierung nehmen Sie die <a href=\"https:\/\/datenschutz.zeit.de\/zon#Newsletter\" target=\"_blank\" rel=\"noopener\">Datenschutzerkl\u00e4rung<\/a> zur Kenntnis.\n        <\/p>\n<p>    Vielen Dank! Wir haben Ihnen eine E-Mail geschickt.<\/p>\n<p>Pr\u00fcfen Sie Ihr Postfach und best\u00e4tigen Sie das Newsletter-Abonnement.<\/p>\n<p class=\"paragraph article__item\">Der starke Anstieg der <a href=\"https:\/\/www.zeit.de\/wirtschaft\/2025-12\/grossstaedte-mietpreisbremse-bundesland-wohnungspolitik-mieterschutz\" class=\"\" target=\"_blank\" rel=\"noopener\">Immobilienpreise<\/a> seit 2010 versch\u00e4rfe die Entwicklung. Viele Menschen k\u00f6nnten sich \u2060gr\u00f6\u00dfere Wohnungen nicht mehr leisten. F\u00fcr Bautr\u00e4ger wiederum seien kleine Wohnungen wirtschaftlich attraktiver.\n<\/p>\n<p class=\"paragraph article__item\">Obwohl die durchschnittliche Haushaltsgr\u00f6\u00dfe \u200cin den vergangenen Jahrzehnten deutlich geschrumpft ist, dominieren im Bestand nach wie vor gro\u00dfe Wohnungen. Aus dieser Diskrepanz schlie\u00dft das DIW, dass der Wohnungsmarkt vor einer Anpassung steht. &#8222;Wenn neue Wohnungen kleiner werden, \u2060ist dies kein R\u00fcckschritt, sondern eine notwendige Anpassung an gesellschaftliche Realit\u00e4ten&#8220;, sagte Co-Autor Sebastian Kohl. &#8222;Kleinere, gut geschnittene \u200dund energieeffiziente Wohnungen werden die zentrale Wohnform der Zukunft sein und sie sind ein Schl\u00fcssel, um den gro\u00dfen Energiebedarf des Geb\u00e4udesektors zu senken.&#8220;<\/p>\n<p>            Wohnen in Deutschland        <\/p>\n<p>Mehr zum Thema<\/p>\n<p>                <a href=\"https:\/\/www.zeit.de\/wirtschaft\/2025-12\/wohnungsleerstand-eigentuemer-vermietung-wohnraum\" data-ct-label=\"Wohnungsleerstand: &quot;Es ist fast unm\u00f6glich, anst\u00e4ndige Mieter zu finden&quot;\" target=\"_blank\" rel=\"noopener\"><\/p>\n<p>        Z+ (abopflichtiger Inhalt);<\/p>\n<p>    Wohnungsleerstand:<br \/>\n                        &#8222;Es ist fast unm\u00f6glich, anst\u00e4ndige Mieter zu finden&#8220;<\/p>\n<p>                <\/a><\/p>\n<p>                <a href=\"https:\/\/www.zeit.de\/wirtschaft\/2024-05\/wohnungsgroesse-flaeche-vergleich-durchschnitt-miete-eigentum\" data-ct-label=\"Wohnungsgr\u00f6\u00dfe : Wie viel Wohnfl\u00e4che haben Sie im Vergleich?\" target=\"_blank\" rel=\"noopener\"><\/p>\n<p>        Z+ (abopflichtiger Inhalt);<\/p>\n<p>    Wohnungsgr\u00f6\u00dfe :<br \/>\n                        Wie viel Wohnfl\u00e4che haben Sie im Vergleich?<\/p>\n<p>                <\/a><\/p>\n<p>                <a href=\"https:\/\/www.zeit.de\/geld\/2024-02\/wohnen-mieten-oder-kaufen-rechner-immobilien-hauskauf\" data-ct-label=\"Interaktiver Rechner : Mieten oder Kaufen? Der endg\u00fcltige Rechner\" target=\"_blank\" rel=\"noopener\"><\/p>\n<p>        Z+ (abopflichtiger Inhalt);<\/p>\n<p>    Interaktiver Rechner :<br \/>\n                        Mieten oder Kaufen? Der endg\u00fcltige Rechner<\/p>\n<p>                <\/a><\/p>\n","protected":false},"excerpt":{"rendered":"Nach Jahrzehnten kontinuierlich wachsender Wohnfl\u00e4chen deutet sich einer Studie zufolge eine Trendwende an. Erstmals seit Beginn der Erhebungen&hellip;\n","protected":false},"author":2,"featured_media":699924,"comment_status":"","ping_status":"","sticky":false,"template":"","format":"standard","meta":{"footnotes":""},"categories":[3],"tags":[28473,1724,13,20336,3317,14,15,12,10,8,9,11,103,1463,48240,2192,5727,104],"class_list":{"0":"post-699923","1":"post","2":"type-post","3":"status-publish","4":"format-standard","5":"has-post-thumbnail","7":"category-welt","8":"tag-diw","9":"tag-gesellschaft","10":"tag-headlines","11":"tag-immobilienmarkt","12":"tag-miete","13":"tag-nachrichten","14":"tag-news","15":"tag-schlagzeilen","16":"tag-top-news","17":"tag-top-meldungen","18":"tag-topmeldungen","19":"tag-topnews","20":"tag-welt","21":"tag-wohnen","22":"tag-wohnflaeche","23":"tag-wohnungsbau","24":"tag-wohnungspolitik","25":"tag-world"},"share_on_mastodon":{"url":"https:\/\/pubeurope.com\/@de\/115853517466052676","error":""},"_links":{"self":[{"href":"https:\/\/www.europesays.com\/de\/wp-json\/wp\/v2\/posts\/699923","targetHints":{"allow":["GET"]}}],"collection":[{"href":"https:\/\/www.europesays.com\/de\/wp-json\/wp\/v2\/posts"}],"about":[{"href":"https:\/\/www.europesays.com\/de\/wp-json\/wp\/v2\/types\/post"}],"author":[{"embeddable":true,"href":"https:\/\/www.europesays.com\/de\/wp-json\/wp\/v2\/users\/2"}],"replies":[{"embeddable":true,"href":"https:\/\/www.europesays.com\/de\/wp-json\/wp\/v2\/comments?post=699923"}],"version-history":[{"count":0,"href":"https:\/\/www.europesays.com\/de\/wp-json\/wp\/v2\/posts\/699923\/revisions"}],"wp:featuredmedia":[{"embeddable":true,"href":"https:\/\/www.europesays.com\/de\/wp-json\/wp\/v2\/media\/699924"}],"wp:attachment":[{"href":"https:\/\/www.europesays.com\/de\/wp-json\/wp\/v2\/media?parent=699923"}],"wp:term":[{"taxonomy":"category","embeddable":true,"href":"https:\/\/www.europesays.com\/de\/wp-json\/wp\/v2\/categories?post=699923"},{"taxonomy":"post_tag","embeddable":true,"href":"https:\/\/www.europesays.com\/de\/wp-json\/wp\/v2\/tags?post=699923"}],"curies":[{"name":"wp","href":"https:\/\/api.w.org\/{rel}","templated":true}]}}