{"id":699925,"date":"2026-01-07T11:12:17","date_gmt":"2026-01-07T11:12:17","guid":{"rendered":"https:\/\/www.europesays.com\/de\/699925\/"},"modified":"2026-01-07T11:12:17","modified_gmt":"2026-01-07T11:12:17","slug":"anschlag-in-berlin-offenbar-hat-dobrindt-keine-ahnung-wie-er-dieser-bedrohung-begegnen-soll-sagt-banaszak","status":"publish","type":"post","link":"https:\/\/www.europesays.com\/de\/699925\/","title":{"rendered":"Anschlag in Berlin: \u201eOffenbar hat Dobrindt keine Ahnung, wie er dieser Bedrohung begegnen soll\u201c, sagt Banaszak"},"content":{"rendered":"<p>Bundesinnenminister Dobrindt (CSU) warnt nach dem Anschlag in Berlin vor einem Erstarken des Linksterrorismus. Gr\u00fcnen-Chef Banaszak h\u00e4lt das f\u00fcr \u201emarkige Spr\u00fcche ohne Substanz\u201c. Der Minister m\u00fcsse endlich einen Beitrag zur Lagebew\u00e4ltigung leisten.<\/p>\n<p class=\"is-first-paragraph\" data-external=\"Article.FirstParagraph\">Nach dem mutma\u00dflich linksextremen Anschlag auf das Stromnetz in Berlin kritisiert Gr\u00fcnen-Chef Felix Banaszak den Bundesinnenminister Alexander Dobrindt (CSU). \u201eStatt markiger Spr\u00fcche ohne Substanz aus dem fernen Seeon erwarte ich vom Bundesinnenminister, dass er nach Tagen des Nichtstuns einen konkreten Beitrag zur Lagebew\u00e4ltigung in Berlin leistet\u201c, sagte Banaszak der <a class=\"is-link c-block-items__link is-external c-link--rich-text-renderer\" href=\"https:\/\/www.bild.de\/politik\/inland\/berlin-blackout-gruene-toben-nach-linksterrorismus-alarm-von-dobrindt-695d1ca2e0f90a884bc5dbb3\" target=\"_blank\" title=\"(Link wird in einem neuen Tab ge\u00f6ffnet)\" rel=\"nofollow noopener\" data-internal-tracking-enabled=\"true\" data-internal-tracking=\"{&quot;action&quot;:&quot;click&quot;,&quot;label&quot;:&quot;link&quot;,&quot;name&quot;:&quot;Inline Element&quot;,&quot;data&quot;:{&quot;source&quot;:&quot;&quot;,&quot;target&quot;:&quot;https:\/\/www.bild.de\/politik\/inland\/berlin-blackout-gruene-toben-nach-linksterrorismus-alarm-von-dobrindt-695d1ca2e0f90a884bc5dbb3&quot;,&quot;trackingName&quot;:&quot;&quot;,&quot;trackingLabel&quot;:&quot;&quot;}}\">\u201eBild\u201c-Zeitung<\/a> und bezog sich dabei auf \u00c4u\u00dferungen, die Dobrindt w\u00e4hrend der CSU-Neujahrsklausur im bayerischen Kloster Seeon gemacht hatte.<\/p>\n<p>\u201eDer Bev\u00f6lkerungsschutz f\u00e4llt genau in seinen Aufgabenbereich\u201c, f\u00fcgte der Gr\u00fcnen-Chef hinzu. \u201eEs muss doch jetzt darum gehen, mit gemeinsamen Kr\u00e4ften den Menschen vor Ort bestm\u00f6gliche Hilfe zukommen zu lassen.\u201c Au\u00dferdem erwarte er, \u201edass Herr Dobrindt endlich erkennt, dass die kritischen Infrastrukturen \u2013 wie zum Beispiel die Stromnetze \u2013 besser gesch\u00fctzt werden m\u00fcssen\u201c.<\/p>\n<p>Es gelte, die Hintergr\u00fcnde der Tat umfassend aufzukl\u00e4ren. \u201eEs ist nicht akzeptabel, dass wir nach Jahren und zahlreichen gef\u00e4hrlichen Aktionen noch immer kein Bild \u00fcber die linksextreme sogenannte \u201aVulkangruppe\u2018 haben. Offenbar hat der Bundesinnenminister keine Ahnung, wie er dieser Bedrohung begegnen soll.\u201c<\/p>\n<p>Dobrindt hatte vor einem Erstarken des \u201eLinksterrorismus\u201c in Deutschland gewarnt. \u201eDer <a class=\"is-link c-block-items__link c-link--rich-text-renderer\" href=\"https:\/\/www.welt.de\/politik\/deutschland\/article695d07bb4d1d5f581eead4a7\/stromausfall-brandanschlag-in-berlin-verurteile-dass-die-linkspartei-erklaert-hat-das-ist-nicht-links.html\" data-internal-tracking-enabled=\"true\" data-internal-tracking=\"{&quot;action&quot;:&quot;click&quot;,&quot;label&quot;:&quot;link&quot;,&quot;name&quot;:&quot;Inline Element&quot;,&quot;data&quot;:{&quot;source&quot;:&quot;&quot;,&quot;target&quot;:&quot;https:\/\/www.welt.de\/politik\/deutschland\/article695d07bb4d1d5f581eead4a7\/stromausfall-brandanschlag-in-berlin-verurteile-dass-die-linkspartei-erklaert-hat-das-ist-nicht-links.html&quot;,&quot;trackingName&quot;:&quot;&quot;,&quot;trackingLabel&quot;:&quot;&quot;}}\" target=\"_blank\" rel=\"noopener\">Linksterrorismus<\/a> ist mit steigender Intensit\u00e4t in Deutschland zur\u00fcck\u201c, sagte er der \u201eBild\u201c-Zeitung. In dem j\u00fcngsten Bekennerschreiben zu dem Anschlag werde deutlich, \u201edass wir es mit linksterroristischen Aktivit\u00e4ten, gepaart mit Klimaextremismus, zu tun haben, die gezielt unseren Wohlstand, unsere Wirtschaftsordnung und den Alltag der B\u00fcrgerinnen und B\u00fcrger angreifen und damit Leben gef\u00e4hrden\u201c.<\/p>\n<p>Als Konsequenz aus dem Blackout forderte der Innenminister ein umfassendes Sicherheitspaket. Die Ermittlungsbefugnisse im digitalen Raum m\u00fcssten ausgeweitet werden, dazu geh\u00f6rten unter anderem die Einf\u00fchrung der IP-Adressen-Speicherung sowie der Einsatz der Telekommunikations\u00fcberwachung. Einen entsprechenden Gesetzentwurf gibt es schon \u2013 laut \u201eBild\u201c hat das Innenministerium daran mitgearbeitet, derzeit befindet es sich in der Ressortabstimmung.<\/p>\n<p>Auch die Parlamentsgesch\u00e4ftsf\u00fchrerin der Gr\u00fcnen, Irene Mihalic, griff <a class=\"is-link c-block-items__link c-link--rich-text-renderer\" href=\"https:\/\/www.welt.de\/themen\/alexander-dobrindt\/\" data-internal-tracking-enabled=\"true\" data-internal-tracking=\"{&quot;action&quot;:&quot;click&quot;,&quot;label&quot;:&quot;link&quot;,&quot;name&quot;:&quot;Inline Element&quot;,&quot;data&quot;:{&quot;source&quot;:&quot;&quot;,&quot;target&quot;:&quot;https:\/\/www.welt.de\/themen\/alexander-dobrindt\/&quot;,&quot;trackingName&quot;:&quot;&quot;,&quot;trackingLabel&quot;:&quot;&quot;}}\" target=\"_blank\" rel=\"noopener\">Dobrindt<\/a> an. Der Nachrichtenagentur AFP sagte sie, Dobrindt sei jetzt \u201enicht als Mahner und Warner gefragt, sondern als verantwortlich handelnder Bundesinnenminister\u201c. Die Bundesregierung m\u00fcsse alles tun, um weitere Anschl\u00e4ge dieser Kategorie zu verhindern. Die Linke warf Dobrindt vor, er wolle \u201eunter dem Deckmantel der ,Terrorbek\u00e4mpfung\u2018 Grund- und Freiheitsrechte\u201c abbauen.<\/p>\n<p>gub<\/p>\n","protected":false},"excerpt":{"rendered":"Bundesinnenminister Dobrindt (CSU) warnt nach dem Anschlag in Berlin vor einem Erstarken des Linksterrorismus. Gr\u00fcnen-Chef Banaszak h\u00e4lt das&hellip;\n","protected":false},"author":2,"featured_media":699926,"comment_status":"","ping_status":"","sticky":false,"template":"","format":"standard","meta":{"footnotes":""},"categories":[2],"tags":[7285,86451,774,29,35348,30,13,12623,14,15,110,12,2544,10,8,9,11],"class_list":{"0":"post-699925","1":"post","2":"type-post","3":"status-publish","4":"format-standard","5":"has-post-thumbnail","7":"category-deutschland","8":"tag-alexander","9":"tag-banaszak-felix","10":"tag-csu","11":"tag-deutschland","12":"tag-dobrindt","13":"tag-germany","14":"tag-headlines","15":"tag-linksextremismus","16":"tag-nachrichten","17":"tag-news","18":"tag-newsteam","19":"tag-schlagzeilen","20":"tag-terrorismus","21":"tag-top-news","22":"tag-top-meldungen","23":"tag-topmeldungen","24":"tag-topnews"},"share_on_mastodon":{"url":"https:\/\/pubeurope.com\/@de\/115853521313434347","error":""},"_links":{"self":[{"href":"https:\/\/www.europesays.com\/de\/wp-json\/wp\/v2\/posts\/699925","targetHints":{"allow":["GET"]}}],"collection":[{"href":"https:\/\/www.europesays.com\/de\/wp-json\/wp\/v2\/posts"}],"about":[{"href":"https:\/\/www.europesays.com\/de\/wp-json\/wp\/v2\/types\/post"}],"author":[{"embeddable":true,"href":"https:\/\/www.europesays.com\/de\/wp-json\/wp\/v2\/users\/2"}],"replies":[{"embeddable":true,"href":"https:\/\/www.europesays.com\/de\/wp-json\/wp\/v2\/comments?post=699925"}],"version-history":[{"count":0,"href":"https:\/\/www.europesays.com\/de\/wp-json\/wp\/v2\/posts\/699925\/revisions"}],"wp:featuredmedia":[{"embeddable":true,"href":"https:\/\/www.europesays.com\/de\/wp-json\/wp\/v2\/media\/699926"}],"wp:attachment":[{"href":"https:\/\/www.europesays.com\/de\/wp-json\/wp\/v2\/media?parent=699925"}],"wp:term":[{"taxonomy":"category","embeddable":true,"href":"https:\/\/www.europesays.com\/de\/wp-json\/wp\/v2\/categories?post=699925"},{"taxonomy":"post_tag","embeddable":true,"href":"https:\/\/www.europesays.com\/de\/wp-json\/wp\/v2\/tags?post=699925"}],"curies":[{"name":"wp","href":"https:\/\/api.w.org\/{rel}","templated":true}]}}