{"id":699930,"date":"2026-01-07T11:15:29","date_gmt":"2026-01-07T11:15:29","guid":{"rendered":"https:\/\/www.europesays.com\/de\/699930\/"},"modified":"2026-01-07T11:15:29","modified_gmt":"2026-01-07T11:15:29","slug":"einsatz-der-feuerwehr-wuerselen-vom-31-dezember-in-der-schule-lehnstrasse","status":"publish","type":"post","link":"https:\/\/www.europesays.com\/de\/699930\/","title":{"rendered":"Einsatz der Feuerwehr W\u00fcrselen vom 31. Dezember in der Schule Lehnstra\u00dfe"},"content":{"rendered":"<p class=\"paragraph\">Pressemitteilung der Feuewehr W\u00fcrselen vom 31.12.2025:<\/p>\n<p class=\"paragraph\">Beim Eintreffen der ersten Kr\u00e4fte drang Brandrauch aus den Kellerr\u00e4umen. Ein Trupp unter Atemschutz konnte das Feuer rasch l\u00f6schen. Aus ungekl\u00e4rten Gr\u00fcnden war Material in einem Lagerraum im Keller in Brand geraten. Die Klassenr\u00e4ume waren nicht betroffen.<br \/>Die Nachl\u00f6scharbeiten gestalteten sich langwierig. Dazu entfernten mehrere mit Atemschutzger\u00e4ten ausger\u00fcstete Trupps das Brandgut. Nach rund vier Stunden war der Einsatz der Feuerwache und des L\u00f6schzugs W\u00fcrselen-Mitte beendet und die Kriminalpolizei nahm die Ermittlungen zur Brandursache auf. Verantwortliche des Geb\u00e4udemanagements der Stadtverwaltung waren ebenfalls vor Ort.<br \/>F\u00fcr weitere Eins\u00e4tze standen Kr\u00e4fte des L\u00f6schzuges Broichweiden auf der Feuerwache und im Ger\u00e4tehaus in Bereitschaft.<\/p>\n","protected":false},"excerpt":{"rendered":"Pressemitteilung der Feuewehr W\u00fcrselen vom 31.12.2025: Beim Eintreffen der ersten Kr\u00e4fte drang Brandrauch aus den Kellerr\u00e4umen. Ein Trupp&hellip;\n","protected":false},"author":2,"featured_media":699931,"comment_status":"","ping_status":"","sticky":false,"template":"","format":"standard","meta":{"footnotes":""},"categories":[1853],"tags":[1424,3364,29,548,663,3934,30,13,14,15,1209,12],"class_list":{"0":"post-699930","1":"post","2":"type-post","3":"status-publish","4":"format-standard","5":"has-post-thumbnail","7":"category-aachen","8":"tag-aachen","9":"tag-de","10":"tag-deutschland","11":"tag-eu","12":"tag-europa","13":"tag-europe","14":"tag-germany","15":"tag-headlines","16":"tag-nachrichten","17":"tag-news","18":"tag-nordrhein-westfalen","19":"tag-schlagzeilen"},"share_on_mastodon":{"url":"https:\/\/pubeurope.com\/@de\/115853533103908759","error":""},"_links":{"self":[{"href":"https:\/\/www.europesays.com\/de\/wp-json\/wp\/v2\/posts\/699930","targetHints":{"allow":["GET"]}}],"collection":[{"href":"https:\/\/www.europesays.com\/de\/wp-json\/wp\/v2\/posts"}],"about":[{"href":"https:\/\/www.europesays.com\/de\/wp-json\/wp\/v2\/types\/post"}],"author":[{"embeddable":true,"href":"https:\/\/www.europesays.com\/de\/wp-json\/wp\/v2\/users\/2"}],"replies":[{"embeddable":true,"href":"https:\/\/www.europesays.com\/de\/wp-json\/wp\/v2\/comments?post=699930"}],"version-history":[{"count":0,"href":"https:\/\/www.europesays.com\/de\/wp-json\/wp\/v2\/posts\/699930\/revisions"}],"wp:featuredmedia":[{"embeddable":true,"href":"https:\/\/www.europesays.com\/de\/wp-json\/wp\/v2\/media\/699931"}],"wp:attachment":[{"href":"https:\/\/www.europesays.com\/de\/wp-json\/wp\/v2\/media?parent=699930"}],"wp:term":[{"taxonomy":"category","embeddable":true,"href":"https:\/\/www.europesays.com\/de\/wp-json\/wp\/v2\/categories?post=699930"},{"taxonomy":"post_tag","embeddable":true,"href":"https:\/\/www.europesays.com\/de\/wp-json\/wp\/v2\/tags?post=699930"}],"curies":[{"name":"wp","href":"https:\/\/api.w.org\/{rel}","templated":true}]}}