{"id":699934,"date":"2026-01-07T11:17:10","date_gmt":"2026-01-07T11:17:10","guid":{"rendered":"https:\/\/www.europesays.com\/de\/699934\/"},"modified":"2026-01-07T11:17:10","modified_gmt":"2026-01-07T11:17:10","slug":"das-bietet-der-troedelmarkt-in-der-alten-schule","status":"publish","type":"post","link":"https:\/\/www.europesays.com\/de\/699934\/","title":{"rendered":"Das bietet der Tr\u00f6delmarkt in der Alten Schule"},"content":{"rendered":"<p class=\"bold\">\n\t\t\t\t\t\t\t\t\t\tSt\u00f6bern, entdecken und genie\u00dfen: In der Alten Schule im Augustusburger Ortsteil Gr\u00fcnberg \u00f6ffnen zw\u00f6lf Tr\u00f6delst\u00e4nde. Dazu gibt es Gl\u00fchwein und W\u00fcrstchen.\t\t\t\t<\/p>\n<p>\t\t\t\t In der \u201eAlten Schule\u201c im Augustusburger Ortsteil Gr\u00fcnberg findet am Samstag, 10. Januar, von 10 bis 17 Uhr erstmals ein Tr\u00f6delmarkt statt. In zwei R\u00e4umen \u2013 dem Vereinsraum und der Turnhalle \u2013 wird an zw\u00f6lf St\u00e4nden ein vielf\u00e4ltiges Angebot pr\u00e4sentiert. Verkauft werden unter anderem Spielsachen, Kleidung f\u00fcr Kinder und Erwachsene,&#8230;<\/p>\n<p>\t\t<img decoding=\"async\" class=\"fp-plus-logo\" src=\"https:\/\/www.freiepresse.de\/img\/fpplus.svg\" alt=\"Freie Presse plus Logo\"\/><\/p>\n<p>Registrieren und testen.<\/p>\n<p>Jetzt mit Ihrer Registrierung 1 Monat gratis testen und alle Beitr\u00e4ge lesen.<\/p>\n<p>Schon Abonnent? Melden Sie sich mit ihren Zugangsdaten an.<\/p>\n","protected":false},"excerpt":{"rendered":"St\u00f6bern, entdecken und genie\u00dfen: In der Alten Schule im Augustusburger Ortsteil Gr\u00fcnberg \u00f6ffnen zw\u00f6lf Tr\u00f6delst\u00e4nde. Dazu gibt es&hellip;\n","protected":false},"author":2,"featured_media":699935,"comment_status":"","ping_status":"","sticky":false,"template":"","format":"standard","meta":{"footnotes":""},"categories":[1851],"tags":[2770,3364,29,548,663,3934,30,13,14,15,859,12,3866],"class_list":{"0":"post-699934","1":"post","2":"type-post","3":"status-publish","4":"format-standard","5":"has-post-thumbnail","7":"category-chemnitz","8":"tag-chemnitz","9":"tag-de","10":"tag-deutschland","11":"tag-eu","12":"tag-europa","13":"tag-europe","14":"tag-germany","15":"tag-headlines","16":"tag-nachrichten","17":"tag-news","18":"tag-sachsen","19":"tag-schlagzeilen","20":"tag-veranstaltungen"},"share_on_mastodon":{"url":"https:\/\/pubeurope.com\/@de\/115853541154603937","error":""},"_links":{"self":[{"href":"https:\/\/www.europesays.com\/de\/wp-json\/wp\/v2\/posts\/699934","targetHints":{"allow":["GET"]}}],"collection":[{"href":"https:\/\/www.europesays.com\/de\/wp-json\/wp\/v2\/posts"}],"about":[{"href":"https:\/\/www.europesays.com\/de\/wp-json\/wp\/v2\/types\/post"}],"author":[{"embeddable":true,"href":"https:\/\/www.europesays.com\/de\/wp-json\/wp\/v2\/users\/2"}],"replies":[{"embeddable":true,"href":"https:\/\/www.europesays.com\/de\/wp-json\/wp\/v2\/comments?post=699934"}],"version-history":[{"count":0,"href":"https:\/\/www.europesays.com\/de\/wp-json\/wp\/v2\/posts\/699934\/revisions"}],"wp:featuredmedia":[{"embeddable":true,"href":"https:\/\/www.europesays.com\/de\/wp-json\/wp\/v2\/media\/699935"}],"wp:attachment":[{"href":"https:\/\/www.europesays.com\/de\/wp-json\/wp\/v2\/media?parent=699934"}],"wp:term":[{"taxonomy":"category","embeddable":true,"href":"https:\/\/www.europesays.com\/de\/wp-json\/wp\/v2\/categories?post=699934"},{"taxonomy":"post_tag","embeddable":true,"href":"https:\/\/www.europesays.com\/de\/wp-json\/wp\/v2\/tags?post=699934"}],"curies":[{"name":"wp","href":"https:\/\/api.w.org\/{rel}","templated":true}]}}