{"id":699938,"date":"2026-01-07T11:19:13","date_gmt":"2026-01-07T11:19:13","guid":{"rendered":"https:\/\/www.europesays.com\/de\/699938\/"},"modified":"2026-01-07T11:19:13","modified_gmt":"2026-01-07T11:19:13","slug":"bahn-grossbaustelle-bei-aachen-ab-9-1-26","status":"publish","type":"post","link":"https:\/\/www.europesays.com\/de\/699938\/","title":{"rendered":"Bahn-Gro\u00dfbaustelle bei Aachen ab 9.1.26"},"content":{"rendered":"<p>          Gro\u00dfbaustelle zwischen Aachen und M\u00f6nchengladbach        Deshalb wird f\u00fcr Bahnfahrer der 9. Januar wichtig<\/p>\n<p class=\"text-50 desktop:text-70 park-container-small px-6 mb-10 desktop:mb-14\">M\u00f6nchengladbach \u00b7 <strong data-cy=\"intro\" data-readtime-content=\"\">In der Region wird eine Gro\u00dfbaustelle an einem Stellwerk den Bahnbetrieb rund einen Monat lang st\u00f6ren. Au\u00dferdem bekommt Wickrath Schallschutzw\u00e4nde. Welche Auswirkungen die Arbeiten f\u00fcr Fahrg\u00e4ste haben und welche Linien ausfallen.<\/strong><\/p>\n<p>                        <a class=\"absolute bottom-0 inset-x-0 z-10 group\/link before:float-left after:clear-both flex justify-end items-end print:hidden\" href=\"https:\/\/rp-online.de\/imgs\/32\/2\/5\/4\/4\/8\/4\/3\/9\/1\/tok_7e211e55cc1efd2b218dc315bd687e4b\/w1900_h1266_x1024_y682_DPA_dpa_urn_newsml_dpa.com_20090101_251212-935-1016172-v1-s2048-d2f81eb13d8f453a.jpeg\" title=\"Vergr\u00f6\u00dferte Ansicht\" aria-describedby=\"park-figure-\" data-enlargable=\"image\" target=\"_blank\" rel=\"noopener\"><\/p>\n<p>                            <\/a><\/p>\n<p>                <img class=\"inset-0 w-full h-full object-cover opacity-0 transition-opacity animated\" onload=\"this.style.opacity = '1';\" src=\"https:\/\/www.europesays.com\/de\/wp-content\/uploads\/2026\/01\/w2048_h1365_x1024_y682_DPA_dpa_urn_newsml_dpa.com_20090101_251212-935-1016172-v1-s2048-d2f81eb13d8f4.jpeg\"   alt=\" Ab dem 9. Januar m\u00fcssen Bahnfahrer um M\u00f6nchengladbach noch geduldiger sein als sonst. Grund daf\u00fcr ist die Sanierung eines Stellwerks.(Symbolbild) \" width=\"2048\" height=\"1365\" fetchpriority=\"high\" decoding=\"async\" data-park-image-img=\"\"\/><\/p>\n<p class=\"block font-sans text-30 text-black-almost dark:text-white-almost desktop:text-40 desktop:[.floated_&amp;]:text-30 mt-3 desktop:[.floated_&amp;]:mt-3 desktop:mt-4\" data-readtime-content=\"\">\n         Ab dem 9. Januar m\u00fcssen Bahnfahrer um M\u00f6nchengladbach noch geduldiger sein als sonst. Grund daf\u00fcr ist die Sanierung eines Stellwerks.(Symbolbild)\n    <\/p>\n<p>    Foto: Jens B\u00fcttner\/dpa\/Jens B\u00fcttner  <\/p>\n<p>                <img class=\"absolute inset-0 w-full h-full object-cover aspect-[1\/1] opacity-0 transition-opacity animated\" onload=\"this.style.opacity = '1';\" src=\"https:\/\/www.europesays.com\/de\/wp-content\/uploads\/2026\/01\/w128_h128_x1292_y947_DSC_0119-130b66d880bad9f9.JPG\"   alt=\"Timo Sieg\" width=\"64\" height=\"64\" loading=\"lazy\" decoding=\"async\" data-park-image-img=\"\"\/><\/p>\n","protected":false},"excerpt":{"rendered":"Gro\u00dfbaustelle zwischen Aachen und M\u00f6nchengladbach Deshalb wird f\u00fcr Bahnfahrer der 9. Januar wichtig M\u00f6nchengladbach \u00b7 In der Region&hellip;\n","protected":false},"author":2,"featured_media":699939,"comment_status":"","ping_status":"","sticky":false,"template":"","format":"standard","meta":{"footnotes":""},"categories":[1849],"tags":[161647,14309,1424,1739,2227,9904,3364,3280,161648,29,548,663,3934,30,3601,13,42452,4455,14,15,1209,13190,12,16127,13198,25303,2869],"class_list":{"0":"post-699938","1":"post","2":"type-post","3":"status-publish","4":"format-standard","5":"has-post-thumbnail","7":"category-moenchengladbach","8":"tag-20eisenbahnbr","9":"tag-22c","10":"tag-aachen","11":"tag-bahn","12":"tag-bahnverkehr","13":"tag-betroffen","14":"tag-de","15":"tag-deutsche","16":"tag-deutschebahn","17":"tag-deutschland","18":"tag-eu","19":"tag-europa","20":"tag-europe","21":"tag-germany","22":"tag-hauptbahnhof","23":"tag-headlines","24":"tag-linien","25":"tag-moenchengladbach","26":"tag-nachrichten","27":"tag-news","28":"tag-nordrhein-westfalen","29":"tag-schallschutzwaende","30":"tag-schlagzeilen","31":"tag-stellwerk","32":"tag-waende","33":"tag-wickrath","34":"tag-zugverkehr"},"share_on_mastodon":{"url":"https:\/\/pubeurope.com\/@de\/115853548984670162","error":""},"_links":{"self":[{"href":"https:\/\/www.europesays.com\/de\/wp-json\/wp\/v2\/posts\/699938","targetHints":{"allow":["GET"]}}],"collection":[{"href":"https:\/\/www.europesays.com\/de\/wp-json\/wp\/v2\/posts"}],"about":[{"href":"https:\/\/www.europesays.com\/de\/wp-json\/wp\/v2\/types\/post"}],"author":[{"embeddable":true,"href":"https:\/\/www.europesays.com\/de\/wp-json\/wp\/v2\/users\/2"}],"replies":[{"embeddable":true,"href":"https:\/\/www.europesays.com\/de\/wp-json\/wp\/v2\/comments?post=699938"}],"version-history":[{"count":0,"href":"https:\/\/www.europesays.com\/de\/wp-json\/wp\/v2\/posts\/699938\/revisions"}],"wp:featuredmedia":[{"embeddable":true,"href":"https:\/\/www.europesays.com\/de\/wp-json\/wp\/v2\/media\/699939"}],"wp:attachment":[{"href":"https:\/\/www.europesays.com\/de\/wp-json\/wp\/v2\/media?parent=699938"}],"wp:term":[{"taxonomy":"category","embeddable":true,"href":"https:\/\/www.europesays.com\/de\/wp-json\/wp\/v2\/categories?post=699938"},{"taxonomy":"post_tag","embeddable":true,"href":"https:\/\/www.europesays.com\/de\/wp-json\/wp\/v2\/tags?post=699938"}],"curies":[{"name":"wp","href":"https:\/\/api.w.org\/{rel}","templated":true}]}}