{"id":699949,"date":"2026-01-07T11:26:11","date_gmt":"2026-01-07T11:26:11","guid":{"rendered":"https:\/\/www.europesays.com\/de\/699949\/"},"modified":"2026-01-07T11:26:11","modified_gmt":"2026-01-07T11:26:11","slug":"nach-angriff-im-maisfeld-anklage-gegen-ehemann-erhoben-nrw","status":"publish","type":"post","link":"https:\/\/www.europesays.com\/de\/699949\/","title":{"rendered":"Nach Angriff im Maisfeld \u2013 Anklage gegen Ehemann erhoben | NRW"},"content":{"rendered":"<p>Eine Frau \u00fcberlebt schwer verletzt nach einer Notoperation, der Ehemann wird wegen versuchten Mordes angeklagt. Die Ermittler haben beim Motiv nach dem Angriff im M\u00fcnsterland eine Vermutung.<\/p>\n<p id=\"absatz1\" class=\"em_text\">Vier Monate nach dem Fund einer lebensgef\u00e4hrlich verletzten Frau am Stra\u00dfenrand in Nottuln im M\u00fcnsterland hat die Staatsanwaltschaft M\u00fcnster Anklage erhoben. Tatverd\u00e4chtig wegen versuchten Mordes ist der 38-j\u00e4hrige Ehemann der Frau. Der Angeschuldigte soll die 47-J\u00e4hrige laut Mitteilung nach einem Streit mit einem Messer in einem Maisfeld angegriffen und schwer verletzt haben. Seine von ihm getrennt lebende Ehefrau konnte sich noch zu einer Bushaltestelle schleppen, wo sie von Zeugen gefunden wurde. Eine Notoperation rettete ihr Leben.<\/p>\n<p id=\"absatz2\" class=\"em_text\">Dem Angriff war eine Trennung des Paares nach 14 Jahren vorausgegangen. Nach Angaben der Ermittler war der 38-j\u00e4hrige Mann mit aserbaidschanischer Staatsangeh\u00f6rigkeit ausreisepflichtig. Er hatte f\u00fcr Deutschland nur eine Duldung, die auslief. Seine Ausreise war f\u00fcr den 11. September 2025 geplant &#8211; einen Tag nach dem Angriff auf seine von ihm getrennt lebende Ehefrau, die in Coesfeld lebt.<\/p>\n<p>Vermutung beim Motiv: Rache<\/p>\n<p id=\"absatz4\" class=\"em_text\">Deshalb vermuten die Ermittler beim Motiv, dass der Angeschuldigte sich bei der Frau kurz vor der Ausreise daf\u00fcr r\u00e4chen wollte, dass sie sich von ihm getrennt hatte. Beide hatten sich f\u00fcr einen gemeinsamen Einkauf in Nottuln verabredet. Dabei soll es zu verbalen Streitigkeiten gekommen sein. Als die 47-J\u00e4hrige dann am Abend mit dem Bus zur\u00fcck nach Coesfeld fahren wollte, kam es in der N\u00e4he der Bushaltestelle zu dem Angriff in dem Maisfeld.<\/p>\n<p id=\"absatz5\" class=\"em_text\">Der nicht vorbestrafte Mann sitzt in Untersuchungshaft und \u00e4u\u00dfert sich laut Staatsanwaltschaft nicht zu dem Vorwurf. \u00dcber die Zulassung der Anklage muss noch das Landgericht in M\u00fcnster entscheiden. <\/p>\n","protected":false},"excerpt":{"rendered":"Eine Frau \u00fcberlebt schwer verletzt nach einer Notoperation, der Ehemann wird wegen versuchten Mordes angeklagt. Die Ermittler haben&hellip;\n","protected":false},"author":2,"featured_media":699950,"comment_status":"","ping_status":"","sticky":false,"template":"","format":"standard","meta":{"footnotes":""},"categories":[1843],"tags":[30784,2140,1999,36648,3364,29,30,8405,16612,161653,2183,8970,1209,95749,1997],"class_list":{"0":"post-699949","1":"post","2":"type-post","3":"status-publish","4":"format-standard","5":"has-post-thumbnail","7":"category-muenster","8":"tag-nottuln","9":"tag-angriff","10":"tag-anklage","11":"tag-coesfeld","12":"tag-de","13":"tag-deutschland","14":"tag-germany","15":"tag-mnster","16":"tag-mnsterland","17":"tag-maisfeld","18":"tag-mord","19":"tag-muenster","20":"tag-nordrhein-westfalen","21":"tag-notoperation","22":"tag-staatsanwaltschaft"},"share_on_mastodon":{"url":"https:\/\/pubeurope.com\/@de\/115853576351008236","error":""},"_links":{"self":[{"href":"https:\/\/www.europesays.com\/de\/wp-json\/wp\/v2\/posts\/699949","targetHints":{"allow":["GET"]}}],"collection":[{"href":"https:\/\/www.europesays.com\/de\/wp-json\/wp\/v2\/posts"}],"about":[{"href":"https:\/\/www.europesays.com\/de\/wp-json\/wp\/v2\/types\/post"}],"author":[{"embeddable":true,"href":"https:\/\/www.europesays.com\/de\/wp-json\/wp\/v2\/users\/2"}],"replies":[{"embeddable":true,"href":"https:\/\/www.europesays.com\/de\/wp-json\/wp\/v2\/comments?post=699949"}],"version-history":[{"count":0,"href":"https:\/\/www.europesays.com\/de\/wp-json\/wp\/v2\/posts\/699949\/revisions"}],"wp:featuredmedia":[{"embeddable":true,"href":"https:\/\/www.europesays.com\/de\/wp-json\/wp\/v2\/media\/699950"}],"wp:attachment":[{"href":"https:\/\/www.europesays.com\/de\/wp-json\/wp\/v2\/media?parent=699949"}],"wp:term":[{"taxonomy":"category","embeddable":true,"href":"https:\/\/www.europesays.com\/de\/wp-json\/wp\/v2\/categories?post=699949"},{"taxonomy":"post_tag","embeddable":true,"href":"https:\/\/www.europesays.com\/de\/wp-json\/wp\/v2\/tags?post=699949"}],"curies":[{"name":"wp","href":"https:\/\/api.w.org\/{rel}","templated":true}]}}