{"id":699958,"date":"2026-01-07T11:31:26","date_gmt":"2026-01-07T11:31:26","guid":{"rendered":"https:\/\/www.europesays.com\/de\/699958\/"},"modified":"2026-01-07T11:31:26","modified_gmt":"2026-01-07T11:31:26","slug":"wuppertaler-kiesbergtunnel-wird-an-zwei-tagen-gesperrt","status":"publish","type":"post","link":"https:\/\/www.europesays.com\/de\/699958\/","title":{"rendered":"Wuppertaler Kiesbergtunnel wird an zwei Tagen gesperrt"},"content":{"rendered":"<p class=\"text_ohne_einzug richtext text-em-55 !leading-serif mx-6 desktop:mx-0\">Der Kiesbergtunnel muss wegen Instandsetzungsarbeiten kurzfristig gesperrt werden, meldet Stra\u00dfen NRW. Bereits seit Montag werden Arbeiten an der L70 am Kiesbergtunnel durchgef\u00fchrt, betroffen ist dabei das Ostportal des Tunnels, also aus der Stadt kommend in Fahrtrichtung D\u00fcsseldorf. Dort m\u00fcssen demnach Basaltplatten entfernt werden, die urspr\u00fcnglich zur Gestaltung der Tunnelportale angebracht worden waren. Die Aufh\u00e4ngung der Platten entspricht nicht mehr dem heutigen Stand der Technik. Zudem werden kleinere M\u00e4ngel beseitigt und ein Gel\u00e4nder erneuert. F\u00fcr die Arbeiten werden am Tunnelportal Ger\u00fcste aufgestellt. Die Fahrbahn wird deshalb auf einen Fahrstreifen verengt und es kann zu kurzzeitigen Sperrungen kommen. W\u00e4hrend der gesamten Ma\u00dfnahme gilt eine H\u00f6chstgeschwindigkeit von 50 Stundenkilometern. Au\u00dferdem wird es auch zu Vollsperrungen kommen: Am Freitag, 9. Januar, und Samstag, 10. Januar wird der Tunnel jeweils in der Zeit von 7 bis 19 Uhr gesperrt sein. Dann ist eine Umleitung ausgeschildert (U30). Die Arbeiten werden insgesamt voraussichtlich bis Freitag, 16. Januar, dauern.<\/p>\n","protected":false},"excerpt":{"rendered":"Der Kiesbergtunnel muss wegen Instandsetzungsarbeiten kurzfristig gesperrt werden, meldet Stra\u00dfen NRW. Bereits seit Montag werden Arbeiten an der&hellip;\n","protected":false},"author":2,"featured_media":699959,"comment_status":"","ping_status":"","sticky":false,"template":"","format":"standard","meta":{"footnotes":""},"categories":[1840],"tags":[78890,60567,9904,3364,29,9920,30,5783,92891,1209,161657,2224,524,4733,161659,161658,4073,4418],"class_list":{"0":"post-699958","1":"post","2":"type-post","3":"status-publish","4":"format-standard","5":"has-post-thumbnail","7":"category-wuppertal","8":"tag-vollsperrungen","9":"tag-auffahrt","10":"tag-betroffen","11":"tag-de","12":"tag-deutschland","13":"tag-fahrbahn","14":"tag-germany","15":"tag-gesperrt","16":"tag-kiesbergtunnel","17":"tag-nordrhein-westfalen","18":"tag-sonnborner","19":"tag-sperrung","20":"tag-strasse","21":"tag-tunnel","22":"tag-tunnelportal","23":"tag-tunnelportale","24":"tag-umleitung","25":"tag-wuppertal"},"share_on_mastodon":{"url":"https:\/\/pubeurope.com\/@de\/115853596294626075","error":""},"_links":{"self":[{"href":"https:\/\/www.europesays.com\/de\/wp-json\/wp\/v2\/posts\/699958","targetHints":{"allow":["GET"]}}],"collection":[{"href":"https:\/\/www.europesays.com\/de\/wp-json\/wp\/v2\/posts"}],"about":[{"href":"https:\/\/www.europesays.com\/de\/wp-json\/wp\/v2\/types\/post"}],"author":[{"embeddable":true,"href":"https:\/\/www.europesays.com\/de\/wp-json\/wp\/v2\/users\/2"}],"replies":[{"embeddable":true,"href":"https:\/\/www.europesays.com\/de\/wp-json\/wp\/v2\/comments?post=699958"}],"version-history":[{"count":0,"href":"https:\/\/www.europesays.com\/de\/wp-json\/wp\/v2\/posts\/699958\/revisions"}],"wp:featuredmedia":[{"embeddable":true,"href":"https:\/\/www.europesays.com\/de\/wp-json\/wp\/v2\/media\/699959"}],"wp:attachment":[{"href":"https:\/\/www.europesays.com\/de\/wp-json\/wp\/v2\/media?parent=699958"}],"wp:term":[{"taxonomy":"category","embeddable":true,"href":"https:\/\/www.europesays.com\/de\/wp-json\/wp\/v2\/categories?post=699958"},{"taxonomy":"post_tag","embeddable":true,"href":"https:\/\/www.europesays.com\/de\/wp-json\/wp\/v2\/tags?post=699958"}],"curies":[{"name":"wp","href":"https:\/\/api.w.org\/{rel}","templated":true}]}}