{"id":699967,"date":"2026-01-07T11:36:11","date_gmt":"2026-01-07T11:36:11","guid":{"rendered":"https:\/\/www.europesays.com\/de\/699967\/"},"modified":"2026-01-07T11:36:11","modified_gmt":"2026-01-07T11:36:11","slug":"trump-berater-miller-niemand-wuerde-sich-im-streit-um-groenlands-zukunft-mit-den-usa-anlegen","status":"publish","type":"post","link":"https:\/\/www.europesays.com\/de\/699967\/","title":{"rendered":"Trump-Berater Miller: Niemand w\u00fcrde sich im Streit um Gr\u00f6nlands Zukunft mit den USA anlegen"},"content":{"rendered":"<p>Europ\u00e4ische F\u00fchrer verteidigen Gr\u00f6nlands Souver\u00e4nit\u00e4t, nachdem der hochrangige Berater des US-Pr\u00e4sidenten Trump, Stephen Miller, Washingtons Drohung zur Annexion des autonomen d\u00e4nischen Territoriums versch\u00e4rft hat.<\/p>\n<p>Eine der rangh\u00f6chsten Berater von US-Pr\u00e4sident Donald Trump hat Washingtons Drohung, Gr\u00f6nland zu \u00fcbernehmen, versch\u00e4rft, indem er am Montag erkl\u00e4rte, dass niemand milit\u00e4risch gegen die Vereinigten Staaten wegen der Zukunft des autonomen d\u00e4nischen Territoriums vorgehen w\u00fcrde.<\/p>\n<p>In einem Interview mit CNN sagte Stephen Miller, Trumps stellvertretender Stabschef f\u00fcr Politik, dass es Washingtons \u201eformale Position \u2026 sei, dass Gr\u00f6nland Teil der USA sein sollte\u201c.<\/p>\n<p>Seine \u00c4u\u00dferungen folgten auf Trumps erneute Aufforderung, dass Gr\u00f6nland, die strategische, mineralienreiche Arktisinsel, unter Washingtons Kontrolle kommen solle, nach dem Wochenende der Milit\u00e4roperation in Venezuela, die zur Festnahme von Nicol\u00e1s Maduro f\u00fchrte.<\/p>\n<p>Miller stellte das Recht D\u00e4nemarks, \u201eGr\u00f6nland zu kontrollieren\u201c, in Frage, das Teil seines K\u00f6nigreichs ist.<\/p>\n<p>\u201eDie eigentliche Frage ist, welches Recht hat D\u00e4nemark, die Kontrolle \u00fcber Gr\u00f6nland durchzusetzen? Auf welcher Grundlage basiert ihr territorialer Anspruch? Auf welcher Grundlage betrachten sie Gr\u00f6nland als eine Kolonie D\u00e4nemarks?\u201c sagte Miller im CNN-Interview am Montagnachmittag.<\/p>\n<p>Der rangh\u00f6chste Trump-Berater sagte au\u00dferdem, dass die USA \u201edie Macht der NATO\u201c seien. Um die Arktisregion zu sichern, die NATO zu sch\u00fctzen und NATO-Interessen zu verteidigen, m\u00fcsse Gr\u00f6nland offensichtlich Teil der USA sein.<\/p>\n<p>Auf die Frage, ob die USA den Einsatz von Gewalt zur Annexion Gr\u00f6nlands ausschlie\u00dfen w\u00fcrden, sagte Miller, es gebe \u201enicht einmal den Bedarf, dar\u00fcber nachzudenken oder zu reden\u201c \u00fcber eine Milit\u00e4roperation auf der Arktisinsel.<\/p>\n<p>\u201eNiemand wird milit\u00e4risch gegen die USA um die Zukunft Gr\u00f6nlands k\u00e4mpfen\u201c, sagte er.<\/p>\n<p>Miller gilt weithin als Architekt mehrerer Trump-Politiken und lenkt den Pr\u00e4sidenten bei seinem harten Einwanderungskurs und seiner innenpolitischen Agenda.<\/p>\n<p>EU-F\u00fchrungskr\u00e4fte verteidigen Gr\u00f6nland<\/p>\n<p>Unterdessen verabschiedeten sich am Dienstag die F\u00fchrer von sechs europ\u00e4ischen Nationen \u2014 D\u00e4nemark, Frankreich, Deutschland, Italien, Polen, Spanien und das Vereinigte K\u00f6nigreich \u2014 in einer gemeinsamen Erkl\u00e4rung, die Gr\u00f6nlands Souver\u00e4nit\u00e4t verteidigt.<\/p>\n<p>\u201eGr\u00f6nland geh\u00f6rt seinem Volk\u201c, hei\u00dft es in der Erkl\u00e4rung, die sp\u00e4ter vom niederl\u00e4ndischen Premierminister Dick Schoof unterst\u00fctzt wurde.<\/p>\n<p>\u201eEs ist D\u00e4nemark und Gr\u00f6nland, und ihnen allein, vorbehalten, Entscheidungen zu treffen, die D\u00e4nemark und Gr\u00f6nland betreffen.\u201c<\/p>\n<p>Am Sonntag bekr\u00e4ftigte Trump erneut seine Behauptung, dass Gr\u00f6nland Teil der USA werden solle, trotz Aufforderungen der d\u00e4nischen und gr\u00f6nl\u00e4ndischen F\u00fchrungen, aufzuh\u00f6ren, das Territorium zu \u201ebedrohen\u201c.<\/p>\n<p>\u201eGr\u00f6nland ist \u00fcberall von russischen und chinesischen Schiffen bedeckt\u201c, sagte Trump, w\u00e4hrend er an Bord der Air Force One auf dem Weg nach Washington war. \u201eWir brauchen Gr\u00f6nland aus Sicht der nationalen Sicherheit, und D\u00e4nemark wird dazu nicht in der Lage sein.\u201c<\/p>\n<p>Als Reaktion auf diese \u00c4u\u00dferungen sagte D\u00e4nemarks Premierministerin Mette Frederiksen, dass eine US-\u00dcbernahme Gr\u00f6nlands dem Ende der NATO-Milit\u00e4rallianz gleichk\u00e4me.<\/p>\n<p>Gr\u00f6nlands Premierminister Jens-Frederik Nielsen ver\u00f6ffentlichte ebenfalls eine Stellungnahme, in der er Trump aufforderte, seine \u201eFantasien von einer Annexion\u201c aufzugeben, und Washington eine \u201ev\u00f6llig und absolut inakzeptable\u201c Rhetorik vorwarf. \u201eGenug ist genug\u201c, sagte er.<\/p>\n<p>Gr\u00f6nland befindet sich seit dem fr\u00fchen 18. Jahrhundert unter d\u00e4nischer Kontrolle, erhielt jedoch 1979 Selbstverwaltung, obwohl Kopenhagen weiterhin seine Au\u00dfen- und Sicherheitspolitik \u00fcberwacht.<\/p>\n<p>Die Insel verf\u00fcgt \u00fcber enorme Mineralvorkommen, darunter Seltene Erden, die f\u00fcr fortgeschrittene Technologien unverzichtbar sind.<\/p>\n","protected":false},"excerpt":{"rendered":"Europ\u00e4ische F\u00fchrer verteidigen Gr\u00f6nlands Souver\u00e4nit\u00e4t, nachdem der hochrangige Berater des US-Pr\u00e4sidenten Trump, Stephen Miller, Washingtons Drohung zur Annexion&hellip;\n","protected":false},"author":2,"featured_media":699968,"comment_status":"","ping_status":"","sticky":false,"template":"","format":"standard","meta":{"footnotes":""},"categories":[3977],"tags":[331,332,97821,28037,161666,13,51760,19872,14,15,161667,12,25963,2127,161668,4017,4018,4016,64,4019,4020,15996,1889],"class_list":{"0":"post-699967","1":"post","2":"type-post","3":"status-publish","4":"format-standard","5":"has-post-thumbnail","7":"category-usa","8":"tag-aktuelle-nachrichten","9":"tag-aktuelle-news","10":"tag-anlegen","11":"tag-den","12":"tag-groenlands","13":"tag-headlines","14":"tag-miller","15":"tag-mit","16":"tag-nachrichten","17":"tag-news","18":"tag-niemand","19":"tag-schlagzeilen","20":"tag-sich","21":"tag-streit","22":"tag-trumpberater","23":"tag-united-states","24":"tag-united-states-of-america","25":"tag-us","26":"tag-usa","27":"tag-vereinigte-staaten","28":"tag-vereinigte-staaten-von-amerika","29":"tag-wuerde","30":"tag-zukunft"},"share_on_mastodon":{"url":"https:\/\/pubeurope.com\/@de\/115853615614428660","error":""},"_links":{"self":[{"href":"https:\/\/www.europesays.com\/de\/wp-json\/wp\/v2\/posts\/699967","targetHints":{"allow":["GET"]}}],"collection":[{"href":"https:\/\/www.europesays.com\/de\/wp-json\/wp\/v2\/posts"}],"about":[{"href":"https:\/\/www.europesays.com\/de\/wp-json\/wp\/v2\/types\/post"}],"author":[{"embeddable":true,"href":"https:\/\/www.europesays.com\/de\/wp-json\/wp\/v2\/users\/2"}],"replies":[{"embeddable":true,"href":"https:\/\/www.europesays.com\/de\/wp-json\/wp\/v2\/comments?post=699967"}],"version-history":[{"count":0,"href":"https:\/\/www.europesays.com\/de\/wp-json\/wp\/v2\/posts\/699967\/revisions"}],"wp:featuredmedia":[{"embeddable":true,"href":"https:\/\/www.europesays.com\/de\/wp-json\/wp\/v2\/media\/699968"}],"wp:attachment":[{"href":"https:\/\/www.europesays.com\/de\/wp-json\/wp\/v2\/media?parent=699967"}],"wp:term":[{"taxonomy":"category","embeddable":true,"href":"https:\/\/www.europesays.com\/de\/wp-json\/wp\/v2\/categories?post=699967"},{"taxonomy":"post_tag","embeddable":true,"href":"https:\/\/www.europesays.com\/de\/wp-json\/wp\/v2\/tags?post=699967"}],"curies":[{"name":"wp","href":"https:\/\/api.w.org\/{rel}","templated":true}]}}