{"id":699969,"date":"2026-01-07T11:41:11","date_gmt":"2026-01-07T11:41:11","guid":{"rendered":"https:\/\/www.europesays.com\/de\/699969\/"},"modified":"2026-01-07T11:41:11","modified_gmt":"2026-01-07T11:41:11","slug":"erneuter-schneefall-in-frankreich-beeintraechtigt-verkehr","status":"publish","type":"post","link":"https:\/\/www.europesays.com\/de\/699969\/","title":{"rendered":"Erneuter Schneefall in Frankreich beeintr\u00e4chtigt Verkehr"},"content":{"rendered":"<p>      Erneuter Schneefall in Frankreich beeintr\u00e4chtigt Verkehr<\/p>\n<p>            Kopiere den aktuellen Link<\/p>\n<p>          Zur Merkliste hinzuf\u00fcgen<\/p>\n<p>Ungew\u00f6hnlich ausgiebiger Schneefall und Temperaturen unter Null haben in Frankreich am Mittwoch erneut den Verkehr beeintr\u00e4chtigt. Am Vormittag fielen an den Pariser Flugh\u00e4fen Roissy-Charles de Gaulle (CDG) und Orly etwa 140 Fl\u00fcge aus, weil die Start- und Landebahnen erst ger\u00e4umt und die Flugzeuge enteist werden mussten. In mehreren Gegenden fielen die Schulbusse aus.\u00a0<\/p>\n<p class=\"typo-body-sc-md is-initial\">In <a class=\"taxonomy-entity place\" data-target-type=\"article\" href=\"https:\/\/www.stern.de\/politik\/ausland\/themen\/paris-4154732.html\" target=\"_blank\" rel=\"noopener\">Paris<\/a> fuhren am Vormittag keine Busse. Die Nahverkehrsgesellschaft RATP rief dazu auf, wenn m\u00f6glich im Home Office zu bleiben.\u00a0Im Berufsverkehr bildeten sich insgesamt 600 Kilometer Staus im Gro\u00dfraum Paris.\u00a0<\/p>\n<p class=\"typo-body-sc-md\">In Online-Medien verbreiteten sich zahlreiche Fotos und Videos von schneebedeckten Pariser Monumenten &#8211; ein seltener Anblick in den vergangenen Jahren.\u00a0<\/p>\n<p class=\"typo-body-sc-md\">In 38 von 101 D\u00e9partements galt die zweith\u00f6chste Warnstufe. Nach Angaben des Wetterdienstes fielen im Norden und Westen des Landes zwischen drei und sieben Zentimeter Schnee, in den nordfranz\u00f6sischen Ardennen waren es bis zu 15 Zentimeter. Am Dienstag waren im westfranz\u00f6sischen D\u00e9partement Charente-Maritime an einzelnen Orten bis zu 30 Zentimeter Schnee gefallen &#8211; was f\u00fcr diese Gegend au\u00dfergew\u00f6hnlich viel ist.\u00a0<\/p>\n<p class=\"typo-body-sc-md\">Die <a class=\"taxonomy-entity keyword\" data-target-type=\"article\" href=\"https:\/\/www.stern.de\/panorama\/themen\/temperatur-4193112.html\" target=\"_blank\" rel=\"noopener\">Temperaturen<\/a> erreichten in den vergangenen beiden Tagen Tiefstwerte von bis zu 22 Grand Minus im ostfranz\u00f6sischen Mouthe. Landesweit lag die niedrigste Durchschnittstemperatur bei Minus vier Grad. Dies war seit Angaben des Wetterdienstes seit 2012 nicht mehr vorgekommen.\u00a0<\/p>\n<p class=\"typo-body-sc-md\">Bei wetterbedingten Verkehrsunf\u00e4llen kamen in den vergangenen Tagen in <a class=\"taxonomy-entity place\" data-target-type=\"article\" href=\"https:\/\/www.stern.de\/politik\/ausland\/themen\/frankreich-4540716.html\" target=\"_blank\" rel=\"noopener\">Frankreich<\/a> f\u00fcnf Menschen ums Leben.\u00a0<\/p>\n<p>\n    AFP\n  <\/p>\n","protected":false},"excerpt":{"rendered":"Erneuter Schneefall in Frankreich beeintr\u00e4chtigt Verkehr Kopiere den aktuellen Link Zur Merkliste hinzuf\u00fcgen Ungew\u00f6hnlich ausgiebiger Schneefall und Temperaturen&hellip;\n","protected":false},"author":2,"featured_media":699970,"comment_status":"","ping_status":"","sticky":false,"template":"","format":"standard","meta":{"footnotes":""},"categories":[3974],"tags":[331,332,548,663,3934,3980,156,13,14,15,12],"class_list":{"0":"post-699969","1":"post","2":"type-post","3":"status-publish","4":"format-standard","5":"has-post-thumbnail","7":"category-frankreich","8":"tag-aktuelle-nachrichten","9":"tag-aktuelle-news","10":"tag-eu","11":"tag-europa","12":"tag-europe","13":"tag-france","14":"tag-frankreich","15":"tag-headlines","16":"tag-nachrichten","17":"tag-news","18":"tag-schlagzeilen"},"share_on_mastodon":{"url":"https:\/\/pubeurope.com\/@de\/115853635287045879","error":""},"_links":{"self":[{"href":"https:\/\/www.europesays.com\/de\/wp-json\/wp\/v2\/posts\/699969","targetHints":{"allow":["GET"]}}],"collection":[{"href":"https:\/\/www.europesays.com\/de\/wp-json\/wp\/v2\/posts"}],"about":[{"href":"https:\/\/www.europesays.com\/de\/wp-json\/wp\/v2\/types\/post"}],"author":[{"embeddable":true,"href":"https:\/\/www.europesays.com\/de\/wp-json\/wp\/v2\/users\/2"}],"replies":[{"embeddable":true,"href":"https:\/\/www.europesays.com\/de\/wp-json\/wp\/v2\/comments?post=699969"}],"version-history":[{"count":0,"href":"https:\/\/www.europesays.com\/de\/wp-json\/wp\/v2\/posts\/699969\/revisions"}],"wp:featuredmedia":[{"embeddable":true,"href":"https:\/\/www.europesays.com\/de\/wp-json\/wp\/v2\/media\/699970"}],"wp:attachment":[{"href":"https:\/\/www.europesays.com\/de\/wp-json\/wp\/v2\/media?parent=699969"}],"wp:term":[{"taxonomy":"category","embeddable":true,"href":"https:\/\/www.europesays.com\/de\/wp-json\/wp\/v2\/categories?post=699969"},{"taxonomy":"post_tag","embeddable":true,"href":"https:\/\/www.europesays.com\/de\/wp-json\/wp\/v2\/tags?post=699969"}],"curies":[{"name":"wp","href":"https:\/\/api.w.org\/{rel}","templated":true}]}}