{"id":700194,"date":"2026-01-07T13:47:11","date_gmt":"2026-01-07T13:47:11","guid":{"rendered":"https:\/\/www.europesays.com\/de\/700194\/"},"modified":"2026-01-07T13:47:11","modified_gmt":"2026-01-07T13:47:11","slug":"billie-eilish-pop-superstar-zeigt-ploetzlich-ihr-mega-dekollete","status":"publish","type":"post","link":"https:\/\/www.europesays.com\/de\/700194\/","title":{"rendered":"Billie Eilish: Pop-Superstar zeigt pl\u00f6tzlich ihr Mega-Dekollet\u00e9"},"content":{"rendered":"<p class=\"dm-paragraph my-8 dm-article-content-width\" index=\"0\" should-collapse-on-mobile=\"true\" has-padding=\"\" data-v-586984a4=\"\">Lange Zeit war <a href=\"https:\/\/www.express.de\/koeln\/billie-eilish-in-koeln-konzert-spektakel-mit-magischem-moment-1034051\" target=\"_blank\" rel=\"noopener\">Billie Eilish<\/a> (24) das Gesicht der \u201eBaggy-Fashion\u201c. Weite Hoodies, XXL-Hosen und blo\u00df keine Haut zeigen \u2013 das war ihr Markenzeichen. Doch damit scheint jetzt endg\u00fcltig Schluss zu sein. Mit ihrem ersten Social-Media-Post im Jahr 2026 hat die S\u00e4ngerin jetzt eine Welle ausgel\u00f6st, die das Netz f\u00f6rmlich zum Beben bringt.<\/p>\n<p class=\"dm-paragraph my-8 dm-article-content-width\" index=\"1\" should-collapse-on-mobile=\"true\" has-padding=\"\" data-v-586984a4=\"\">Ein einfaches \u201eHey\u201c reichte aus. Mehr schrieb die \u201eBirds of a Feather\u201c-S\u00e4ngerin nicht unter ihr neuestes Selfie auf Instagram. Doch der Text war den Fans am Dienstag (6. Januar 2026) v\u00f6llig egal. Der Blickfang: Ein tief ausgeschnittenes, schwarzes Top mit wei\u00dfen Polka-Dots (P\u00fcnktchen), das mehr Einblicke gew\u00e4hrt, als man es von der mehrfachen Grammy-Gewinnerin bisher gewohnt war.<\/p>\n<p>Fans flippen v\u00f6llig aus: \u201eGott vergib mir!\u201c<\/p>\n<p class=\"dm-paragraph my-8 dm-article-content-width\" index=\"3\" should-collapse-on-mobile=\"true\" has-padding=\"\" data-v-586984a4=\"\">Innerhalb von nur vier Stunden sammelte der Schnappschuss \u00fcber 3,5 Millionen Likes. In den Tausenden Kommentaren herrscht absolute Ekstase. Ein m\u00e4nnlicher Fan ging sogar so weit, zu schreiben: \u201eGott vergib mir, aber ich w\u00fcrde meine Seele verkaufen, um nur eine Nacht auf ihrem Busen schlafen zu d\u00fcrfen.\u201c<\/p>\n<p class=\"dm-paragraph my-8 dm-article-content-width\" index=\"4\" should-collapse-on-mobile=\"true\" has-padding=\"\" data-v-586984a4=\"\">Was die Community besonders feiert, ist Billies neues Selbstbewusstsein. Lange k\u00e4mpfte die S\u00e4ngerin \u00f6ffentlich mit ihrem K\u00f6rperbild, versteckte ihre Kurven unter Stoffmassen, um nicht sexualisiert zu werden. Doch der Look vom 6. Januar zeigt eine Billie Eilish, die sich in ihrer Haut sichtlich wohlf\u00fchlt.<\/p>\n<p class=\"dm-paragraph my-8 dm-article-content-width\" index=\"6\" should-collapse-on-mobile=\"true\" has-padding=\"\" data-v-586984a4=\"\">Schon kurz vor dem Jahreswechsel deutete sich dieser Stil-Wandel an, als sie sich im knappen Bikini und mit sichtbarem Tattoo unter der Brust zeigte. Experten und Fans sind sich einig: Billie l\u00e4utet eine neue \u00c4ra ein.<\/p>\n<p class=\"dm-paragraph my-8 dm-article-content-width\" index=\"7\" should-collapse-on-mobile=\"true\" has-padding=\"\" data-v-586984a4=\"\"><a href=\"https:\/\/www.express.de\/koeln\/zweiter-konzert-abend-in-koeln-billie-eilish-mit-zwei-ueberraschungen-1035181\" target=\"_blank\" rel=\"noopener\">Billie Eilish<\/a> feierte 2015 mit der Single \u201eOcean Eyes\u201c ihren Durchbruch auf SoundCloud und entwickelte sich innerhalb weniger Jahre zum globalen Superstar der Gen Z. Seit ihrem Deb\u00fctalbum \u201eWhen We All Fall Asleep, Where Do We Go?\u201c aus dem Jahr 2019 pr\u00e4gt sie mit ihrem melancholischen Sound und einem Stil zwischen Baggy-Fashion und modernem Glamour die Popkultur. (jag)<\/p>\n","protected":false},"excerpt":{"rendered":"Lange Zeit war Billie Eilish (24) das Gesicht der \u201eBaggy-Fashion\u201c. Weite Hoodies, XXL-Hosen und blo\u00df keine Haut zeigen&hellip;\n","protected":false},"author":2,"featured_media":700195,"comment_status":"","ping_status":"","sticky":false,"template":"","format":"standard","meta":{"footnotes":""},"categories":[1772],"tags":[29,214,30,1779,810,215],"class_list":{"0":"post-700194","1":"post","2":"type-post","3":"status-publish","4":"format-standard","5":"has-post-thumbnail","7":"category-musik","8":"tag-deutschland","9":"tag-entertainment","10":"tag-germany","11":"tag-music","12":"tag-musik","13":"tag-unterhaltung"},"share_on_mastodon":{"url":"https:\/\/pubeurope.com\/@de\/115854130803331095","error":""},"_links":{"self":[{"href":"https:\/\/www.europesays.com\/de\/wp-json\/wp\/v2\/posts\/700194","targetHints":{"allow":["GET"]}}],"collection":[{"href":"https:\/\/www.europesays.com\/de\/wp-json\/wp\/v2\/posts"}],"about":[{"href":"https:\/\/www.europesays.com\/de\/wp-json\/wp\/v2\/types\/post"}],"author":[{"embeddable":true,"href":"https:\/\/www.europesays.com\/de\/wp-json\/wp\/v2\/users\/2"}],"replies":[{"embeddable":true,"href":"https:\/\/www.europesays.com\/de\/wp-json\/wp\/v2\/comments?post=700194"}],"version-history":[{"count":0,"href":"https:\/\/www.europesays.com\/de\/wp-json\/wp\/v2\/posts\/700194\/revisions"}],"wp:featuredmedia":[{"embeddable":true,"href":"https:\/\/www.europesays.com\/de\/wp-json\/wp\/v2\/media\/700195"}],"wp:attachment":[{"href":"https:\/\/www.europesays.com\/de\/wp-json\/wp\/v2\/media?parent=700194"}],"wp:term":[{"taxonomy":"category","embeddable":true,"href":"https:\/\/www.europesays.com\/de\/wp-json\/wp\/v2\/categories?post=700194"},{"taxonomy":"post_tag","embeddable":true,"href":"https:\/\/www.europesays.com\/de\/wp-json\/wp\/v2\/tags?post=700194"}],"curies":[{"name":"wp","href":"https:\/\/api.w.org\/{rel}","templated":true}]}}