{"id":700426,"date":"2026-01-07T15:52:12","date_gmt":"2026-01-07T15:52:12","guid":{"rendered":"https:\/\/www.europesays.com\/de\/700426\/"},"modified":"2026-01-07T15:52:12","modified_gmt":"2026-01-07T15:52:12","slug":"stadt-warnt-vor-unsicheren-eisflaechen","status":"publish","type":"post","link":"https:\/\/www.europesays.com\/de\/700426\/","title":{"rendered":"Stadt warnt vor unsicheren Eisfl\u00e4chen"},"content":{"rendered":"<p>Gefahr auf dem Eis <\/p>\n<p>Eislaufen in N\u00fcrnberg: Stadt mit Warnung<\/p>\n<p>07.01.2026 &#8211; 15:25 UhrLesedauer: 1 Min.<\/p>\n<p><a href=\"#focus-0\" class=\"transition-colors duration-200 block text-current relative\" data-sctrack=\"FocusGalleryImage.Reference\"><img fetchpriority=\"high\" data-testid=\"Opener.Image\" style=\"--lqipURL:url('https:\/\/images.t-online.de\/2024\/10\/1uEFwc60jqfQ\/0x164:3500x1969\/fit-in\/150x0\/filters:blur(25)\/ein-paar-eiskunst-schlittschuhe-liegen-auf-dem-eis.jpg')\"   loading=\"eager\" src=\"https:\/\/www.europesays.com\/de\/wp-content\/uploads\/2026\/01\/ein-paar-eiskunst-schlittschuhe-liegen-auf-dem-eis.jpg\" alt=\"Ein Paar Eiskunst-Schlittschuhe liegen auf dem Eis.\" title=\"Ein Paar Eiskunst-Schlittschuhe liegen auf dem Eis.\" width=\"3500\" height=\"1969\" class=\"bg-[url:var(--lqipURL)] bg-cover bg-center flex h-full w-full max-w-full\" decoding=\"async\"\/><img style=\"--width:32;--height:32\" loading=\"lazy\" src=\"https:\/\/nuernberg.t-online.de\/s\/paper\/_next\/static\/media\/zoom-in.f7dae02f.svg\" alt=\"Vergr\u00f6\u00dfern des Bildes\" title=\"Vergr\u00f6\u00dfern des Bildes\" class=\"block h-[calc(var(--height)_\/_16_*_1rem)] w-[calc(var(--width)_\/_16_*_1rem)] max-w-none absolute bottom-8 right-8 rounded-4 bg-snow p-8\" decoding=\"async\"\/><\/a><\/p>\n<p>Schlittschuhe liegen auf dem Eis (Archivbild): Wintersportler m\u00fcssen sich noch gedulden. (Quelle: EIBNER\/EXPA\/Stefanie Oberhauser)<\/p>\n<p class=\"font-bold text-18 leading-17\">Die Stadt N\u00fcrnberg warnt vor dem Betreten der Eisfl\u00e4chen. Trotz K\u00e4lte sind sie nicht freigegeben.<\/p>\n<p class=\"text-18 leading-17\">Es ist kalt in N\u00fcrnberg, doch die Eisfl\u00e4chen in der Stadt sind noch nicht zum Schlittschuhlaufen freigegeben. Dies teilte die Stadtverwaltung in einer Pressemitteilung mit.<\/p>\n<p class=\"text-18 leading-17\">Die Stabilit\u00e4t der Eisfl\u00e4chen ist unsicher, was zu St\u00fcrzen oder Einbr\u00fcchen f\u00fchren k\u00f6nnte. Ein sicheres Betreten sei, trotz der tiefen Temperaturen, bislang nicht m\u00f6glich. Ernsthafte Verletzungen drohten, hei\u00dft es in der Mitteilung weiter. Generell erfolge das Betreten nur auf eigene Gefahr.<\/p>\n<p class=\"text-18 leading-17\">Die Stadt will laut Mitteilung die \u00d6ffentlichkeit informieren, sobald die Eisfl\u00e4chen sicher sind. Aktuelle Informationen zu Freigaben und Sperrungen finden B\u00fcrger auf der <a rel=\"nofollow noopener\" target=\"_blank\" class=\"transition-colors duration-200 cursor-pointer text-inherit no-underline text-salemsfur md:hover:text-magenta md:hover:border-magenta md:focus:text-magenta border-current border-b border-solid break-words\" href=\"https:\/\/www.nuernberg.de\/internet\/sportservice_nbg\/wintersport.html#_0_3\" data-sctrack=\"BodyAnchor\">Webseite des SportService N\u00fcrnberg<\/a>.<\/p>\n","protected":false},"excerpt":{"rendered":"Gefahr auf dem Eis Eislaufen in N\u00fcrnberg: Stadt mit Warnung 07.01.2026 &#8211; 15:25 UhrLesedauer: 1 Min. Schlittschuhe liegen&hellip;\n","protected":false},"author":2,"featured_media":700427,"comment_status":"","ping_status":"","sticky":false,"template":"","format":"standard","meta":{"footnotes":"","_share_on_mastodon":"0"},"categories":[1837],"tags":[722,17161,772,3364,29,29141,30,25802,3783,126041],"class_list":["post-700426","post","type-post","status-publish","format-standard","has-post-thumbnail","category-nuernberg","tag-722","tag-17161","tag-bayern","tag-de","tag-deutschland","tag-eisflaeche","tag-germany","tag-kaelte","tag-nuernberg","tag-schlittschuh"],"share_on_mastodon":{"url":"https:\/\/pubeurope.com\/@de\/115854622614605233","error":""},"_links":{"self":[{"href":"https:\/\/www.europesays.com\/de\/wp-json\/wp\/v2\/posts\/700426","targetHints":{"allow":["GET"]}}],"collection":[{"href":"https:\/\/www.europesays.com\/de\/wp-json\/wp\/v2\/posts"}],"about":[{"href":"https:\/\/www.europesays.com\/de\/wp-json\/wp\/v2\/types\/post"}],"author":[{"embeddable":true,"href":"https:\/\/www.europesays.com\/de\/wp-json\/wp\/v2\/users\/2"}],"replies":[{"embeddable":true,"href":"https:\/\/www.europesays.com\/de\/wp-json\/wp\/v2\/comments?post=700426"}],"version-history":[{"count":0,"href":"https:\/\/www.europesays.com\/de\/wp-json\/wp\/v2\/posts\/700426\/revisions"}],"wp:featuredmedia":[{"embeddable":true,"href":"https:\/\/www.europesays.com\/de\/wp-json\/wp\/v2\/media\/700427"}],"wp:attachment":[{"href":"https:\/\/www.europesays.com\/de\/wp-json\/wp\/v2\/media?parent=700426"}],"wp:term":[{"taxonomy":"category","embeddable":true,"href":"https:\/\/www.europesays.com\/de\/wp-json\/wp\/v2\/categories?post=700426"},{"taxonomy":"post_tag","embeddable":true,"href":"https:\/\/www.europesays.com\/de\/wp-json\/wp\/v2\/tags?post=700426"}],"curies":[{"name":"wp","href":"https:\/\/api.w.org\/{rel}","templated":true}]}}