{"id":700821,"date":"2026-01-07T19:24:13","date_gmt":"2026-01-07T19:24:13","guid":{"rendered":"https:\/\/www.europesays.com\/de\/700821\/"},"modified":"2026-01-07T19:24:13","modified_gmt":"2026-01-07T19:24:13","slug":"moenchengladbach-juwelier-wehrt-sich-bei-ueberfall","status":"publish","type":"post","link":"https:\/\/www.europesays.com\/de\/700821\/","title":{"rendered":"M\u00f6nchengladbach: Juwelier wehrt sich bei \u00dcberfall"},"content":{"rendered":"<p>Angeklagte in Angst vor Hinterm\u00e4nnernJuwelier wehrt sich bei \u00dcberfall &#8211; Prozessauftakt nach Raub7. Januar 2026 um 18:49 Uhr<\/p>\n<p>von <strong>Rogatus Skanta<\/strong><\/p>\n<p class=\"AnnotatedMarkup_paragraph__IUT9l\">Mit seinem entschlossenen Widerstand \u00fcberraschte er die T\u00e4ter. Am Mittwoch (07.01.) sa\u00df der Inhaber des Juweliergesch\u00e4fts als Nebenkl\u00e4ger im Landgericht M\u00f6nchengladbach \u2013 knapp f\u00fcnf Monate nach dem brutalen \u00dcberfall auf seinen Laden.<\/p>\n<p class=\"AnnotatedMarkup_paragraph__IUT9l\">Er hatte sich im August mit aller Kraft zur Wehr gesetzt, als Bewaffnete mit einem Sturmgewehr seinen Laden \u00fcberfielen. Die drei T\u00e4ter gaben den Raub beim Prozessauftakt zu. Weil der syrische Ladeninhaber kein flie\u00dfendes Deutsch spricht, sprach sein Anwalt Markus Kluck \u00fcber die anhaltenden Folgen: \u201eEr ist noch in Behandlung. Er hat immer noch Albtr\u00e4ume, wacht nachts auf, weil es halt kein allt\u00e4glicher \u00dcberfall gewesen ist.\u201c<\/p>\n<p>Brutaler Raub am Mittag<\/p>\n<p class=\"AnnotatedMarkup_paragraph__IUT9l\">Samstagmittag, Anfang August, Innenstadt von M\u00f6nchengladbach: Die drei Niederl\u00e4nder st\u00fcrmen in dunkler Kleidung und Helmen den Juwelier &#8211; ausger\u00fcstet mit einer geladenen Kalaschnikow-Nachbildung sowie einem Taser. Es entstand ein wildes Handgemenge mit dem Juwelier und seinen Mitarbeitern. Sogar ein Schuss l\u00f6ste sich und traf die Decke. Nach wenigen Minuten traf die Polizei ein und nahm die Angreifer fest. Die Beute wurde sichergestellt.<\/p>\n<p>Gest\u00e4ndnisse ohne Aufkl\u00e4rung<\/p>\n<p class=\"AnnotatedMarkup_paragraph__IUT9l\">Vor Gericht r\u00e4umten die Angeklagten die Tat ein, schwiegen aber zu m\u00f6glichen Hinterm\u00e4nnern \u2013 aus Furcht vor Rache, wie ein Anwalt berichtete. Die drei Niederl\u00e4nder deuteten zudem einen vierten Mitt\u00e4ter an, von dem die Polizei auch wei\u00df. Die Ermittlungen gehen weiter. Die Angeklagten m\u00fcssen mit einer Freiheitsstrafe von mindestens f\u00fcnf Jahren rechnen. Die Urteile sollen Anfang Februar fallen.<\/p>\n","protected":false},"excerpt":{"rendered":"Angeklagte in Angst vor Hinterm\u00e4nnernJuwelier wehrt sich bei \u00dcberfall &#8211; Prozessauftakt nach Raub7. Januar 2026 um 18:49 Uhr&hellip;\n","protected":false},"author":2,"featured_media":700822,"comment_status":"","ping_status":"","sticky":false,"template":"","format":"standard","meta":{"footnotes":""},"categories":[1849],"tags":[3364,29,548,663,3934,2690,30,13,1015,1584,4933,4455,14,5827,15,5828,1209,1269,5830,5829,5825,5826,5824,55793,12],"class_list":{"0":"post-700821","1":"post","2":"type-post","3":"status-publish","4":"format-standard","5":"has-post-thumbnail","7":"category-moenchengladbach","8":"tag-de","9":"tag-deutschland","10":"tag-eu","11":"tag-europa","12":"tag-europe","13":"tag-gericht","14":"tag-germany","15":"tag-headlines","16":"tag-justiz","17":"tag-kriminalitaet","18":"tag-landgericht","19":"tag-moenchengladbach","20":"tag-nachrichten","21":"tag-nachrichten-nrw","22":"tag-news","23":"tag-news-nrw","24":"tag-nordrhein-westfalen","25":"tag-prozess","26":"tag-regionale-nachrichten-nrw","27":"tag-rtl-nachrichten-nrw","28":"tag-rtl-nrw","29":"tag-rtl-regional","30":"tag-rtl-west","31":"tag-rtl-west-archiv","32":"tag-schlagzeilen"},"share_on_mastodon":{"url":"https:\/\/pubeurope.com\/@de\/115855456065300309","error":""},"_links":{"self":[{"href":"https:\/\/www.europesays.com\/de\/wp-json\/wp\/v2\/posts\/700821","targetHints":{"allow":["GET"]}}],"collection":[{"href":"https:\/\/www.europesays.com\/de\/wp-json\/wp\/v2\/posts"}],"about":[{"href":"https:\/\/www.europesays.com\/de\/wp-json\/wp\/v2\/types\/post"}],"author":[{"embeddable":true,"href":"https:\/\/www.europesays.com\/de\/wp-json\/wp\/v2\/users\/2"}],"replies":[{"embeddable":true,"href":"https:\/\/www.europesays.com\/de\/wp-json\/wp\/v2\/comments?post=700821"}],"version-history":[{"count":0,"href":"https:\/\/www.europesays.com\/de\/wp-json\/wp\/v2\/posts\/700821\/revisions"}],"wp:featuredmedia":[{"embeddable":true,"href":"https:\/\/www.europesays.com\/de\/wp-json\/wp\/v2\/media\/700822"}],"wp:attachment":[{"href":"https:\/\/www.europesays.com\/de\/wp-json\/wp\/v2\/media?parent=700821"}],"wp:term":[{"taxonomy":"category","embeddable":true,"href":"https:\/\/www.europesays.com\/de\/wp-json\/wp\/v2\/categories?post=700821"},{"taxonomy":"post_tag","embeddable":true,"href":"https:\/\/www.europesays.com\/de\/wp-json\/wp\/v2\/tags?post=700821"}],"curies":[{"name":"wp","href":"https:\/\/api.w.org\/{rel}","templated":true}]}}