{"id":700909,"date":"2026-01-07T20:14:14","date_gmt":"2026-01-07T20:14:14","guid":{"rendered":"https:\/\/www.europesays.com\/de\/700909\/"},"modified":"2026-01-07T20:14:14","modified_gmt":"2026-01-07T20:14:14","slug":"u2-faehrt-wochenlang-nur-bis-nieder-eschbach","status":"publish","type":"post","link":"https:\/\/www.europesays.com\/de\/700909\/","title":{"rendered":"U2 f\u00e4hrt wochenlang nur bis Nieder-Eschbach"},"content":{"rendered":"<p>Bauarbeiten am Stadtrand <\/p>\n<p>Wochenlange Einschr\u00e4nkungen auf Frankfurter U-Bahnlinie<\/p>\n<p>07.01.2026 &#8211; 19:00 UhrLesedauer: 2 Min.<\/p>\n<p><a href=\"#focus-0\" class=\"transition-colors duration-200 block text-current relative\" data-sctrack=\"FocusGalleryImage.Reference\"><img fetchpriority=\"high\" data-testid=\"Opener.Image\" style=\"--lqipURL:url('https:\/\/images.t-online.de\/2024\/07\/H9ToFAkg5wcv\/0x206:4000x2250\/fit-in\/150x0\/filters:blur(25)\/u-bahn-station-in-frankfurt-am-main-archivfoto-bald-kommt-es-auf-der-wichtigsten-strecke-der-stadt-zu-einer-langen-sperrung.jpg')\"   loading=\"eager\" src=\"https:\/\/www.europesays.com\/de\/wp-content\/uploads\/2026\/01\/u-bahn-station-in-frankfurt-am-main-archivfoto-bald-kommt-es-auf-der-wichtigsten-strecke-der-stadt-z.jpeg\" alt=\"U-Bahn-Station in Frankfurt am Main (Archivfoto): Bald kommt es auf der wichtigsten Strecke der Stadt zu einer langen Sperrung.\" title=\"U-Bahn-Station in Frankfurt am Main (Archivfoto): Bald kommt es auf der wichtigsten Strecke der Stadt zu einer langen Sperrung.\" width=\"4000\" height=\"2250\" class=\"bg-[url:var(--lqipURL)] bg-cover bg-center flex h-full w-full max-w-full\" decoding=\"async\"\/><img style=\"--width:32;--height:32\" loading=\"lazy\" src=\"https:\/\/frankfurt.t-online.de\/s\/paper\/_next\/static\/media\/zoom-in.f7dae02f.svg\" alt=\"Vergr\u00f6\u00dfern des Bildes\" title=\"Vergr\u00f6\u00dfern des Bildes\" class=\"block h-[calc(var(--height)_\/_16_*_1rem)] w-[calc(var(--width)_\/_16_*_1rem)] max-w-none absolute bottom-8 right-8 rounded-4 bg-snow p-8\" decoding=\"async\"\/><\/a><\/p>\n<p>U-Bahn-Station in Frankfurt am Main (Archivfoto): Auf einer Linie kommt es ab kommender Woche zu Einschr\u00e4nkungen. (Quelle: IMAGO\/Heike Lyding\/imago)<\/p>\n<p class=\"font-bold text-18 leading-17\">Fahrg\u00e4ste der U2 m\u00fcssen sich im Norden Frankfurts auf \u00c4nderungen einstellen. Es geht um Vorarbeiten f\u00fcr ein gr\u00f6\u00dferes Projekt.<\/p>\n<p class=\"text-18 leading-17\">Die U-Bahn-Linie U2 in Frankfurt wird f\u00fcr mehrere Wochen verk\u00fcrzt. Von Montag, 12. Januar, gegen 2 Uhr, bis Montag, 2. M\u00e4rz, gegen 3 Uhr, f\u00e4hrt die Linie nur zwischen S\u00fcdbahnhof und Nieder-Eschbach. Das teilten die Verkehrsgesellschaft Frankfurt (VGF) und die st\u00e4dtische Nahverkehrsgesellschaft traffiQ mit.<\/p>\n<p class=\"text-18 leading-17\">Hintergrund sind Bauarbeiten in Ober-Eschbach. Dort werden vier neue Weichen eingebaut. Sie gelten als Vorabma\u00dfnahme f\u00fcr die <a class=\"transition-colors duration-200 cursor-pointer text-inherit no-underline text-salemsfur md:hover:text-magenta md:hover:border-magenta md:focus:text-magenta border-current border-b border-solid break-words\" href=\"https:\/\/frankfurt.t-online.de\/region\/frankfurt-am-main\/id_101037524\/u-bahn-verlaengerung-u2-verbindet-bald-bad-homburg-direkt-mit-frankfurt.html\" data-sctrack=\"BodyAnchor\" target=\"_blank\" rel=\"noopener\">geplante Verl\u00e4ngerung der U2 in Richtung Bad Homburg.<\/a> W\u00e4hrend der Arbeiten kann die Linie nicht wie gewohnt bis Bad Homburg Gonzenheim verkehren.<\/p>\n<p class=\"text-18 leading-17\">Zwischen Nieder-Eschbach und Gonzenheim wird in dem Zeitraum ein Schienenersatzverkehr mit Bussen eingerichtet. Fahrg\u00e4ste m\u00fcssen dadurch mit l\u00e4ngeren Fahrzeiten rechnen. Die VGF und traffiQ raten, mehr Zeit einzuplanen und sich vor Fahrtantritt \u00fcber aktuelle Verbindungen zu informieren.<\/p>\n<p class=\"text-18 leading-17\">Die Bauarbeiten sind Teil eines gr\u00f6\u00dferen Projekts. In Bad Homburg haben die Arbeiten f\u00fcr die Verl\u00e4ngerung der U2 bereits begonnen. Die rund 1,6 Kilometer lange Strecke soll k\u00fcnftig eine direkte U-Bahn-Verbindung vom Frankfurter Stadtgebiet bis zum Bahnhof Bad Homburg erm\u00f6glichen. Geplant ist auch ein neuer unterirdischer Haltepunkt im Bereich Gonzenheim.<\/p>\n<p class=\"text-18 leading-17\">Nach Angaben der Projektverantwortlichen sollen die Bauarbeiten insgesamt rund vier Jahre dauern. Ziel ist eine bessere Anbindung der Kurstadt an die Frankfurter Innenstadt. Mit dem Ausbau sind jedoch \u00fcber einen l\u00e4ngeren Zeitraum auch Verkehrsbehinderungen verbunden.<\/p>\n<p class=\"text-18 leading-17\">Informationen zu Fahrpl\u00e4nen und Verbindungen erhalten Fahrg\u00e4ste \u00fcber die RMV-App, auf rmv.de sowie am RMV-Servicetelefon unter der Rufnummer 069\/24248024, das rund um die Uhr erreichbar ist. Weitere Details zum Ausbauprojekt stellt die Stadt Bad Homburg online zur Verf\u00fcgung.<\/p>\n","protected":false},"excerpt":{"rendered":"Bauarbeiten am Stadtrand Wochenlange Einschr\u00e4nkungen auf Frankfurter U-Bahnlinie 07.01.2026 &#8211; 19:00 UhrLesedauer: 2 Min. U-Bahn-Station in Frankfurt am&hellip;\n","protected":false},"author":2,"featured_media":700910,"comment_status":"","ping_status":"","sticky":false,"template":"","format":"standard","meta":{"footnotes":""},"categories":[1829],"tags":[3092,749,9127,29,2785,43060,2050,2051,30,2052,4516,113533],"class_list":{"0":"post-700909","1":"post","2":"type-post","3":"status-publish","4":"format-standard","5":"has-post-thumbnail","7":"category-frankfurt-am-main","8":"tag-3092","9":"tag-archivfoto","10":"tag-bad-homburg","11":"tag-deutschland","12":"tag-einschraenkung","13":"tag-eschbach","14":"tag-frankfurt","15":"tag-frankfurt-am-main","16":"tag-germany","17":"tag-hessen","18":"tag-stadtrand","19":"tag-vorarbeit"},"share_on_mastodon":{"url":"https:\/\/pubeurope.com\/@de\/115855652716635013","error":""},"_links":{"self":[{"href":"https:\/\/www.europesays.com\/de\/wp-json\/wp\/v2\/posts\/700909","targetHints":{"allow":["GET"]}}],"collection":[{"href":"https:\/\/www.europesays.com\/de\/wp-json\/wp\/v2\/posts"}],"about":[{"href":"https:\/\/www.europesays.com\/de\/wp-json\/wp\/v2\/types\/post"}],"author":[{"embeddable":true,"href":"https:\/\/www.europesays.com\/de\/wp-json\/wp\/v2\/users\/2"}],"replies":[{"embeddable":true,"href":"https:\/\/www.europesays.com\/de\/wp-json\/wp\/v2\/comments?post=700909"}],"version-history":[{"count":0,"href":"https:\/\/www.europesays.com\/de\/wp-json\/wp\/v2\/posts\/700909\/revisions"}],"wp:featuredmedia":[{"embeddable":true,"href":"https:\/\/www.europesays.com\/de\/wp-json\/wp\/v2\/media\/700910"}],"wp:attachment":[{"href":"https:\/\/www.europesays.com\/de\/wp-json\/wp\/v2\/media?parent=700909"}],"wp:term":[{"taxonomy":"category","embeddable":true,"href":"https:\/\/www.europesays.com\/de\/wp-json\/wp\/v2\/categories?post=700909"},{"taxonomy":"post_tag","embeddable":true,"href":"https:\/\/www.europesays.com\/de\/wp-json\/wp\/v2\/tags?post=700909"}],"curies":[{"name":"wp","href":"https:\/\/api.w.org\/{rel}","templated":true}]}}