{"id":701297,"date":"2026-01-07T23:54:10","date_gmt":"2026-01-07T23:54:10","guid":{"rendered":"https:\/\/www.europesays.com\/de\/701297\/"},"modified":"2026-01-07T23:54:10","modified_gmt":"2026-01-07T23:54:10","slug":"zahl-der-fluechtlinge-in-der-europaeischen-union-gestiegen","status":"publish","type":"post","link":"https:\/\/www.europesays.com\/de\/701297\/","title":{"rendered":"Zahl der Fl\u00fcchtlinge in der Europ\u00e4ischen Union gestiegen"},"content":{"rendered":"<p class=\"expressive-copy-lg-body\">Zwischen Januar und Oktober 2025 haben etwas mehr als 76.000 Staatsangeh\u00f6rige aus Venezuela einen Antrag auf Schutz in der Europ\u00e4ischen Union gestellt. Die allermeisten von ihnen in Spanien. Das geht aus einer Antwort der <a href=\"https:\/\/www.euaa.europa.eu\/de\" target=\"_blank\" rel=\"noopener\">EU-Asylbeh\u00f6rde EUAA<\/a> auf Nachfrage dieser Redaktion hervor. Damit lag die Zahl der Schutzsuchenden aus Venezuela in der EU schon in den ersten zehn Monaten des vergangenen Jahres \u00fcber der Gesamtzahl von 2024 (rund 74.000). Ende Februar sollen laut EUAA die Asylzahlen f\u00fcr das ganze Jahr 2025 vorliegen.<\/p>\n<p>   Hauptstadt Inside von J\u00f6rg Quoos, Chefredakteur der FUNKE Zentralredaktion<\/p>\n<p class=\"text-body2 mt-2\">Hinter den Kulissen der Politik &#8211; meinungsstark, exklusiv, relevant.<\/p>\n<p class=\"text-caption text-copy-secondary\">\n          Mit meiner Anmeldung zum Newsletter stimme ich der<br \/>\n          <a href=\"https:\/\/www.morgenpost.de\/service\/newsletter-adconsent\" class=\"text-overline text-copy-accent-negative dark:underline\" target=\"_blank\" rel=\"noopener\">Werbevereinbarung<\/a><br \/>\n          zu.\n        <\/p>\n<p class=\"expressive-copy-lg-body\">Die EU-Beh\u00f6rde geht nach Angaben eines Sprechers davon aus, dass Venezolaner in den 27 EU-Staaten sowie Norwegen und Schweiz \u201eentweder die gr\u00f6\u00dfte oder die zweitgr\u00f6\u00dfte Bev\u00f6lkerungsgruppe\u201c sein werden, die Schutz in Europa sucht, sobald die Daten f\u00fcr 2025 vollst\u00e4ndig sind. <\/p>\n<p>\n      Trump: Venezuela wird den USA \u00d6l liefern<\/p>\n<p>  EU verzeichnet mehr Fl\u00fcchtlinge aus Venezuela \u2013 Asylantrag meist aussichtslos<\/p>\n<p class=\"expressive-copy-lg-body\">Zugleich ist die Anerkennung von Asyl bei venezolanischen Staatsangeh\u00f6rigen in der EU sehr gering. Zwischen Januar und Oktober 2025 f\u00fchrten laut EUAA monatlich nur ein Prozent der Schutzantr\u00e4ge zu einem internationalen Fl\u00fcchtlingsschutz und ein Prozent zu einer Entscheidung \u00fcber subsidi\u00e4ren Schutz. Auch das Bundesamt f\u00fcr Migration und Fl\u00fcchtlinge (Bamf) in Deutschland lehnt fast alle Asylantr\u00e4ge von Menschen aus Venezuela ab. <\/p>\n<p class=\"expressive-copy-lg-body\">Vor allem Spanien erteilt venezolanischen Gefl\u00fcchteten jedoch oftmals einen humanit\u00e4ren Aufenthaltsstatus nach nationalem Recht. Mit diesem Schutztitel kann ein Gro\u00dfteil der Asylsuchenden aus Venezuela in Europa bleiben. <\/p>\n<p class=\"expressive-copy-lg-body\"><strong>Interview-Serie zu 10 Jahre Merkels \u201eWir schaffen das\u201c<\/strong><\/p>\n<p class=\"expressive-copy-lg-body\">Die EU-Asylbeh\u00f6rde EUAA beruft sich auf <a href=\"https:\/\/ec.europa.eu\/eurostat\" target=\"_blank\" rel=\"noopener\">Daten von Eurostat, dem Statistischen Amt der Europ\u00e4ischen Unio<\/a>n, sowie auf ein beh\u00f6rdeneigenes Auswertungssystem. Als Gr\u00fcnde f\u00fcr die stark gestiegenen Fl\u00fcchtlingszahlen der vergangenen Jahre aus dem lateinamerikanischen Land nennt EUAA die \u201ewirtschaftliche und politische Situation\u201c in Venezuela unter der Regierung von Diktator Nicol\u00e1s Maduro; in Verbindung mit der vergleichsweise niedrige Schwelle f\u00fcr eine Einreise in die EU, speziell nach Spanien. \u00dcber Auswirkung <a href=\"https:\/\/www.morgenpost.de\/politik\/article410857023\/maduro-entfuehrung-platzierten-trump-insider-wetten-auf-den-angriff.html\" data-category-full-path=\"https:\/\/www.morgenpost.de\/politik\/\" data-paid-status=\"free\" data-article-publish-date=\"1767673618\" target=\"_blank\" rel=\"noopener\">durch die Festnahme Maduros durch die USA<\/a> auf das Migrationsgeschehen in Europa trifft die EU-Asylbeh\u00f6rde keine Aussage. <\/p>\n","protected":false},"excerpt":{"rendered":"Zwischen Januar und Oktober 2025 haben etwas mehr als 76.000 Staatsangeh\u00f6rige aus Venezuela einen Antrag auf Schutz in&hellip;\n","protected":false},"author":2,"featured_media":701298,"comment_status":"","ping_status":"","sticky":false,"template":"","format":"standard","meta":{"footnotes":""},"categories":[3933],"tags":[331,332,548,663,158,3934,3935,13,14,15,12],"class_list":{"0":"post-701297","1":"post","2":"type-post","3":"status-publish","4":"format-standard","5":"has-post-thumbnail","7":"category-eu","8":"tag-aktuelle-nachrichten","9":"tag-aktuelle-news","10":"tag-eu","11":"tag-europa","12":"tag-europaeische-union","13":"tag-europe","14":"tag-european-union","15":"tag-headlines","16":"tag-nachrichten","17":"tag-news","18":"tag-schlagzeilen"},"share_on_mastodon":{"url":"https:\/\/pubeurope.com\/@de\/115856517586245117","error":""},"_links":{"self":[{"href":"https:\/\/www.europesays.com\/de\/wp-json\/wp\/v2\/posts\/701297","targetHints":{"allow":["GET"]}}],"collection":[{"href":"https:\/\/www.europesays.com\/de\/wp-json\/wp\/v2\/posts"}],"about":[{"href":"https:\/\/www.europesays.com\/de\/wp-json\/wp\/v2\/types\/post"}],"author":[{"embeddable":true,"href":"https:\/\/www.europesays.com\/de\/wp-json\/wp\/v2\/users\/2"}],"replies":[{"embeddable":true,"href":"https:\/\/www.europesays.com\/de\/wp-json\/wp\/v2\/comments?post=701297"}],"version-history":[{"count":0,"href":"https:\/\/www.europesays.com\/de\/wp-json\/wp\/v2\/posts\/701297\/revisions"}],"wp:featuredmedia":[{"embeddable":true,"href":"https:\/\/www.europesays.com\/de\/wp-json\/wp\/v2\/media\/701298"}],"wp:attachment":[{"href":"https:\/\/www.europesays.com\/de\/wp-json\/wp\/v2\/media?parent=701297"}],"wp:term":[{"taxonomy":"category","embeddable":true,"href":"https:\/\/www.europesays.com\/de\/wp-json\/wp\/v2\/categories?post=701297"},{"taxonomy":"post_tag","embeddable":true,"href":"https:\/\/www.europesays.com\/de\/wp-json\/wp\/v2\/tags?post=701297"}],"curies":[{"name":"wp","href":"https:\/\/api.w.org\/{rel}","templated":true}]}}