{"id":701813,"date":"2026-01-08T04:56:47","date_gmt":"2026-01-08T04:56:47","guid":{"rendered":"https:\/\/www.europesays.com\/de\/701813\/"},"modified":"2026-01-08T04:56:47","modified_gmt":"2026-01-08T04:56:47","slug":"gegen-elterntaxis-schulstrasse-in-preetz-eingerichtet","status":"publish","type":"post","link":"https:\/\/www.europesays.com\/de\/701813\/","title":{"rendered":"Gegen Elterntaxis: Schulstra\u00dfe in Preetz eingerichtet"},"content":{"rendered":"<p>        <img decoding=\"async\" src=\"https:\/\/www.europesays.com\/de\/wp-content\/uploads\/2026\/01\/preetz-104.webp.webp\" alt=\"Ein Verkehrsschild in Schulstra\u00dfe in Preetz.\" title=\"Ein Verkehrsschild in Schulstra\u00dfe in Preetz. | Stadt Preetz\" class=\"responsive\"\/><\/p>\n<p>AUDIO: F\u00fcr einen sicheren Schulweg: Schulstra\u00dfe in Preetz eingerichtet (1 Min)<\/p>\n<p>\n                Stand: 07.01.2026 09:22 Uhr<\/p>\n<p class=\"preface\">Eltern und Sch\u00fcler der Friedrich-Ebert-Schule in Preetz starten nach den Winterferien mit einer neuen Verkehrsregel: Wer sein Kind mit dem Auto bringt, darf zu bestimmten Zeiten nicht mehr direkt bis vor die Schule fahren.<\/p>\n<p class=\"textauthor\">von Hannah Freitag<\/p>\n<p class=\"\">Zweimal am Tag wird der Abschnitt des Lohm\u00fchlenwegs laut Stadt vor der Friedrich-Ebert-Schule in Preetz (<a href=\"https:\/\/www.ndr.de\/nachrichten\/schleswig-holstein\/Kreis-Ploen-Aktuelle-Nachrichten-und-Videos,ploen198.html\" title=\"Kreis Pl\u00f6n - Aktuelle Nachrichten und Videos\" target=\"_blank\" rel=\"noopener\">Kreis Pl\u00f6n<\/a>) f\u00fcr Autos gesperrt. Damit sollen Kinder zu Fu\u00df oder auf dem Rad sicherer zu Schule kommen. Das Verbot gilt morgens von 7:30 Uhr f\u00fcr 45 Minuten und mittags ab 11:45 Uhr f\u00fcr eine halbe Stunde. Entsprechende Schilder weisen auf das Fahrverbot hin. Anwohnende d\u00fcrfen nach Angaben der Stadt Preetz weiterhin einfahren, ebenso Fahrzeuge mit Ausnahmegenehmigung wie Pflegedienste. Am ersten Tag sind Polizeibeamte vor Ort, anschlie\u00dfend soll es stichprobenartig Kontrollen geben.<\/p>\n<p>    Erste Schulstra\u00dfe an Grundschule in Kiel-Mettenhof<\/p>\n<p class=\"\">Die Schulstra\u00dfe in Preetz ist die zweite in Schleswig-Holstein &#8211; <a href=\"https:\/\/www.ndr.de\/nachrichten\/schleswig-holstein\/elterntaxis-ade-erste-schulstrasse-in-schleswig-holstein,schulstrasse-104.html\" title=\"Elterntaxis ade: Erste Schulstra\u00dfe in Schleswig-Holstein\" target=\"_blank\" rel=\"noopener\">die erste wurde Ende September in Kiel-Mettenhof eingerichtet<\/a>. Dort wird der Skagenweg vor der Schule am Heidenberger Teich morgens und nachmittags f\u00fcr Autos gesperrt &#8211; neben Schildern auch mit einer Schranke. Die Stadt <a href=\"https:\/\/www.ndr.de\/nachrichten\/schleswig-holstein\/Kiel-Aktuelle-Nachrichten-News-und-Videos,kiel7262.html\" title=\"Kiel - Aktuelle Nachrichten und Videos\" target=\"_blank\" rel=\"noopener\">Kiel<\/a> zieht eine erste positive Zwischenbilanz. &#8222;Die Verkehrssituation ist auf jeden Fall besser als das, was wir vorher hatten&#8220;, sagt Henning Bergmann vom Tiefbauamt Kiel. Die Stadt beobachte weniger Autos und mehr Kinder, die alleine zur Schule kommen, so Bergmann im Gespr\u00e4ch mit NDR Schleswig-Holstein. Der Verkehr habe sich auf die breitere Stra\u00dfe vor dem Skagenweg verlagert.<\/p>\n<p>    Eltern kritisieren: Lerneffekt ist gleich null<\/p>\n<p class=\"\">Doch nicht alle sehen das so. Catharina Potreck, Elternbeiratsvorsitzende der Schule am Heidenberger Teich, sieht keine Verbesserung: &#8222;Sobald die Schranke nicht bedient wird, fahren viele Eltern trotzdem in die Stra\u00dfe hinein. Der Lerneffekt ist gleich null.&#8220; Au\u00dferdem h\u00e4tten sich nur wenige Eltern f\u00fcr die Schrankenkontrolle gemeldet. Deshalb sei die Schranke nicht immer besetzt. Derzeit wird gepr\u00fcft, ob die Schranke durch einen externen Dienstleister bedient werden kann. Eine Schulstra\u00dfe nur mit Schildern, ohne Schranke, ist aus Sicht von Catharina Potreck &#8222;direkt zum Scheitern verurteilt.&#8220;<\/p>\n<p>    Auswertung der Schulstra\u00dfen nach einem Jahr<\/p>\n<p class=\"\">Sowohl in Preetz als auch in Kiel handelt es sich um Pilotprojekte. Die Schulstra\u00dfen werden ein Jahr lang getestet und dann jeweils von den Kommunen ausgewertet. Dabei soll zum Beispiel laut der Stadt Preetz gepr\u00fcft werden, ob die Schulstra\u00dfen tats\u00e4chlich die Sicherheit der Schulkinder erh\u00f6hen &#8211; und ob sich Probleme wie Verkehrsverlagerung in andere Stra\u00dfen ergeben. Erst danach wird entschieden, ob die Schulstra\u00dfen dauerhaft umgesetzt werden.<\/p>\n<p>        <img decoding=\"async\" src=\"https:\/\/www.europesays.com\/de\/wp-content\/uploads\/2026\/01\/schranke-104.webp.webp\" alt=\"Eine Schranke \u00fcber eine Schulstra\u00dfe in Kiel Mettenhof.\" title=\"Eine Schranke \u00fcber eine Schulstra\u00dfe in Kiel Mettenhof. | Kai Peuckert\" class=\"responsive\" loading=\"lazy\"\/><\/p>\n<p>Damit soll es vor einer Grundschule in Kiel kein Verkehrschaos mehr geben. Zwei Mal am Tag wird die Stra\u00dfe gesperrt.<\/p>\n<p>        <img decoding=\"async\" src=\"https:\/\/www.europesays.com\/de\/wp-content\/uploads\/2026\/01\/screenshot-54722.webp.webp\" alt=\"Ein Mann macht eine Schranke an einer Schulstra\u00dfe in Kiel-Mettenhof auf.\" title=\"Ein Mann macht eine Schranke an einer Schulstra\u00dfe in Kiel-Mettenhof auf. | NDR\" class=\"responsive\" loading=\"lazy\"\/><\/p>\n<p>Zweimal am Tag ist der Skagenweg f\u00fcr Elterntaxis gesperrt. Sch\u00fcler sollen so sicher und eigenst\u00e4ndig zur Schule kommen.<\/p>\n","protected":false},"excerpt":{"rendered":"AUDIO: F\u00fcr einen sicheren Schulweg: Schulstra\u00dfe in Preetz eingerichtet (1 Min) Stand: 07.01.2026 09:22 Uhr Eltern und Sch\u00fcler&hellip;\n","protected":false},"author":2,"featured_media":701814,"comment_status":"","ping_status":"","sticky":false,"template":"","format":"standard","meta":{"footnotes":""},"categories":[1852],"tags":[3364,29,24679,548,663,3934,30,13,4949,47663,14,15,45335,12,1971,966,10855,601],"class_list":{"0":"post-701813","1":"post","2":"type-post","3":"status-publish","4":"format-standard","5":"has-post-thumbnail","7":"category-kiel","8":"tag-de","9":"tag-deutschland","10":"tag-elterntaxis","11":"tag-eu","12":"tag-europa","13":"tag-europe","14":"tag-germany","15":"tag-headlines","16":"tag-kiel","17":"tag-kreis-ploen","18":"tag-nachrichten","19":"tag-news","20":"tag-preetz","21":"tag-schlagzeilen","22":"tag-schleswig-holstein","23":"tag-schule","24":"tag-schulstrasse","25":"tag-verkehr"},"share_on_mastodon":{"url":"https:\/\/pubeurope.com\/@de\/115857709156470542","error":""},"_links":{"self":[{"href":"https:\/\/www.europesays.com\/de\/wp-json\/wp\/v2\/posts\/701813","targetHints":{"allow":["GET"]}}],"collection":[{"href":"https:\/\/www.europesays.com\/de\/wp-json\/wp\/v2\/posts"}],"about":[{"href":"https:\/\/www.europesays.com\/de\/wp-json\/wp\/v2\/types\/post"}],"author":[{"embeddable":true,"href":"https:\/\/www.europesays.com\/de\/wp-json\/wp\/v2\/users\/2"}],"replies":[{"embeddable":true,"href":"https:\/\/www.europesays.com\/de\/wp-json\/wp\/v2\/comments?post=701813"}],"version-history":[{"count":0,"href":"https:\/\/www.europesays.com\/de\/wp-json\/wp\/v2\/posts\/701813\/revisions"}],"wp:featuredmedia":[{"embeddable":true,"href":"https:\/\/www.europesays.com\/de\/wp-json\/wp\/v2\/media\/701814"}],"wp:attachment":[{"href":"https:\/\/www.europesays.com\/de\/wp-json\/wp\/v2\/media?parent=701813"}],"wp:term":[{"taxonomy":"category","embeddable":true,"href":"https:\/\/www.europesays.com\/de\/wp-json\/wp\/v2\/categories?post=701813"},{"taxonomy":"post_tag","embeddable":true,"href":"https:\/\/www.europesays.com\/de\/wp-json\/wp\/v2\/tags?post=701813"}],"curies":[{"name":"wp","href":"https:\/\/api.w.org\/{rel}","templated":true}]}}