{"id":702042,"date":"2026-01-08T07:13:15","date_gmt":"2026-01-08T07:13:15","guid":{"rendered":"https:\/\/www.europesays.com\/de\/702042\/"},"modified":"2026-01-08T07:13:15","modified_gmt":"2026-01-08T07:13:15","slug":"muenchen-wo-ist-eigentlich-johann-die-neue-bergdoktor-staffel","status":"publish","type":"post","link":"https:\/\/www.europesays.com\/de\/702042\/","title":{"rendered":"M\u00fcnchen | Wo ist eigentlich Johann? Die neue \u00abBergdoktor\u00bb-Staffel"},"content":{"rendered":"<p>M\u00fcnchen (dpa) &#8211; \u00abDer Bergdoktor\u00bb hat tats\u00e4chlich Ja gesagt. In der letzten Folge der 18. Staffel schleppte Dr. Martin Gruber spontan seine Freundin Karin ins Standesamt. Die Hochzeitsfeier wurde dann allerdings von einem Todesfall \u00fcberschattet. Zwischen Liebesgl\u00fcck und Familiendrama eilt der \u00abBergdoktor\u00bb nat\u00fcrlich wie gewohnt im gr\u00fcnen Oldtimer zu seinen Patienten. Und irgendwie stellt sich die Frage: Was ist eigentlich aus seinem Sohn Johann geworden?<\/p>\n<p>Wie es mit den Grubers weitergeht, erfahren die Zuschauer in der 19. Staffel, die ab 8. Januar immer donnerstags um 20.15 Uhr im ZDF ausgestrahlt wird &#8211; online sind die Episoden jeweils eine Woche vorher verf\u00fcgbar. Drehbuchautor Philipp Roth hat sich mit seinem Autorenteam einmal mehr einige Irrungen und Wirrungen f\u00fcr die beliebte TV-Familie sowie spannende medizinische F\u00e4lle einfallen lassen &#8211; die heile Welt am Fu\u00dfe des Wilden Kaiser ist eben doch nicht so ganz heil.\u00a0<\/p>\n<p>Mit dabei sind neben Dr. Martin Guber (Hans Sigl) jedenfalls wieder dessen Mama Lisbeth (Monika Baumgartner), Tochter Lilli (Ronja Forcher), Bruder Hans (Heiko Ruprecht) samt Tochter Sophia (Ylvi Unertl), die neue Frau Gruber, Karin (Hilde Dalik) sowie Lillis Tante Caro Pfl\u00fcger (Barbara Lanz). Nicht fehlen darf nat\u00fcrlich Dr. Grubers bester und einziger Freund Dr. Alexander Kahnweiler (Mark Keller) mit Ehefrau Dr. Vera Fendrich (Rebecca Immanuel).<\/p>\n<p>Schwer kranke Geschwister<\/p>\n<p>Die ersten zwei Patienten der neuen Staffel sind die Geschwister Mia und Noah Meindl, die gerade neu zugezogen sind. Sophia Gruber lernt Mia zuf\u00e4llig kennen und bemerkt, dass es ihr nicht gut geht. Praktischerweise informiert sie gleich ihren Onkel Martin. Der stellt fest: Mia hat sich Q-Fieber eingefangen, und ihr Zustand ist besorgniserregend.\u00a0<\/p>\n<p>Als Noah zusammenbricht, ist klar: Auch der Junge ist schwer krank. Martin Gruber vermutet einen Gendefekt bei den Geschwistern und sucht Rat bei Dr. Kahnweiler. F\u00fcr das Ehepaar Meindl ist die Diagnose niederschmetternd: F\u00fcr ihre Kinder geht es nun um Leben oder Tod.<\/p>\n<p>Streit um den Landhandel<\/p>\n<p>Der Dauer-Streit um den Chefposten im Landhandel Pfl\u00fcger endet auch nicht mit dem Tod von Firmeninhaber Rolf Pfl\u00fcger (Wolfram Berger). Der wollte seine Enkelin Lilli als Nachfolgerin aufbauen und \u00fcberging damit seine Tochter Caro. Das Gerangel &#8211; um nicht zu sagen: Gezicke &#8211; zwischen Lilli und Caro um die Gunst des Seniors war zuletzt f\u00fcr den Zuschauer etwas anstrengend geworden.<\/p>\n<p>Beide Frauen verhalten sich nicht so recht glaubw\u00fcrdig: Lilli, die gerade das Abitur nachgeholt und als Arzthelferin in der Praxis ihres Vaters ausgeholfen hat, meint, einfach so einen mittelst\u00e4ndischen Betrieb leiten zu k\u00f6nnen, und Caro ihrerseits nervt mit ihrer Attit\u00fcde &#8211; sie tritt auf, als w\u00e4re sie Chefin in einem Weltkonzern. Es droht Ungemach, denn auch das Schicksal der Grubermilch und somit des Gruberhofes h\u00e4ngt vom Schicksal des Landhandels ab.<\/p>\n<p>Liebes-Komplikationen<\/p>\n<p>Hans Gruber hat mit dem Hof schon etliche finanzielle Sorgen ausstehen m\u00fcssen. Nun ist er mit der Bankerin Julia Andermatt (Nathalie Schott) verbandelt &#8211; sein Liebesleben ist nicht weniger komplex als das seines Bruders Martin. Es bahnen sich Interessenkonflikte zwischen Hans und Julia an.<\/p>\n<p>Bei Martin soll mit dem Ja-Wort Schluss sein mit privaten Dramen. Die Liste seiner Verflossenen ist lang: Sonja, Julia, Susanne, Andrea &#8230;. um nur einige zu nennen. Nat\u00fcrlich konnte er in der Regel nichts f\u00fcr das Scheitern. Schicksal, Pech, widrige Umst\u00e4nde waren schuld &#8211; und die Handlung der Serie brauchte aus Gr\u00fcnden der Spannung schlie\u00dflich immer wieder neue Entwicklungen.<\/p>\n<p>Jetzt genie\u00dft Martin jedenfalls mit seiner Frau das junge Ehegl\u00fcck. Er ist bei Karin eingezogen. Weil es aber dazu geh\u00f6rt, dass die Gruber-Br\u00fcder bei Mama Lisbeth auf dem Hof wohnen, wird die neue Zweisamkeit des Arztes und seiner Frau auf die Probe gestellt. Doch Martin wei\u00df: Bei seiner Mama ist immer Platz.<\/p>\n<p>Der vergessene Sohn<\/p>\n<p>Etwas verwunderlich ist aus Zuschauer-Sicht allerdings, dass f\u00fcr seinen Sohn Johann kein Platz mehr zu sein scheint. Dass Dr. Gruber mit der Apothekerin Franziska ein Kind bekommen hat, dominierte \u00fcber etliche Folgen die Handlung. Ende der 15. Staffel zog Franziska mit Johann nach New York.<\/p>\n<p>Dass das Kind vielleicht aus dramaturgischen Gr\u00fcnden jetzt nicht mehr pr\u00e4sent ist, mag noch nachvollziehbar sein. Aber es wird nicht einmal mehr erw\u00e4hnt &#8211; und sei es nur, dass jemand sagt: Franziska hat neue Fotos geschickt oder Martin kehrt gerade von einem Besuch zur\u00fcck. Die Grubers scheinen Johann vergessen zu haben. Oder doch nicht?<\/p>\n","protected":false},"excerpt":{"rendered":"M\u00fcnchen (dpa) &#8211; \u00abDer Bergdoktor\u00bb hat tats\u00e4chlich Ja gesagt. In der letzten Folge der 18. Staffel schleppte Dr.&hellip;\n","protected":false},"author":2,"featured_media":702043,"comment_status":"","ping_status":"","sticky":false,"template":"","format":"standard","meta":{"footnotes":""},"categories":[1827],"tags":[772,29,441,30,62,1268,1433,6406,162040],"class_list":{"0":"post-702042","1":"post","2":"type-post","3":"status-publish","4":"format-standard","5":"has-post-thumbnail","7":"category-muenchen","8":"tag-bayern","9":"tag-deutschland","10":"tag-fernsehen","11":"tag-germany","12":"tag-medien","13":"tag-muenchen","14":"tag-oesterreich","15":"tag-tv-ausblick","16":"tag-zum-8-januar"},"share_on_mastodon":{"url":"https:\/\/pubeurope.com\/@de\/115858243926058314","error":""},"_links":{"self":[{"href":"https:\/\/www.europesays.com\/de\/wp-json\/wp\/v2\/posts\/702042","targetHints":{"allow":["GET"]}}],"collection":[{"href":"https:\/\/www.europesays.com\/de\/wp-json\/wp\/v2\/posts"}],"about":[{"href":"https:\/\/www.europesays.com\/de\/wp-json\/wp\/v2\/types\/post"}],"author":[{"embeddable":true,"href":"https:\/\/www.europesays.com\/de\/wp-json\/wp\/v2\/users\/2"}],"replies":[{"embeddable":true,"href":"https:\/\/www.europesays.com\/de\/wp-json\/wp\/v2\/comments?post=702042"}],"version-history":[{"count":0,"href":"https:\/\/www.europesays.com\/de\/wp-json\/wp\/v2\/posts\/702042\/revisions"}],"wp:featuredmedia":[{"embeddable":true,"href":"https:\/\/www.europesays.com\/de\/wp-json\/wp\/v2\/media\/702043"}],"wp:attachment":[{"href":"https:\/\/www.europesays.com\/de\/wp-json\/wp\/v2\/media?parent=702042"}],"wp:term":[{"taxonomy":"category","embeddable":true,"href":"https:\/\/www.europesays.com\/de\/wp-json\/wp\/v2\/categories?post=702042"},{"taxonomy":"post_tag","embeddable":true,"href":"https:\/\/www.europesays.com\/de\/wp-json\/wp\/v2\/tags?post=702042"}],"curies":[{"name":"wp","href":"https:\/\/api.w.org\/{rel}","templated":true}]}}