{"id":702151,"date":"2026-01-08T08:17:10","date_gmt":"2026-01-08T08:17:10","guid":{"rendered":"https:\/\/www.europesays.com\/de\/702151\/"},"modified":"2026-01-08T08:17:10","modified_gmt":"2026-01-08T08:17:10","slug":"eisschicht-zu-duenn-feuerwehr-rettet-hund-aus-see-in-bremen-niedersachsen","status":"publish","type":"post","link":"https:\/\/www.europesays.com\/de\/702151\/","title":{"rendered":"Eisschicht zu d\u00fcnn: Feuerwehr rettet Hund aus See in Bremen | Niedersachsen"},"content":{"rendered":"<p>Auch wenn seit Tagen Temperaturen um den Gefrierpunkt herrschen, sollten Gew\u00e4sser bisher eher nicht betreten werden. Das hat ein Hund am eigenen Leib erfahren. Wie es dem Tier jetzt geht.<\/p>\n<p id=\"absatz1\" class=\"em_text\">Die Feuerwehr hat einen Hund aus dem Bremer Werdersee gerettet. Es war auf dem nur teilweise zugefrorenen See in das Wasser geraten, wie die Feuerwehr mitteilte. Der Einsatz am Mittwoch habe \u00abnochmal deutlich aufgezeigt, wie gef\u00e4hrlich es nach vor ist, selbst Tiere auf scheinbar zugefrorene Gew\u00e4sser zu lassen\u00bb, betonten die Einsatzkr\u00e4fte.<\/p>\n<p id=\"absatz2\" class=\"em_text\">Das stark unterk\u00fchlte Tier sei direkt in eine Tierklinik gebracht worden, habe diese aber bereits wieder verlassen. Der Hund habe sich am Mittwochnachmittag nicht mehr selbst ans Ufer retten k\u00f6nnen. Ein Feuerwehrmann habe sich zu dem Tier vorgearbeitet und es an Land gebracht. \u00abGl\u00fcck im Ungl\u00fcck!\u00bb, schrieb die Feuerwehr in ihrer Pressemitteilung &#8211; und warnte: \u00abDas Betreten der Eisfl\u00e4chen ist f\u00fcr Mensch und Tier lebensgef\u00e4hrlich!\u00bb<\/p>\n","protected":false},"excerpt":{"rendered":"Auch wenn seit Tagen Temperaturen um den Gefrierpunkt herrschen, sollten Gew\u00e4sser bisher eher nicht betreten werden. Das hat&hellip;\n","protected":false},"author":2,"featured_media":702152,"comment_status":"","ping_status":"","sticky":false,"template":"","format":"standard","meta":{"footnotes":""},"categories":[1824],"tags":[2420,3364,29,156514,985,141740,30],"class_list":{"0":"post-702151","1":"post","2":"type-post","3":"status-publish","4":"format-standard","5":"has-post-thumbnail","7":"category-bremen","8":"tag-bremen","9":"tag-de","10":"tag-deutschland","11":"tag-eisschicht","12":"tag-feuerwehr","13":"tag-gefrierpunkt","14":"tag-germany"},"share_on_mastodon":{"url":"https:\/\/pubeurope.com\/@de\/115858495537567947","error":""},"_links":{"self":[{"href":"https:\/\/www.europesays.com\/de\/wp-json\/wp\/v2\/posts\/702151","targetHints":{"allow":["GET"]}}],"collection":[{"href":"https:\/\/www.europesays.com\/de\/wp-json\/wp\/v2\/posts"}],"about":[{"href":"https:\/\/www.europesays.com\/de\/wp-json\/wp\/v2\/types\/post"}],"author":[{"embeddable":true,"href":"https:\/\/www.europesays.com\/de\/wp-json\/wp\/v2\/users\/2"}],"replies":[{"embeddable":true,"href":"https:\/\/www.europesays.com\/de\/wp-json\/wp\/v2\/comments?post=702151"}],"version-history":[{"count":0,"href":"https:\/\/www.europesays.com\/de\/wp-json\/wp\/v2\/posts\/702151\/revisions"}],"wp:featuredmedia":[{"embeddable":true,"href":"https:\/\/www.europesays.com\/de\/wp-json\/wp\/v2\/media\/702152"}],"wp:attachment":[{"href":"https:\/\/www.europesays.com\/de\/wp-json\/wp\/v2\/media?parent=702151"}],"wp:term":[{"taxonomy":"category","embeddable":true,"href":"https:\/\/www.europesays.com\/de\/wp-json\/wp\/v2\/categories?post=702151"},{"taxonomy":"post_tag","embeddable":true,"href":"https:\/\/www.europesays.com\/de\/wp-json\/wp\/v2\/tags?post=702151"}],"curies":[{"name":"wp","href":"https:\/\/api.w.org\/{rel}","templated":true}]}}